{"id":25034,"date":"2019-09-10T10:10:04","date_gmt":"2019-09-10T14:10:04","guid":{"rendered":"https:\/\/www.greenpeace.org\/canada\/?p=25034"},"modified":"2019-11-06T03:27:13","modified_gmt":"2019-11-06T08:27:13","slug":"appel-a-la-greve-climatique-mondiale-le-27-septembre","status":"publish","type":"post","link":"https:\/\/www.greenpeace.org\/canada\/fr\/blog-des-volontaires\/25034\/appel-a-la-greve-climatique-mondiale-le-27-septembre\/","title":{"rendered":"Appel \u00e0 la gr\u00e8ve climatique mondiale le 27 septembre"},"content":{"rendered":"<p><b>Montr\u00e9al, le 10 septembre 2019 \u2013<\/b><span style=\"font-weight: 400;\"> Devant l\u2019urgence climatique, syndicats, \u00e9tudiants, le milieu communautaire, professionnels de la sant\u00e9 et groupes \u00e9cologistes appellent la soci\u00e9t\u00e9 civile \u00e0 travers le Qu\u00e9bec \u00e0 se joindre au mouvement mondial <\/span><i><span style=\"font-weight: 400;\">Plan\u00e8te en gr\u00e8ve <\/span><\/i><span style=\"font-weight: 400;\">(<\/span><a href=\"https:\/\/globalclimatestrike.net\/\"><span style=\"font-weight: 400;\">Global Climate Strike<\/span><\/a><span style=\"font-weight: 400;\">) le 27 septembre prochain.<\/span><\/p>\n<p><span style=\"font-weight: 400;\">Les manifestations du 27 septembre s\u2019inscrivent dans le cadre d\u2019une semaine internationale d\u2019actions pour le climat, coordonn\u00e9e par <\/span><i><span style=\"font-weight: 400;\">Earthstrike <\/span><\/i><span style=\"font-weight: 400;\">et des dizaines de groupes, dont la Conf\u00e9d\u00e9ration syndicale internationale, Greenpeace, 350.org et Fridays for Future.<\/span><\/p>\n<p><span style=\"font-weight: 400;\">Cette mobilisation exige des gouvernements des actions imm\u00e9diates \u00e0 la hauteur du d\u00e9fi lanc\u00e9 par la science.<\/span> <span style=\"font-weight: 400;\">Elle vise notamment \u00e0 augmenter la pression et \u00e0 construire un rapport de force avec les gouvernements autour du monde qui seront r\u00e9unis \u00e0 New York le 23 septembre pour le Sommet Action Climat 2019 de l\u2019ONU.\u00a0<\/span><\/p>\n<p><span style=\"font-weight: 400;\">\u00c0 l\u2019invitation de <\/span><i><span style=\"font-weight: 400;\">La Plan\u00e8te s\u2019invite au Parlement<\/span><\/i><span style=\"font-weight: 400;\">, Greta Thunberg a accept\u00e9 de marquer le dernier jour de cette semaine de mobilisation avec nous \u00e0 Montr\u00e9al. Depuis plus d\u2019un an, la jeune Su\u00e9doise fait la gr\u00e8ve chaque vendredi apr\u00e8s-midi pour d\u00e9noncer l\u2019inaction des gouvernements face \u00e0 l\u2019urgence climatique.<\/span><\/p>\n<p><i><span style=\"font-weight: 400;\">\u00ab Si tout le monde savait \u00e0 quel point la situation est grave et \u00e0 quel point rien n\u2019est fait, alors ils viendraient tous \u00e0 mes c\u00f4t\u00e9s (\u2026) Nous n\u2019avons aucun autre manifeste politique ou demande que celle-l\u00e0\u00a0: \u00e9coutez la science (\u2026) Si les \u00e9missions de carbone doivent s\u2019arr\u00eater, alors nous devons arr\u00eater les \u00e9missions de carbone. \u00bb<\/span><\/i><\/p>\n<p><span style=\"font-weight: 400;\">&#8211;Greta Thunberg<\/span><\/p>\n<p><b>Maintenant ou jamais<\/b><\/p>\n<p><span style=\"font-weight: 400;\">Le 27 septembre, c\u2019est le moment d\u2019envoyer un message fort aux gouvernements et d\u2019arr\u00eater la machine pour 24 heures en lib\u00e9rant les travailleurs pour qu\u2019ils puissent manifester. Nous appelons les commerces \u00e0 fermer leurs portes, les syndicats et les \u00e9tudiants \u00e0 faire la gr\u00e8ve, et les \u00e9l\u00e8ves \u00e0 quitter leurs cours. Nous appelons la soci\u00e9t\u00e9 civile \u00e0 se retrouver dans les rues du Qu\u00e9bec le vendredi 27 septembre.<\/span><\/p>\n<p><span style=\"font-weight: 400;\">Au Qu\u00e9bec, d\u00e9j\u00e0 sept syndicats et plus de 400 organismes communautaires ont adopt\u00e9 un mandat pour prendre part \u00e0 cette gr\u00e8ve mondiale pour le climat. Plusieurs autres syndicats ont annonc\u00e9 leur intention de tenir un vote de gr\u00e8ve prochainement. Les \u00e9tudiants se mobilisent depuis f\u00e9vrier et voteront aussi des mandats de gr\u00e8ve dans les jours \u00e0 venir. Ce nouveau mouvement interg\u00e9n\u00e9rationnel qu\u00e9b\u00e9cois interpelle d\u00e9sormais l\u2019ensemble de la soci\u00e9t\u00e9 civile.<\/span><\/p>\n<p><span style=\"font-weight: 400;\">Nous saluons \u00e9galement les efforts des centrales syndicales du Qu\u00e9bec qui soutiennent le mouvement par des gestes concrets et originaux. Leur participation \u00e0 la mobilisation du 27 septembre constitue un appui majeur et repr\u00e9sentatif de grands pans de la soci\u00e9t\u00e9. Cette alliance des forces continuera de grandir, car l\u2019urgence climatique l\u2019exige.<\/span><\/p>\n<p><span style=\"font-weight: 400;\">Cette mobilisation d\u00e9but\u00e9e par les \u00e9tudiants a maintenant le devoir de devenir interg\u00e9n\u00e9rationnelle. Le poids de la survie de l\u2019humanit\u00e9 ne peut pas reposer sur les \u00e9paules de la jeunesse. Aujourd\u2019hui, nous r\u00e9pondons \u00e0 l\u2019appel de cette m\u00eame jeunesse\u00a0: c\u2019est l\u2019ensemble de la soci\u00e9t\u00e9 qui doit s\u2019unir pour exiger et mettre en place une transition \u00e9nerg\u00e9tique \u00e0 la hauteur de la crise climatique. Le rapport du GIEC d\u2019octobre dernier est clair; sans une r\u00e9duction mondiale de 45% des gaz \u00e0 effet de serre d\u2019ici 2030 par rapport \u00e0 2010 et de 100% d\u2019ici 2050, notre plan\u00e8te n\u2019a aucune chance. Pour arriver \u00e0 r\u00e9duire nos \u00e9missions comme la science l\u2019exige, nous demandons \u00e0 nos gouvernements d\u2019adopter une loi imposant le respect de ces cibles.\u00a0<\/span><\/p>\n<p><span style=\"font-weight: 400;\">Si le mouvement de lutte contre les changements climatiques en est \u00e0 employer la gr\u00e8ve comme moyen d\u2019action, c\u2019est qu\u2019il ne reste presque plus de temps pour changer de cap. \u00c0 moins d\u2019une transition majeure et rapide, les dommages caus\u00e9s par le r\u00e9chauffement plan\u00e9taire seront irr\u00e9versibles. Les mesures qui devront \u00eatre d\u00e9ploy\u00e9es pour r\u00e9pondre aux catastrophes naturelles co\u00fbteront beaucoup plus cher que si nous agissons tout de suite et ne pourront plus prot\u00e9ger nos \u00e9cosyst\u00e8mes puisqu\u2019il sera trop tard. \u00a0Les gouvernements continuent de justifier leur inaction ou leurs demi-mesures face \u00e0 la crise climatique par des soi-disant imp\u00e9ratifs \u00e9conomiques. Cela n\u2019a aucun sens. Il n\u2019y a pas de travail sur une plan\u00e8te morte.<\/span><\/p>\n<p><span style=\"font-weight: 400;\">Nous affirmons haut et fort \u00e0 notre jeunesse : vous n\u2019\u00eates pas seuls. Nous sommes avec vous dans cette lutte, nous comprenons l\u2018urgence \u00e0 laquelle nous devons faire face, et nous continuerons \u00e0 prendre les mesures n\u00e9cessaires pour que nos gouvernements agissent de fa\u00e7on responsable pour prot\u00e9ger leurs citoyens et la seule plan\u00e8te sur laquelle nous pouvons vivre.\u00a0<\/span><\/p>\n<p style=\"text-align: center;\"><b>-30-<\/b><\/p>\n<p><b>Citations :\u00a0<\/b><\/p>\n<p><span style=\"font-weight: 400;\">\u00ab\u00a0Nous lan\u00e7ons un appel \u00e0 tous les travailleurs. Soyons clairs\u00a0: Nous sommes conscients des limites l\u00e9gales du droit de gr\u00e8ve au Qu\u00e9bec, qui emp\u00eache d\u2019utiliser le droit de gr\u00e8ve \u00e0 des fins politiques. Mais nous appelons \u00e0 d\u00e9sob\u00e9ir. Nous appelons \u00e0 des votes de gr\u00e8ve d\u00e9mocratiques dans tous les syndicats, dans le respect et en toute connaissance des cons\u00e9quences l\u00e9gales. Les syndicats qui se sont d\u00e9j\u00e0 prononc\u00e9s forcent notre admiration. Nous esp\u00e9rons que leur courage en inspirera d\u2019autres.\u00a0\u00bb <\/span><b>&#8211;Fran\u00e7ois Geoffroy, Porte-parole de <\/b><b><i>La Plan\u00e8te s\u2019invite au Parlement.<\/i><\/b><\/p>\n<p>&nbsp;<\/p>\n<p><span style=\"font-weight: 400;\">\u00ab\u00a0Le d\u00e9r\u00e8glement climatique repr\u00e9sente la plus grande menace \u00e0 la sant\u00e9 du 21e si\u00e8cle. Il s\u2019agit aussi de la plus grande opportunit\u00e9 d\u2019am\u00e9liorer le bien-\u00eatre des populations en op\u00e9rant une transition radicale, juste et respectueuse des limites de la plan\u00e8te. En tant que professionnels de la sant\u00e9, nous nous prescrivons collectivement plus d\u2019ambition politique, et soutenons donc le mouvement de gr\u00e8ve climatique mondiale.\u00a0\u00bb &#8212;<\/span><b>Dre Marie-Jo Ouimet, <\/b><b><i>La Plan\u00e8te s\u2019invite dans la Sant\u00e9.<\/i><\/b><\/p>\n<p><span style=\"font-weight: 400;\">\u00ab\u00a0La population comprend de plus en plus que la lutte contre les changements climatiques transcende l\u2019enjeu environnemental et est une question sociale et \u00e9conomique. Des changements syst\u00e9miques sont d\u00e9sormais requis de mani\u00e8re \u00e0 se lib\u00e9rer de l&rsquo;actuelle emprise p\u00e9trogazi\u00e8re. La seule chose qui puisse briser le statu quo et le contr\u00f4le de l\u2019industrie des combustibles fossiles sur nos politiciens est la mobilisation de centaines de milliers de personnes exigeant un changement. Le mouvement pour l&rsquo;action climatique croit et continuera de croitre tant et aussi longtemps que nos politiciens ne deviendront pas les leaders que sont d\u00e9j\u00e0 les \u00e9tudiants.\u00a0\u00bb<\/span><b><i> &#8212; <\/i><\/b><b><i>Patrick Bonin, porte-parole du regroupement des ONG Greenpeace Canada, \u00c9quiterre, la Fondation David Suzuki, Projet de\u00a0 R\u00e9alit\u00e9 Climatique Canada et Oxfam.<\/i><\/b><\/p>\n<p><span style=\"font-weight: 400;\">Les organismes communautaires se sentent interpell\u00e9s par la crise climatique et celle de la biodiversit\u00e9 parce qu\u2019elles vont toucher prioritairement les populations vivant des injustices, c\u2019est-\u00e0-dire celles avec qui ils travaillent au quotidien. Le droit \u00e0 la sant\u00e9, \u00e0 l\u2019alimentation, au logement, \u00e0 un revenu d\u00e9cent, \u00e0 un environnement sain sont menac\u00e9s plus que jamais. Nous pensons que le communautaire a un r\u00f4le d\u2019\u00e9ducation populaire central \u00e0 jouer aupr\u00e8s des personnes laiss\u00e9es pour compte afin que celles-ci puissent \u00eatre au c\u0153ur des processus d\u00e9mocratiques et des d\u00e9bats de soci\u00e9t\u00e9 entourant ces enjeux \u00bb.<\/span><\/p>\n<p><b><i>Caroline Toupin, porte-parole pour la Plan\u00e8te s\u2019invite dans le communautaire<\/i><\/b><\/p>\n<p><span style=\"font-weight: 400;\">\u00ab Le printemps dernier, les jeunes ont promis que la prochaine fois qu\u2019ils prendraient la rue, ils ne serait plus seul.es. Les \u00e9tudiant.es ne peuvent plus \u00eatre laisser \u00e0 eux m\u00eame, c\u2019est pourquoi nous avons besoin de l\u2019ensemble des citoyen.nes avec nous. Au courant de la prochaine ann\u00e9e scolaire les gr\u00e8ves vont s\u2019intensifier et se multiplier, car il est maintenant clair que nous ne sommes plus seul.es. Nous n\u2019avons plus le temps d\u2019attendre, c\u2019est maintenant ou jamais. \u00bb <\/span><b><i>Louis Couillard, co-porte-parole pour La plan\u00e8te s\u2019invite \u00e0 l\u2019Universit\u00e9<\/i><\/b><\/p>\n<p><span style=\"font-weight: 400;\">\u00ab Les journ\u00e9es institutionnelles c\u2019est environ 50.000 c\u00e9g\u00e9piens et c\u00e9g\u00e9piennes \u00e0 qui on a enlev\u00e9 le droit de s\u2019exprimer d\u00e9mocratiquement. Les jeunes veulent reprendre leur futur en main et ils n\u2019accepteront pas de se faire b\u00e2illonner. \u00bb <\/span><b><i>Lylou Sehili, co-porte-parole du DEC<\/i><\/b><\/p>\n<p><b>Pour plus d&rsquo;informations, veuillez contacter :<\/b><\/p>\n<p><span style=\"font-weight: 400;\">Diego Creimer, 514-999-6743, <\/span><a href=\"mailto:dcreimer@davidsuzuki.org\"><span style=\"font-weight: 400;\">dcreimer@davidsuzuki.org<\/span><\/a><span style=\"font-weight: 400;\"> \u2013 Fondation David Suzuki<\/span><\/p>\n<p><span style=\"font-weight: 400;\">Rosemonde Gingras, 514-458-8355, <\/span><a href=\"mailto:rosemonde@rosemondecommunications.com\"><span style=\"font-weight: 400;\">rosemonde@rosemondecommunications.com<\/span><\/a><span style=\"font-weight: 400;\"> \u2013 La Pacte<\/span><\/p>\n<p><span style=\"font-weight: 400;\">Leonard Leclerc, 514-586-7233, <\/span><a href=\"mailto:leonardleclerc2@gmail.com\"><span style=\"font-weight: 400;\">leonardleclerc2@gmail.com<\/span><\/a><span style=\"font-weight: 400;\">\u00a0<\/span><\/p>\n<p>&nbsp;<\/p>\n<p>&nbsp;<\/p>\n<p>&nbsp;<\/p>\n<p>&nbsp;<\/p>\n<p>&nbsp;<\/p>\n<p>&nbsp;<\/p>\n<p>&nbsp;<\/p>\n<p>&nbsp;<\/p>\n<p>&nbsp;<\/p>\n<p>&nbsp;<\/p>\n<p>&nbsp;<\/p>\n<p><b>Compl\u00e9ment d\u2019information<\/b><\/p>\n<p><span style=\"font-weight: 400;\">Liste des manifestations au Qu\u00e9bec<\/span><\/p>\n<p><span style=\"font-weight: 400;\">17 villes <\/span><span style=\"font-weight: 400;\">\u00e0 travers le Qu\u00e9bec<\/span><span style=\"font-weight: 400;\"> organisent des manifestations\u00a0<\/span><\/p>\n<p>&nbsp;<\/p>\n<p><span style=\"font-weight: 400;\">Gatineau\/ Ottawa\u00a0<\/span><\/p>\n<p><a href=\"https:\/\/www.facebook.com\/events\/503480300409640\/?__mref=mb\"><span style=\"font-weight: 400;\">https:\/\/www.facebook.com\/events\/503480300409640\/<\/span><span style=\"font-weight: 400;\"><br \/>\n<\/span><span style=\"font-weight: 400;\"><br \/>\n<\/span><\/a><span style=\"font-weight: 400;\">Montr\u00e9al\u00a0<\/span><\/p>\n<p><a href=\"https:\/\/www.facebook.com\/events\/684365575321446\/?__mref=mb\"><span style=\"font-weight: 400;\">https:\/\/www.facebook.com\/events\/684365575321446\/<\/span><span style=\"font-weight: 400;\"><br \/>\n<\/span><span style=\"font-weight: 400;\"><br \/>\n<\/span><\/a><span style=\"font-weight: 400;\">Qu\u00e9bec <\/span><span style=\"font-weight: 400;\"><br \/>\n<\/span><a href=\"https:\/\/www.facebook.com\/events\/973317869679985\/?__mref=mb\"><span style=\"font-weight: 400;\">https:\/\/www.facebook.com\/events\/973317869679985\/<\/span><span style=\"font-weight: 400;\"><br \/>\n<\/span><span style=\"font-weight: 400;\"><br \/>\n<\/span><\/a><span style=\"font-weight: 400;\">Sherbrooke\u00a0<\/span><\/p>\n<p><a href=\"https:\/\/www.facebook.com\/events\/711564562615678\/?__mref=mb\"><span style=\"font-weight: 400;\">https:\/\/www.facebook.com\/events\/711564562615678\/<\/span><span style=\"font-weight: 400;\"><br \/>\n<\/span><span style=\"font-weight: 400;\"><br \/>\n<\/span><\/a><span style=\"font-weight: 400;\">Trois-Rivi\u00e8res\u00a0<\/span><\/p>\n<p><a href=\"https:\/\/www.facebook.com\/events\/671379840026915\/?__mref=mb\"><span style=\"font-weight: 400;\">https:\/\/www.facebook.com\/events\/671379840026915\/<\/span><span style=\"font-weight: 400;\"><br \/>\n<\/span><span style=\"font-weight: 400;\"><br \/>\n<\/span><\/a><span style=\"font-weight: 400;\">Joliette <\/span><span style=\"font-weight: 400;\"><br \/>\n<\/span><a href=\"https:\/\/www.facebook.com\/events\/392102454769464\/?__mref=mb\"><span style=\"font-weight: 400;\">https:\/\/www.facebook.com\/events\/392102454769464\/<\/span><span style=\"font-weight: 400;\"><br \/>\n<\/span><span style=\"font-weight: 400;\"><br \/>\n<\/span><\/a><span style=\"font-weight: 400;\">Abitibi-T\u00e9miscamingue\u00a0<\/span><\/p>\n<p><a href=\"https:\/\/www.facebook.com\/events\/879134872458470\/?__mref=mb\"><span style=\"font-weight: 400;\">https:\/\/www.facebook.com\/events\/879134872458470\/<\/span><span style=\"font-weight: 400;\"><br \/>\n<\/span><span style=\"font-weight: 400;\"><br \/>\n<\/span><\/a><span style=\"font-weight: 400;\">Laval <\/span><span style=\"font-weight: 400;\"><br \/>\n<\/span><a href=\"https:\/\/www.facebook.com\/events\/719492471902438\/?__mref=mb\"><span style=\"font-weight: 400;\">https:\/\/www.facebook.com\/events\/719492471902438\/<\/span><span style=\"font-weight: 400;\"><br \/>\n<\/span><span style=\"font-weight: 400;\"><br \/>\n<\/span><\/a><span style=\"font-weight: 400;\">Victoriaville <\/span><span style=\"font-weight: 400;\"><br \/>\n<\/span><a href=\"https:\/\/www.facebook.com\/events\/535880143619845\/?__mref=mb\"><span style=\"font-weight: 400;\">https:\/\/www.facebook.com\/events\/535880143619845\/<\/span><span style=\"font-weight: 400;\"><br \/>\n<\/span><span style=\"font-weight: 400;\"><br \/>\n<\/span><\/a><span style=\"font-weight: 400;\">Rimouski <\/span><span style=\"font-weight: 400;\"><br \/>\n<\/span><a href=\"https:\/\/www.facebook.com\/events\/418900368719680\/?__mref=mb\"><span style=\"font-weight: 400;\">https:\/\/www.facebook.com\/events\/418900368719680\/<\/span><span style=\"font-weight: 400;\"><br \/>\n<\/span><span style=\"font-weight: 400;\"><br \/>\n<\/span><\/a><span style=\"font-weight: 400;\">Saint-J\u00e9r\u00f4me <\/span><span style=\"font-weight: 400;\"><br \/>\n<\/span><a href=\"https:\/\/www.facebook.com\/events\/624633891397182\/?__mref=mb\"><span style=\"font-weight: 400;\">https:\/\/www.facebook.com\/events\/624633891397182\/<\/span><span style=\"font-weight: 400;\"><br \/>\n<\/span><span style=\"font-weight: 400;\"><br \/>\n<\/span><\/a><span style=\"font-weight: 400;\">Chicoutimi <\/span><span style=\"font-weight: 400;\"><br \/>\n<\/span><a href=\"https:\/\/www.facebook.com\/events\/522573858554431\/?__mref=mb\"><span style=\"font-weight: 400;\">https:\/\/www.facebook.com\/events\/522573858554431\/<\/span><span style=\"font-weight: 400;\"><br \/>\n<\/span><span style=\"font-weight: 400;\"><br \/>\n<\/span><\/a><span style=\"font-weight: 400;\">St Jean sur Richelieu <\/span><span style=\"font-weight: 400;\"><br \/>\n<\/span><a href=\"https:\/\/www.facebook.com\/events\/297018911165027\/?__mref=mb\"><span style=\"font-weight: 400;\">https:\/\/www.facebook.com\/events\/297018911165027\/<\/span><span style=\"font-weight: 400;\"><br \/>\n<\/span><span style=\"font-weight: 400;\"><br \/>\n<\/span><\/a><span style=\"font-weight: 400;\">Mont-Laurier\u00a0<\/span><\/p>\n<p><a href=\"https:\/\/www.facebook.com\/events\/685354155276616\/?__mref=mb\"><span style=\"font-weight: 400;\">https:\/\/www.facebook.com\/events\/685354155276616\/<\/span><span style=\"font-weight: 400;\"><br \/>\n<\/span><span style=\"font-weight: 400;\"><br \/>\n<\/span><\/a><span style=\"font-weight: 400;\">St-Jovite\/Mont-Tremblant <\/span><span style=\"font-weight: 400;\"><br \/>\n<\/span><a href=\"https:\/\/www.facebook.com\/events\/683663592120116\/?__mref=mb\"><span style=\"font-weight: 400;\">https:\/\/www.facebook.com\/events\/683663592120116\/<\/span><span style=\"font-weight: 400;\"><br \/>\n<\/span><span style=\"font-weight: 400;\"><br \/>\n<\/span><\/a><span style=\"font-weight: 400;\">Alma <\/span><span style=\"font-weight: 400;\"><br \/>\n<\/span><a href=\"https:\/\/www.facebook.com\/events\/472344723343418\/?__mref=mb\"><span style=\"font-weight: 400;\">https:\/\/www.facebook.com\/events\/472344723343418\/<\/span><\/a><\/p>\n<p>&nbsp;<\/p>\n<p><b>\u00a0Manifestations \u00e0 l\u2019\u00e9chelle internationale<\/b><\/p>\n<p><span style=\"font-weight: 400;\">1001 villes dans 84 pays<\/span><\/p>\n<p>&nbsp;<\/p>\n<p><a href=\"https:\/\/www.fridaysforfuture.org\/events\/list?fbclid=IwAR0ewOHAELb1a96pPJrIPdTYdI0xuE5zzBGj2RtX1cv_D6_FwWlelLl5XgA\"><span style=\"font-weight: 400;\">https:\/\/www.fridaysforfuture.org\/events\/list?fbclid=IwAR0ewOHAELb1a96pPJrIPdTYdI0xuE5zzBGj2RtX1cv_D6_FwWlelLl5XgA<\/span><\/a><\/p>\n","protected":false},"excerpt":{"rendered":"<p>Montr\u00e9al, le 10 septembre 2019 \u2013 Devant l\u2019urgence climatique, syndicats, \u00e9tudiants, le milieu communautaire, professionnels de la sant\u00e9 et groupes \u00e9cologistes appellent la soci\u00e9t\u00e9 civile \u00e0 travers le Qu\u00e9bec \u00e0&hellip;<\/p>\n","protected":false},"author":19,"featured_media":25615,"comment_status":"open","ping_status":"open","sticky":false,"template":"","format":"standard","meta":{"ep_exclude_from_search":false,"p4_og_title":"","p4_og_description":"","p4_og_image":"","p4_og_image_id":"","p4_seo_canonical_url":"","p4_campaign_name":"not set","p4_local_project":"","p4_basket_name":"not set","p4_department":"","footnotes":""},"categories":[21],"tags":[41,49],"p4-page-type":[],"class_list":["post-25034","post","type-post","status-publish","format-standard","has-post-thumbnail","hentry","category-vivre-de-facon-durable","tag-climat","tag-solutionsenergetiques"],"_links":{"self":[{"href":"https:\/\/www.greenpeace.org\/canada\/fr\/wp-json\/wp\/v2\/posts\/25034","targetHints":{"allow":["GET"]}}],"collection":[{"href":"https:\/\/www.greenpeace.org\/canada\/fr\/wp-json\/wp\/v2\/posts"}],"about":[{"href":"https:\/\/www.greenpeace.org\/canada\/fr\/wp-json\/wp\/v2\/types\/post"}],"author":[{"embeddable":true,"href":"https:\/\/www.greenpeace.org\/canada\/fr\/wp-json\/wp\/v2\/users\/19"}],"replies":[{"embeddable":true,"href":"https:\/\/www.greenpeace.org\/canada\/fr\/wp-json\/wp\/v2\/comments?post=25034"}],"version-history":[{"count":2,"href":"https:\/\/www.greenpeace.org\/canada\/fr\/wp-json\/wp\/v2\/posts\/25034\/revisions"}],"predecessor-version":[{"id":25036,"href":"https:\/\/www.greenpeace.org\/canada\/fr\/wp-json\/wp\/v2\/posts\/25034\/revisions\/25036"}],"wp:featuredmedia":[{"embeddable":true,"href":"https:\/\/www.greenpeace.org\/canada\/fr\/wp-json\/wp\/v2\/media\/25615"}],"wp:attachment":[{"href":"https:\/\/www.greenpeace.org\/canada\/fr\/wp-json\/wp\/v2\/media?parent=25034"}],"wp:term":[{"taxonomy":"category","embeddable":true,"href":"https:\/\/www.greenpeace.org\/canada\/fr\/wp-json\/wp\/v2\/categories?post=25034"},{"taxonomy":"post_tag","embeddable":true,"href":"https:\/\/www.greenpeace.org\/canada\/fr\/wp-json\/wp\/v2\/tags?post=25034"},{"taxonomy":"p4-page-type","embeddable":true,"href":"https:\/\/www.greenpeace.org\/canada\/fr\/wp-json\/wp\/v2\/p4-page-type?post=25034"}],"curies":[{"name":"wp","href":"https:\/\/api.w.org\/{rel}","templated":true}]}}