{"id":27781,"date":"2019-12-03T16:17:35","date_gmt":"2019-12-03T21:17:35","guid":{"rendered":"https:\/\/www.greenpeace.org\/canada\/?p=27781"},"modified":"2019-12-03T16:58:00","modified_gmt":"2019-12-03T21:58:00","slug":"la-crise-climatique-est-une-crise-des-oceans-2","status":"publish","type":"post","link":"https:\/\/www.greenpeace.org\/canada\/fr\/blog-des-volontaires\/27781\/la-crise-climatique-est-une-crise-des-oceans-2\/","title":{"rendered":"La crise climatique est une crise des oc\u00e9ans"},"content":{"rendered":"\n<p><strong>*SOUS EMBARGO JUSQU\u2019\u00c0 20H EST LE MARDI 3 D\u00c9CEMBRE 2019&nbsp;<\/strong><br><\/p>\n\n<p><strong>Pour diffusion imm\u00e9diate<\/strong><\/p>\n\n<p><strong>4 D\u00e9cembre 2019<\/strong><\/p>\n\n<p><strong>La crise climatique est une crise des oc\u00e9ans &#8211;<\/strong><\/p>\n\n<p><strong>&nbsp;Le rapport de Greenpeace appelle \u00e0 une r\u00e9ponse politique mondiale urgente <\/strong><strong><br><\/strong><strong>face \u00e0 la d\u00e9gradation des oc\u00e9ans<\/strong><br><\/p>\n\n<p><strong>Montr\u00e9al <\/strong>&#8211; L&rsquo;impact de la crise climatique sur nos oc\u00e9ans a de profondes implications pour la biodiversit\u00e9 et l&rsquo;humanit\u00e9 qui n\u00e9cessitent une r\u00e9ponse politique mondiale urgente dans les 12 prochains mois, pr\u00e9vient un nouveau rapport de Greenpeace International. <a href=\"http:\/\/greenpeace.org\/international\/in-hot-water\"><em>Dans l&rsquo;eau chaude : La crise climatique et l\u2019urgence de prot\u00e9ger les oc\u00e9ans<\/em><\/a> (en anglais) pr\u00e9vient que la d\u00e9gradation des oc\u00e9ans r\u00e9sultant de l&rsquo;utilisation des combustibles fossiles est rapide et \u00e0 grande \u00e9chelle. Les \u00e9missions d\u2019origine anthropique perturbent d\u00e9j\u00e0 la structure et les fonctions des \u00e9cosyst\u00e8mes oc\u00e9aniques \u00e0 travers le monde et entra\u00eenent le r\u00e9chauffement des oc\u00e9ans, leur acidification et leur d\u00e9soxyg\u00e9nation, ainsi que l&rsquo;\u00e9l\u00e9vation du niveau de la mer.&nbsp;<br><\/p>\n\n<p>\u00ab L&rsquo;oc\u00e9an se r\u00e9chauffe, son niveau s&rsquo;\u00e9l\u00e8ve et sa chimie m\u00eame est en train de changer. Pour toute vie sur cette plan\u00e8te, la crise climatique est aussi une crise des oc\u00e9ans, et nous sommes d\u00e9j\u00e0 dans l&rsquo;eau chaude \u00bb,<strong> a d\u00e9clar\u00e9 Taehyun Park, conseiller politique sur les questions climatiques chez Greenpeace Asie de l\u2019Est. <\/strong>\u00ab Les oc\u00e9ans ne devraient pas \u00eatre rel\u00e9gu\u00e9s au second plan : ils procurent de l\u2019oxyg\u00e8ne \u00e0 chacun d&rsquo;entre nous et des millions de personnes en d\u00e9pendent pour leur s\u00e9curit\u00e9 alimentaire. \u00bb<br><\/p>\n\n<p>Le rapport pr\u00e9conise une action coordonn\u00e9e de la part des gouvernements.&nbsp; L&rsquo;ann\u00e9e \u00e0 venir offre \u00e0 ce titre une \u00ab fen\u00eatre d\u2019opportunit\u00e9s unique \u00bb aux dirigeants de ce monde pour s&rsquo;attaquer \u00e0 la perte de biodiversit\u00e9, ainsi qu\u2019\u00e0 la d\u00e9gradation du climat et des oc\u00e9ans \u00e0 l\u2019\u00e9chelle mondiale. Les \u00c9tats doivent d\u00e9montrer davantage d\u2019ambition dans leurs objectifs nationaux de r\u00e9duction des \u00e9missions de gaz \u00e0 effet de serre notamment lors des sommets sur le climat en Espagne et au Royaume-Uni. Ils doivent \u00e9galement prioriser l\u2019adoption d\u2019un trait\u00e9 mondial sur les oc\u00e9ans \u00e0 l&rsquo;ONU d&rsquo;ici la fin 2020 et s&rsquo;engager \u00e0 prot\u00e9ger 30% des oc\u00e9ans d&rsquo;ici 2030 en appuyant la cr\u00e9ation d\u2019un vaste r\u00e9seau de sanctuaires marins lors du sommet de la Convention sur la diversit\u00e9 biologique organis\u00e9 en Chine en octobre 2020.<br><\/p>\n\n<p>\u00ab L\u2019urgence de prot\u00e9ger les oc\u00e9ans ne peut \u00eatre dissoci\u00e9e de l\u2019urgence climatique. Alors que le nouveau cabinet f\u00e9d\u00e9ral canadien est en train de fixer ses priorit\u00e9s, la crise climatique et les moyens de l&rsquo;att\u00e9nuer doivent \u00eatre au centre des discussions \u00bb, <strong>a d\u00e9clar\u00e9 Agn\u00e8s Le Rouzic, charg\u00e9e de campagne Oc\u00e9ans et Plastique chez Greenpeace Canada. <\/strong>\u00ab Plus sp\u00e9cifiquement, Greenpeace exhorte les ministres des P\u00eaches, des Oc\u00e9ans et de la Garde c\u00f4ti\u00e8re canadienne, de l&rsquo;Environnement et du Changement climatique, et des Affaires \u00e9trang\u00e8res \u00e0 travailler de concert pour s&rsquo;assurer que l&rsquo;engagement du Canada \u00e0 prot\u00e9ger les oc\u00e9ans s&rsquo;\u00e9tende au del\u00e0 des eaux nationales. Un trait\u00e9 mondial ambitieux sur les oc\u00e9ans n\u00e9cessite qu\u2019au moins 30 % des oc\u00e9ans soient prot\u00e9g\u00e9s d&rsquo;ici 2030. Greenpeace a propos\u00e9 une&nbsp; feuille de route pour le faire, il ne manque que l\u2019appui des gouvernements. \u00bb<br><\/p>\n\n<p>Les oc\u00e9ans sont des alli\u00e9s essentiels dans la lutte contre le d\u00e9r\u00e8glement climatique. Prot\u00e9ger au moins 30 % des oc\u00e9ans gr\u00e2ce \u00e0 un r\u00e9seau de sanctuaires permettrait de renforcer la r\u00e9silience des \u00e9cosyst\u00e8mes marins, tout en contribuant \u00e0 att\u00e9nuer le d\u00e9r\u00e8glement climatique en pr\u00e9servant la s\u00e9questration et le stockage du carbone. Le rapport indique que les \u00e9cosyst\u00e8mes oc\u00e9aniques sont les plus touch\u00e9s par les changements climatiques. Il recommande aux gouvernements des aires de protection prioritaires. Il s&rsquo;agit notamment des deux p\u00f4les de l&rsquo;Arctique et de l&rsquo;Antarctique, de zones sensibles pour les baleines, des r\u00e9cifs coralliens, des mangroves, des prairies sous-marines, de la mer des Sargasses dans l&rsquo;Atlantique, de la zone m\u00e9sop\u00e9lagique et des grands fonds marins, dont le rapport indique qu&rsquo;ils devraient rester hors d\u2019atteinte de l\u2019industrie mini\u00e8re en eau profonde.&nbsp;<br><\/p>\n\n<p>FIN<br><\/p>\n\n<p><strong>Pour plus d\u2019informations, veuillez contacter:<\/strong><br><\/p>\n\n<p>Loujain Kurdi, Conseill\u00e8re aux Communications,<strong> <\/strong><a href=\"mailto:lokurdi@greenpeace.org\"><strong>lokurdi@greenpeace.org<\/strong><\/a><strong>, 514-577-6657<\/strong><br><\/p>\n\n<p><strong>Notes<\/strong><br><\/p>\n\n<p>Le rapport complet, <em>Dans l&rsquo;eau chaude : La crise climatique et l\u2019urgence de prot\u00e9ger les oc\u00e9ans<\/em> est disponible en anglais ici : <a href=\"http:\/\/greenpeace.org\/international\/in-hot-water\">https:\/\/www.greenpeace.org\/international\/publication\/27261\/in-hot-water\/<\/a>&nbsp;<br><\/p>\n\n<p>Pour acc\u00e9der aux images du rapport:<a href=\"https:\/\/media.greenpeace.org\/collection\/27MZIFJ8EUQHJ\">https:\/\/media.greenpeace.org\/collection\/27MZIFJ8EUQHJ<\/a><\/p>\n","protected":false},"excerpt":{"rendered":"<p>*SOUS EMBARGO JUSQU\u2019\u00c0 20H EST LE MARDI 3 D\u00c9CEMBRE 2019&nbsp; Pour diffusion imm\u00e9diate 4 D\u00e9cembre 2019 La crise climatique est une crise des oc\u00e9ans &#8211; &nbsp;Le rapport de Greenpeace appelle&hellip;<\/p>\n","protected":false},"author":19,"featured_media":27782,"comment_status":"open","ping_status":"open","sticky":false,"template":"","format":"standard","meta":{"ep_exclude_from_search":false,"p4_og_title":"","p4_og_description":"","p4_og_image":"","p4_og_image_id":"","p4_seo_canonical_url":"","p4_campaign_name":"not set","p4_local_project":"","p4_basket_name":"not set","p4_department":"","footnotes":""},"categories":[19],"tags":[41,46,49],"p4-page-type":[],"class_list":["post-27781","post","type-post","status-publish","format-standard","has-post-thumbnail","hentry","category-nature-fr","tag-climat","tag-oceans-fr","tag-solutionsenergetiques"],"_links":{"self":[{"href":"https:\/\/www.greenpeace.org\/canada\/fr\/wp-json\/wp\/v2\/posts\/27781","targetHints":{"allow":["GET"]}}],"collection":[{"href":"https:\/\/www.greenpeace.org\/canada\/fr\/wp-json\/wp\/v2\/posts"}],"about":[{"href":"https:\/\/www.greenpeace.org\/canada\/fr\/wp-json\/wp\/v2\/types\/post"}],"author":[{"embeddable":true,"href":"https:\/\/www.greenpeace.org\/canada\/fr\/wp-json\/wp\/v2\/users\/19"}],"replies":[{"embeddable":true,"href":"https:\/\/www.greenpeace.org\/canada\/fr\/wp-json\/wp\/v2\/comments?post=27781"}],"version-history":[{"count":1,"href":"https:\/\/www.greenpeace.org\/canada\/fr\/wp-json\/wp\/v2\/posts\/27781\/revisions"}],"predecessor-version":[{"id":27784,"href":"https:\/\/www.greenpeace.org\/canada\/fr\/wp-json\/wp\/v2\/posts\/27781\/revisions\/27784"}],"wp:featuredmedia":[{"embeddable":true,"href":"https:\/\/www.greenpeace.org\/canada\/fr\/wp-json\/wp\/v2\/media\/27782"}],"wp:attachment":[{"href":"https:\/\/www.greenpeace.org\/canada\/fr\/wp-json\/wp\/v2\/media?parent=27781"}],"wp:term":[{"taxonomy":"category","embeddable":true,"href":"https:\/\/www.greenpeace.org\/canada\/fr\/wp-json\/wp\/v2\/categories?post=27781"},{"taxonomy":"post_tag","embeddable":true,"href":"https:\/\/www.greenpeace.org\/canada\/fr\/wp-json\/wp\/v2\/tags?post=27781"},{"taxonomy":"p4-page-type","embeddable":true,"href":"https:\/\/www.greenpeace.org\/canada\/fr\/wp-json\/wp\/v2\/p4-page-type?post=27781"}],"curies":[{"name":"wp","href":"https:\/\/api.w.org\/{rel}","templated":true}]}}