{"id":28159,"date":"2020-01-15T09:54:09","date_gmt":"2020-01-15T14:54:09","guid":{"rendered":"https:\/\/www.greenpeace.org\/canada\/?p=28159"},"modified":"2021-12-06T06:30:56","modified_gmt":"2021-12-06T11:30:56","slug":"les-createurs-de-wallace-et-gromit-lancent-avec-greenpeace-un-nouveau-film-danimation-sur-les-oceans","status":"publish","type":"post","link":"https:\/\/www.greenpeace.org\/canada\/fr\/press-release\/28159\/les-createurs-de-wallace-et-gromit-lancent-avec-greenpeace-un-nouveau-film-danimation-sur-les-oceans\/","title":{"rendered":"Les cr\u00e9ateurs de Wallace &amp; Gromit et Greenpeace lancent un nouveau film d&rsquo;animation sur les oc\u00e9ans"},"content":{"rendered":"\n<figure class=\"wp-block-embed-youtube wp-block-embed is-type-video is-provider-youtube wp-embed-aspect-16-9 wp-has-aspect-ratio\"><div class=\"wp-block-embed__wrapper\">\n<lite-youtube style=\"background-image: url('https:\/\/i.ytimg.com\/vi\/G4VQGBDq0nI\/hqdefault.jpg');\" videoid=\"G4VQGBDq0nI\" params=\"rel=0\"><\/lite-youtube>\n<\/div><\/figure>\n\n<p>Montr\u00e9al \u2013 Les studios Aardman, cr\u00e9ateurs de Wallace et Gromit, Chicken Run et Shaun le mouton, se sont associ\u00e9s \u00e0 Greenpeace pour cr\u00e9er un court-m\u00e9trage, mettant en lumi\u00e8re <strong>les menaces auxquelles nos oc\u00e9ans sont confront\u00e9s et l&rsquo;importance de les prot\u00e9ger.<\/strong> Des personnalit\u00e9s comme Bella Ramsey (Game of Thrones), David Harbour (Stranger Things), Olivia Colman (The Crown) et Helen Mirren (The Queen) ont pr\u00eat\u00e9 leur voix aux personnages de la version anglaise.<\/p>\n\n<p>Vous pouvez visionner la vid\u00e9o en <a rel=\"noreferrer noopener\" aria-label=\"fran\u00e7ais (opens in a new tab)\" href=\"https:\/\/www.youtube.com\/watch?v=G4VQGBDq0nI\" target=\"_blank\">fran\u00e7ais<\/a> ou en <a rel=\"noreferrer noopener\" aria-label=\"anglais (opens in a new tab)\" href=\"https:\/\/www.youtube.com\/watch?v=r0pftN56XOw\" target=\"_blank\">anglais<\/a>. <\/p>\n\n<p><em>Le Voyage des Tortues<\/em> raconte l&rsquo;histoire tragique d&rsquo;une famille de tortues essayant de rentrer chez elle, dans <strong>un oc\u00e9an qui est de plus en plus menac\u00e9 par le changement climatique, la pollution plastique, les forages p\u00e9troliers et la surp\u00eache.&nbsp;<\/strong><\/p>\n\n<p>\u00ab Je suis ravie d&rsquo;avoir travaill\u00e9 sur ce film poignant avec Greenpeace et Aardman, a d\u00e9clar\u00e9 Olivia Colman, actrice oscaris\u00e9e en 2019, qui pr\u00eate sa voix \u00e0 la m\u00e8re de la famille de tortues. Nos oc\u00e9ans sont confront\u00e9s \u00e0 de nombreuses menaces, dont je n&rsquo;\u00e9tais m\u00eame pas au courant avant cela. L&rsquo;histoire de cette famille de tortues essayant de rentrer chez elle dans un oc\u00e9an en p\u00e9ril est une r\u00e9alit\u00e9 pour tant de cr\u00e9atures marines dont l&rsquo;habitat est d\u00e9truit par les activit\u00e9s humaines. <strong>Si nous n&rsquo;agissons pas maintenant, nous risquons de causer des dommages irr\u00e9versibles \u00e0 nos oc\u00e9ans et de perdre des esp\u00e8ces pour de bon. <\/strong>J&rsquo;esp\u00e8re que ce film inspirera plus de gens \u00e0 agir pour prot\u00e9ger nos oc\u00e9ans. \u00bb<\/p>\n\n<p>Le film d&rsquo;Aardman a \u00e9t\u00e9 produit dans le cadre de la campagne internationale de Greenpeace pour prot\u00e9ger les oc\u00e9ans. Depuis avril 2019, une exp\u00e9dition maritime relie l&rsquo;Arctique \u00e0 l&rsquo;Antarctique pour documenter les menaces qui p\u00e8sent sur les oc\u00e9ans et mettre en valeur la richesse des \u00e9cosyst\u00e8mes marins. <strong>Greenpeace appelle \u00e0 la protection d\u2019au moins 30% des oc\u00e9ans d&rsquo;ici \u00e0 2030 gr\u00e2ce \u00e0 la cr\u00e9ation d\u2019un vaste r\u00e9seau de r\u00e9serves marines.<\/strong> Un trait\u00e9 mondial sur les oc\u00e9ans est actuellement en discussion aux Nations unies : s\u2019il est suffisamment fort et ambitieux, il serait une premi\u00e8re \u00e9tape essentielle vers la r\u00e9alisation de cet objectif.<\/p>\n\n<p class=\"has-text-align-center\">-30-<\/p>\n\n<p><strong>Notes&nbsp;<\/strong><\/p>\n\n<p><a href=\"https:\/\/media.greenpeace.org\/CS.aspx?VP3=SearchResult&amp;VBID=27MZVNHUF8TB\" target=\"_blank\" rel=\"noreferrer noopener\" aria-label=\"Photos du film et du tournage. (opens in a new tab)\">Photos du film et du tournage.<\/a><\/p>\n\n<p>Le rapport <em><a rel=\"noreferrer noopener\" aria-label=\"Turtles Under Threat: Why the world\u2019s ultimate ocean wanderers need protection (opens in a new tab)\" href=\"https:\/\/www.greenpeace.org\/canada\/wp-admin\/upload.php?item=28145\" target=\"_blank\">Turtles Under Threat: Why the world\u2019s ultimate ocean wanderers need protection<\/a>,<\/em> a \u00e9t\u00e9 r\u00e9dig\u00e9&nbsp;par Greenpeace international en collaboration avec Damien Chevallier et d\u2019autres scientifiques de l\u2019Institut plurisciplinaire Hubert Curien (IPHC) du Centre national de la recherche scientifique (CNRS), durant l&rsquo;exp\u00e9dition maritime reliant l&rsquo;Arctique \u00e0 l&rsquo;Antarctique en Juin 2019.&nbsp;<\/p>\n\n<p><strong>Pour plus d\u2019informations, veuillez contacter:<\/strong><\/p>\n\n<p>Laura Bergamo, conseill\u00e8re aux communications, Greenpeace Canada<\/p>\n\n<p><a href=\"mailto:lbergamo@greenpeace.org\">lbergamo@greenpeace.org<\/a>, +1 438 928-5237<\/p>\n\t\t\t<section\n\t\t\tclass=\"boxout post-24054 \"\n\t\t\t\n\t\t>\n\t\t\t<a\n\t\t\t\tdata-ga-category=\"Take Action Boxout\"\n\t\t\t\tdata-ga-action=\"Image\"\n\t\t\t\tdata-ga-label=\"n\/a\"\n\t\t\t\tclass=\"cover-card-overlay\"\n\t\t\t\thref=\"https:\/\/www.greenpeace.org\/canada\/fr\/agir\/protegeons-les-oceans\/\" \n\t\t\t><\/a>\n\t\t\t\t\t\t\t<img\n\t\t\t\t\t\tsrc=\"https:\/\/www.greenpeace.org\/static\/planet4-canada-stateless\/2019\/07\/ab2e16b7-gp0stsdze-1024x614.jpg\"\n\t\t\t\t\t\tsrcset=\"https:\/\/www.greenpeace.org\/static\/planet4-canada-stateless\/2019\/07\/ab2e16b7-gp0stsdze-300x180.jpg 300w, https:\/\/www.greenpeace.org\/static\/planet4-canada-stateless\/2019\/07\/ab2e16b7-gp0stsdze-768x461.jpg 768w, https:\/\/www.greenpeace.org\/static\/planet4-canada-stateless\/2019\/07\/ab2e16b7-gp0stsdze-1024x614.jpg 1024w, https:\/\/www.greenpeace.org\/static\/planet4-canada-stateless\/2019\/07\/ab2e16b7-gp0stsdze-510x306.jpg 510w, https:\/\/www.greenpeace.org\/static\/planet4-canada-stateless\/2019\/07\/ab2e16b7-gp0stsdze.jpg 1200w\"\n\t\t\t\t\t\tsizes=\"(min-width: 1000px) 358px, (min-width: 780px) 313px, 88px\"\n\t\t\t\t\t\talt=\"Manta Ray off Nusa Penida Island. \u00a9 Paul Hilton \/ Greenpeace\" title=\"Manta Ray off Nusa Penida Island. \u00a9 Paul Hilton \/ Greenpeace\"\n\t\t\t\t\/>\n            \t\t\t<div class=\"boxout-content\">\n\t\t\t\t\t\t\t\t\t<a\n\t\t\t\t\t\tclass=\"boxout-heading medium\"\n\t\t\t\t\t\tdata-ga-category=\"Take Action Boxout\"\n\t\t\t\t\t\tdata-ga-action=\"Title\"\n\t\t\t\t\t\tdata-ga-label=\"n\/a\"\n\t\t\t\t\t\thref=\"https:\/\/www.greenpeace.org\/canada\/fr\/agir\/protegeons-les-oceans\/\"\n\t\t\t\t\t\t\n\t\t\t\t\t>\n\t\t\t\t\t\tProt\u00e9geons les Oc\u00e9ans\n\t\t\t\t\t<\/a>\n\t\t\t\t\t\t\t\t\t\t\t\t\t<p class=\"boxout-excerpt\">Les oc\u00e9ans produisent la moiti\u00e9 de l\u2019oxyg\u00e8ne que nous respirons, de la nourriture pour un milliard de personnes, et un refuge pour certaines des esp\u00e8ces sauvages les plus spectaculaires de la Terre. Mais les impacts du changement climatique, la pollution et les industries destructrices signifient qu&rsquo;ils sont plus en danger que jamais.<\/p>\n\t\t\t\t                                    <a\n                        class=\"btn btn-primary\"\n                        data-ga-category=\"Take Action Boxout\"\n                        data-ga-action=\"Call to Action\"\n                        data-ga-label=\"n\/a\"\n                        href=\"https:\/\/www.greenpeace.org\/canada\/fr\/agir\/protegeons-les-oceans\/\"\n                        \n                    >\n                        Passer \u00e0 l&#039;action\n                    <\/a>\n                \t\t\t<\/div>\n\t\t\t\t\t<\/section>\n\t","protected":false},"excerpt":{"rendered":"<p>Les studios Aardman, cr\u00e9ateurs de Wallace et Gromit, Chicken Run et Shaun le mouton, se sont associ\u00e9s \u00e0 Greenpeace pour cr\u00e9er un court-m\u00e9trage, mettant en lumi\u00e8re les menaces auxquelles nos oc\u00e9ans sont confront\u00e9s et l&rsquo;importance de les prot\u00e9ger. Des personnalit\u00e9s comme Bella Ramsey (Game of Thrones), David Harbour (Stranger Things), Olivia Colman (The Crown) ou encore Helen Mirren (The Queen) ont pr\u00eat\u00e9 leur voix aux personnages de la version anglaise.<\/p>\n","protected":false},"author":77,"featured_media":28165,"comment_status":"open","ping_status":"open","sticky":false,"template":"","format":"standard","meta":{"ep_exclude_from_search":false,"p4_og_title":"Les cr\u00e9ateurs de Wallace et Gromit lancent avec Greenpeace un nouveau film d'animation sur les oc\u00e9ans","p4_og_description":"<p>Les studios Aardman, cr\u00e9ateurs de Wallace et Gromit, Chicken Run et Shaun le mouton, se sont associ\u00e9s \u00e0 Greenpeace pour cr\u00e9er un court-m\u00e9trage, mettant en lumi\u00e8re les menaces auxquelles nos oc\u00e9ans sont confront\u00e9s et l'importance de les prot\u00e9ger. Des personnalit\u00e9s comme Bella Ramsey (Game of Thrones), David Harbour (Stranger Things), Olivia Colman (The Crown) ou encore Helen Mirren (The Queen) ont pr\u00eat\u00e9 leur voix aux personnages de la version anglaise.<\/p>","p4_og_image":"https:\/\/www.greenpeace.org\/static\/planet4-canada-stateless\/2020\/01\/820be9f3-gp0stuf27_web_size.jpg","p4_og_image_id":"28165","p4_seo_canonical_url":"","p4_campaign_name":"Ocean Sanctuaries","p4_local_project":"","p4_basket_name":"Oceans","p4_department":"","footnotes":""},"categories":[19],"tags":[46],"p4-page-type":[183],"class_list":["post-28159","post","type-post","status-publish","format-standard","has-post-thumbnail","hentry","category-nature-fr","tag-oceans-fr","p4-page-type-communique-de-presse"],"_links":{"self":[{"href":"https:\/\/www.greenpeace.org\/canada\/fr\/wp-json\/wp\/v2\/posts\/28159","targetHints":{"allow":["GET"]}}],"collection":[{"href":"https:\/\/www.greenpeace.org\/canada\/fr\/wp-json\/wp\/v2\/posts"}],"about":[{"href":"https:\/\/www.greenpeace.org\/canada\/fr\/wp-json\/wp\/v2\/types\/post"}],"author":[{"embeddable":true,"href":"https:\/\/www.greenpeace.org\/canada\/fr\/wp-json\/wp\/v2\/users\/77"}],"replies":[{"embeddable":true,"href":"https:\/\/www.greenpeace.org\/canada\/fr\/wp-json\/wp\/v2\/comments?post=28159"}],"version-history":[{"count":14,"href":"https:\/\/www.greenpeace.org\/canada\/fr\/wp-json\/wp\/v2\/posts\/28159\/revisions"}],"predecessor-version":[{"id":51344,"href":"https:\/\/www.greenpeace.org\/canada\/fr\/wp-json\/wp\/v2\/posts\/28159\/revisions\/51344"}],"wp:featuredmedia":[{"embeddable":true,"href":"https:\/\/www.greenpeace.org\/canada\/fr\/wp-json\/wp\/v2\/media\/28165"}],"wp:attachment":[{"href":"https:\/\/www.greenpeace.org\/canada\/fr\/wp-json\/wp\/v2\/media?parent=28159"}],"wp:term":[{"taxonomy":"category","embeddable":true,"href":"https:\/\/www.greenpeace.org\/canada\/fr\/wp-json\/wp\/v2\/categories?post=28159"},{"taxonomy":"post_tag","embeddable":true,"href":"https:\/\/www.greenpeace.org\/canada\/fr\/wp-json\/wp\/v2\/tags?post=28159"},{"taxonomy":"p4-page-type","embeddable":true,"href":"https:\/\/www.greenpeace.org\/canada\/fr\/wp-json\/wp\/v2\/p4-page-type?post=28159"}],"curies":[{"name":"wp","href":"https:\/\/api.w.org\/{rel}","templated":true}]}}