{"id":28361,"date":"2020-01-22T18:00:00","date_gmt":"2020-01-22T23:00:00","guid":{"rendered":"https:\/\/www.greenpeace.org\/canada\/?p=28361"},"modified":"2020-01-24T09:18:11","modified_gmt":"2020-01-24T14:18:11","slug":"teck-frontier-pourrait-devenir-lune-des-plus-grandes-mines-de-sables-bitumineux-et-nous-pouvons-encore-empecher-son-approbation","status":"publish","type":"post","link":"https:\/\/www.greenpeace.org\/canada\/fr\/blog-des-volontaires\/28361\/teck-frontier-pourrait-devenir-lune-des-plus-grandes-mines-de-sables-bitumineux-et-nous-pouvons-encore-empecher-son-approbation\/","title":{"rendered":"Teck Frontier pourrait devenir l&rsquo;une des plus grandes mines de sables bitumineux. Et nous pouvons encore emp\u00eacher son approbation."},"content":{"rendered":"\n<p><strong>Si le projet est approuv\u00e9 par le cabinet de Justin Trudeau en f\u00e9vrier 2020, Teck Frontier sera l\u2019une des plus grandes mines de sables bitumineux jamais creus\u00e9es.<\/strong><\/p>\n\n<div class=\"wp-block-image  caption-style-blue-overlay caption-alignment-center\"><figure class=\"aligncenter size-large is-resized\"><img loading=\"lazy\" decoding=\"async\" src=\"https:\/\/www.greenpeace.org\/static\/planet4-canada-stateless\/2020\/01\/4a891892-no-tar-sands-mine-here-fr.png\" alt=\"\" class=\"wp-image-28435\" width=\"369\" height=\"369\" srcset=\"https:\/\/www.greenpeace.org\/static\/planet4-canada-stateless\/2020\/01\/4a891892-no-tar-sands-mine-here-fr.png 800w, https:\/\/www.greenpeace.org\/static\/planet4-canada-stateless\/2020\/01\/4a891892-no-tar-sands-mine-here-fr-300x300.png 300w, https:\/\/www.greenpeace.org\/static\/planet4-canada-stateless\/2020\/01\/4a891892-no-tar-sands-mine-here-fr-150x150.png 150w, https:\/\/www.greenpeace.org\/static\/planet4-canada-stateless\/2020\/01\/4a891892-no-tar-sands-mine-here-fr-768x768.png 768w, https:\/\/www.greenpeace.org\/static\/planet4-canada-stateless\/2020\/01\/4a891892-no-tar-sands-mine-here-fr-340x340.png 340w\" sizes=\"auto, (max-width: 369px) 100vw, 369px\" \/><figcaption>Photo Louis Bockner \/ Sierra Club BC<\/figcaption><\/figure><\/div>\n\n<p>Jakarta est sous l\u2019eau, l\u2019Australie br\u00fble. Les \u00e9v\u00e9nements m\u00e9t\u00e9orologiques extr\u00eames, aliment\u00e9s par la crise climatique, se font de plus en plus nombreux et plus intenses. Il semble inconcevable que les gouvernements continuent de consid\u00e9rer de nouveaux projets p\u00e9troliers qui ne feraient qu\u2019ajouter de l\u2019huile sur le feu. <strong>C\u2019est pourtant exactement ce que fait le Canada avec Teck Frontier.<\/strong><br><\/p>\n\n<div class=\"wp-block-button aligncenter is-style-cta\"><a class=\"wp-block-button__link\" href=\"https:\/\/act.greenpeace.org\/page\/54729\/action\/1?locale=fr-CA\">DITES NON \u00c0 TECK FRONTIER<\/a><\/div>\n\n<p><\/p>\n\n<p>Si elle voyait le jour, la mine Teck Frontier serait l\u2019une des plus vastes (si ce n\u2019est <em>la<\/em> plus vaste) mines de sables bitumineux jamais exploit\u00e9es. <strong>Teck Frontier, c&rsquo;est 40 nouvelles ann\u00e9es d&rsquo;\u00e9missions de gaz \u00e0 effet de serre<\/strong>, soit bien au-del\u00e0 de ce que nous pouvons encore nous permettre de rejeter dans l&rsquo;atmosph\u00e8re si nous esp\u00e9rons stabiliser le climat. Et le gouvernement de Trudeau doit <strong>approuver ou rejeter ce projet d\u2019ici la fin du mois de f\u00e9vrier. Ne pensez-vous pas qu\u2019il est temps de cesser d\u2019investir dans les \u00e9nergies fossiles?<\/strong><\/p>\n\n<p>Ce projet fait l&rsquo;objet <a href=\"https:\/\/www.indigenousclimateaction.com\/post\/indigenous-leaders-call-on-minister-wilkinson-to-reject-the-teck-frontier-mine\">de critiques et d&rsquo;une opposition intenses de la part des communaut\u00e9s<\/a>, y compris au sujet des ententes sur les r\u00e9percussions et les avantages sign\u00e9es avec les Premi\u00e8res Nations. En effet, les dommages environnementaux que la mine causerait sur la for\u00eat bor\u00e9ale et la faune, dont certaines esp\u00e8ces sont d\u00e9j\u00e0&nbsp; menac\u00e9es, enfreignent leurs droits de chasse, de p\u00eache et de pi\u00e9geage garantis par la Constitution.&nbsp;<\/p>\n\n<p><strong>La d\u00e9cision concernant le projet de m\u00e9ga-mine Teck Frontier est le premier<a href=\"https:\/\/thenarwhal.ca\/why-the-proposed-frontier-oilsands-mine-is-a-political-hot-potato\/\"> test de l\u2019engagement climatique <\/a>du nouveau gouvernement lib\u00e9ral minoritaire<\/strong>. C\u2019est aussi une d\u00e9cision cruciale en termes de respect des droits des Premi\u00e8res Nations. Lors des \u00e9lections f\u00e9d\u00e9rales d&rsquo;octobre dernier, les deux tiers des Canadien\u00b7nes ont vot\u00e9 pour le climat. La question est de savoir si les lib\u00e9raux nous offriront des mesures concr\u00e8tes le mois prochain.<\/p>\n\n<p><strong><em>En septembre 2018, Mike Hudema avait assist\u00e9 aux premi\u00e8res audiences sur le projet de Teck.<\/em><\/strong><\/p>\n\n<p>En raison des \u00e9missions de gaz \u00e0 effet de serre (GES) que cette mine g\u00e9n\u00e8rerait, l\u2019Alberta d\u00e9passerait le soi-disant \u00ab plafond d&rsquo;\u00e9missions des sables bitumineux \u00bb. Par la m\u00eame occasion, <strong>il deviendrait alors presque impossible pour le Canada de respecter ses engagements internationaux en termes de r\u00e9duction des \u00e9missions de GES.<\/strong><br><\/p>\n\n<p><a href=\"https:\/\/thenarwhal.ca\/10-things-you-need-to-know-about-the-massive-new-oilsands-mine-that-just-got-a-green-light\/\">La construction de la mine Teck Frontier<\/a> impliquerait la cr\u00e9ation d\u2019un <a href=\"https:\/\/environmentaldefence.ca\/report\/albertas-tailings-ponds\/\">\u00e9norme lac de r\u00e9sidus toxiques<\/a> qui viendrait s\u2019ajouter \u00e0 plus d&rsquo;un milliard de litres de r\u00e9sidus de sables bitumineux toxiques d\u00e9j\u00e0 existants en Alberta. Le co\u00fbt de ce nettoyage est estim\u00e9 <a href=\"https:\/\/environmentaldefence.ca\/report\/albertas-tailings-ponds\/\">\u00e0 45 milliards de dollars<\/a>, un chiffre en constante augmentation.<br><\/p>\n\n<p><strong>Dans un monde rationnel, ce projet n\u2019aurait pas lieu d\u2019\u00eatre. <\/strong>Il va \u00e0 l\u2019encontre de la l\u00e9gislation de l&rsquo;Alberta sur les \u00e9missions de GES. Il n&rsquo;est pas conforme \u00e0 la science qui dit que nous ne pouvons plus construire de nouveaux projets de combustibles fossiles si nous esp\u00e9rons stabiliser le climat, alors m\u00eame que nous subissons d\u00e9j\u00e0 les cons\u00e9quences de la crise climatique.<br><\/p>\n\n<p><strong>Nous avons encore un mois pour montrer au gouvernement f\u00e9d\u00e9ral notre opposition \u00e0 ce projet destructeur. <\/strong>Le cabinet de Justin Trudeau doit rendre sa d\u00e9cision sur ce projet d\u2019ici la fin f\u00e9vrier 2020. Cette d\u00e9cision est le premier test climatique pour le nouveau gouvernement lib\u00e9ral depuis son \u00e9lection en octobre 2019. Nous comptons sur vous pour lui montrer le droit chemin sans plus tarder.<br><\/p>\n\n<div class=\"wp-block-button aligncenter is-style-cta\"><a class=\"wp-block-button__link\" href=\"https:\/\/act.greenpeace.org\/page\/54729\/action\/1?locale=fr-CA\">DITES NON \u00c0 TECK FRONTIER<\/a><\/div>\n\n<p><\/p>\n\n<p><em>Cet article de blog a fait l\u2019objet d\u2019une premi\u00e8re publication en anglais en septembre 2018 et a \u00e9t\u00e9 traduit et mis \u00e0 jour en janvier 2020.<\/em><br><\/p>\n\n<p><br><\/p>\n","protected":false},"excerpt":{"rendered":"<p>Si le projet est approuv\u00e9 par le cabinet de Justin Trudeau en f\u00e9vrier 2020, Teck Frontier sera l\u2019une des plus grandes mines de sables bitumineux jamais creus\u00e9es. Jakarta est sous&hellip;<\/p>\n","protected":false},"author":22,"featured_media":28435,"comment_status":"open","ping_status":"open","sticky":false,"template":"","format":"standard","meta":{"ep_exclude_from_search":false,"p4_og_title":"","p4_og_description":"","p4_og_image":"","p4_og_image_id":"","p4_seo_canonical_url":"","p4_campaign_name":"not set","p4_local_project":"","p4_basket_name":"not set","p4_department":"","footnotes":""},"categories":[19],"tags":[41],"p4-page-type":[],"class_list":["post-28361","post","type-post","status-publish","format-standard","has-post-thumbnail","hentry","category-nature-fr","tag-climat"],"_links":{"self":[{"href":"https:\/\/www.greenpeace.org\/canada\/fr\/wp-json\/wp\/v2\/posts\/28361","targetHints":{"allow":["GET"]}}],"collection":[{"href":"https:\/\/www.greenpeace.org\/canada\/fr\/wp-json\/wp\/v2\/posts"}],"about":[{"href":"https:\/\/www.greenpeace.org\/canada\/fr\/wp-json\/wp\/v2\/types\/post"}],"author":[{"embeddable":true,"href":"https:\/\/www.greenpeace.org\/canada\/fr\/wp-json\/wp\/v2\/users\/22"}],"replies":[{"embeddable":true,"href":"https:\/\/www.greenpeace.org\/canada\/fr\/wp-json\/wp\/v2\/comments?post=28361"}],"version-history":[{"count":8,"href":"https:\/\/www.greenpeace.org\/canada\/fr\/wp-json\/wp\/v2\/posts\/28361\/revisions"}],"predecessor-version":[{"id":28442,"href":"https:\/\/www.greenpeace.org\/canada\/fr\/wp-json\/wp\/v2\/posts\/28361\/revisions\/28442"}],"wp:featuredmedia":[{"embeddable":true,"href":"https:\/\/www.greenpeace.org\/canada\/fr\/wp-json\/wp\/v2\/media\/28435"}],"wp:attachment":[{"href":"https:\/\/www.greenpeace.org\/canada\/fr\/wp-json\/wp\/v2\/media?parent=28361"}],"wp:term":[{"taxonomy":"category","embeddable":true,"href":"https:\/\/www.greenpeace.org\/canada\/fr\/wp-json\/wp\/v2\/categories?post=28361"},{"taxonomy":"post_tag","embeddable":true,"href":"https:\/\/www.greenpeace.org\/canada\/fr\/wp-json\/wp\/v2\/tags?post=28361"},{"taxonomy":"p4-page-type","embeddable":true,"href":"https:\/\/www.greenpeace.org\/canada\/fr\/wp-json\/wp\/v2\/p4-page-type?post=28361"}],"curies":[{"name":"wp","href":"https:\/\/api.w.org\/{rel}","templated":true}]}}