{"id":28414,"date":"2020-01-23T11:53:00","date_gmt":"2020-01-23T16:53:00","guid":{"rendered":"https:\/\/www.greenpeace.org\/canada\/?p=28414"},"modified":"2020-01-24T09:14:39","modified_gmt":"2020-01-24T14:14:39","slug":"wetsuweten-ce-quil-reste-des-promesses-de-trudeau-et-horgan","status":"publish","type":"post","link":"https:\/\/www.greenpeace.org\/canada\/fr\/blog-des-volontaires\/28414\/wetsuweten-ce-quil-reste-des-promesses-de-trudeau-et-horgan\/","title":{"rendered":"Wet&rsquo;suwet&rsquo;en : ce qu\u2019il reste des promesses de Trudeau et Horgan"},"content":{"rendered":"\n<p>Le 3 d\u00e9cembre dernier, le premier ministre de la Colombie-Britannique, John Horgan, d\u00e9clarait qu&rsquo;il consid\u00e9rait l&rsquo;adoption d&rsquo;une loi visant \u00e0 inscrire la D\u00e9claration des Nations unies sur les droits des peuples autochtones (DNUDPA) dans le droit provincial comme l&rsquo;<a href=\"https:\/\/www.cbc.ca\/news\/canada\/british-columbia\/assembly-of-first-nations-recognizes-b-c-s-historic-undrip-legislation-1.5382649\">une des plus grandes fiert\u00e9s de sa vie<\/a>.&nbsp;<\/p>\n\n<figure class=\"wp-block-image size-large  caption-style-blue-overlay caption-alignment-center\"><img loading=\"lazy\" decoding=\"async\" width=\"1024\" height=\"683\" src=\"https:\/\/www.greenpeace.org\/static\/planet4-canada-stateless\/2020\/01\/cf2e4f5c-dsc_3459-scaled-1-1024x683.jpg\" title=\"Photo du camp Wet&#039;suwet&#039;en\" alt=\"\" class=\"wp-image-28415\" srcset=\"https:\/\/www.greenpeace.org\/static\/planet4-canada-stateless\/2020\/01\/cf2e4f5c-dsc_3459-scaled-1-1024x683.jpg 1024w, https:\/\/www.greenpeace.org\/static\/planet4-canada-stateless\/2020\/01\/cf2e4f5c-dsc_3459-scaled-1-300x200.jpg 300w, https:\/\/www.greenpeace.org\/static\/planet4-canada-stateless\/2020\/01\/cf2e4f5c-dsc_3459-scaled-1-768x512.jpg 768w, https:\/\/www.greenpeace.org\/static\/planet4-canada-stateless\/2020\/01\/cf2e4f5c-dsc_3459-scaled-1-1536x1024.jpg 1536w, https:\/\/www.greenpeace.org\/static\/planet4-canada-stateless\/2020\/01\/cf2e4f5c-dsc_3459-scaled-1-2048x1366.jpg 2048w, https:\/\/www.greenpeace.org\/static\/planet4-canada-stateless\/2020\/01\/cf2e4f5c-dsc_3459-scaled-1-510x340.jpg 510w\" sizes=\"auto, (max-width: 1024px) 100vw, 1024px\" \/><figcaption>Photo Jerome Turner \u2013 Ricochet<\/figcaption><\/figure>\n\n<p>Un mois plus tard, la province et le gouvernement f\u00e9d\u00e9ral sont sur le point de faire appel \u00e0 la GRC pour expulser manu militari des chefs autochtones de leurs propres terres.&nbsp;<\/p>\n\n<p>La raison derri\u00e8re ce revirement : le projet de gazoduc Coastal GasLink. C&rsquo;est difficile \u00e0 concilier, mais c&rsquo;est pourtant un sch\u00e9ma on ne peut plus familier.<\/p>\n\n<p>\u00c0 maintes reprises, les dirigeants provinciaux et f\u00e9d\u00e9raux du Canada se sont prononc\u00e9s en faveur des droits autochtones. Ils se sont engag\u00e9s \u00e0 les respecter, ont parl\u00e9 de l&rsquo;histoire honteuse du Canada dans son traitement des peuples autochtones et ont promis de la rectifier. Certains &#8211; Horgan et Trudeau notamment &#8211; ont adopt\u00e9 des lois pour codifier ces droits. Mais le ch\u00e2teau de cartes des bonnes intentions s&rsquo;\u00e9croule quand un m\u00e9ga-projet d&rsquo;\u00e9nergies fossiles se pr\u00e9sente.<\/p>\n\n<p>Qu&rsquo;il s&rsquo;agisse de Coastal GasLink, de TransMountain ou d&rsquo;autres projets de d\u00e9veloppement \u00e9nerg\u00e9tique, les paroles et les engagements des gouvernements semblent s&rsquo;arr\u00eater \u00e0 la porte des compagnies de pipelines.<\/p>\n\n<p>Nombre d\u2019observateurs ont pourtant tent\u00e9 de leur rappeler les dits-engagements. Le <a href=\"https:\/\/tbinternet.ohchr.org\/Treaties\/CERD\/Shared%20Documents\/CAN\/INT_CERD_EWU_CAN_9026_E.pdf\">Comit\u00e9 des Nations unies pour l&rsquo;\u00e9limination de la discrimination raciale<\/a>, le <a href=\"https:\/\/twitter.com\/KasariGovender\/status\/1215723544987914241\">Commissaire aux droits de l&rsquo;homme des Nations unies<\/a> et <a href=\"https:\/\/www.amnesty.ca\/news\/open-letter-urges-canadian-bc-and-alberta-governments-heed-un-racism-committees-call-respect?fbclid=IwAR1coOted-BR4Cv2CzMGBbAzlkwSrRUAFP4jHoy1R9Teud_pCSxHVxO2rUE\">Amnesty International <\/a>ont tous demand\u00e9 au gouvernement canadien l\u2019arr\u00eat imm\u00e9diat de la construction du gazoduc Coastal GasLink, du pipeline TransMountain et du barrage hydro\u00e9lectrique Site C en raison de l\u2019absence de consentement de la part des communaut\u00e9s autochtones &#8211; ce qui n\u2019a pas emp\u00each\u00e9 les deux niveaux de gouvernement d\u2019aller de l&rsquo;avant.<\/p>\n\n<p>Dans le cas de Coastal GasLink, il s\u2019agit d\u2019un projet de gazoduc de 6,6 milliards de dollars empi\u00e9tant sur le territoire des Wet&rsquo;suwet&rsquo;en. Ce gazoduc doit alimenter l\u2019expansion massive d\u2019une usine de gaz naturel liqu\u00e9fi\u00e9 \u00e0 Kitimat, en Colombie-Britannique. Les \u00e9missions initiales de gaz \u00e0 effet de serre \u00e9valu\u00e9es pour ce projet devraient repr\u00e9senter l\u2019\u00e9quivalent de plus de <a href=\"https:\/\/thenarwhal.ca\/6-awkward-realities-behind-b-c-s-big-lng-giveaway\/\">856 831 nouvelles voitures sur les route<\/a>s. Un nombre qui pourrait <a href=\"https:\/\/www.pembina.org\/reports\/lng-carbon-pollution-bc-2017.pdf?utm_source=Media&amp;utm_campaign=a6e42522ee-PR%3AGasPriceLNG_2018_03_22&amp;utm_medium=email&amp;utm_term=0_c104a55271-a6e42522ee-84986629\">plus que doubler au cours de la phase 2 du projet<\/a>.<\/p>\n\n<p>Si Horgan et Trudeau veulent un jour respecter leurs propres engagements, ils doivent rompre le cycle et r\u00e9aliser que le droit au consentement pr\u00e9alable, libre et \u00e9clair\u00e9 (CPLE), inscrit dans la DNUDPA, ne peut \u00eatre rejet\u00e9 d\u2019un simple revers de la main. Ce droit au consentement&nbsp; signifie que des projets \u00e9nerg\u00e9tiques peuvent ne pas se r\u00e9aliser si les propri\u00e9taires des terres qu&rsquo;ils traversent n\u2019ont pas donn\u00e9 leur accord. C&rsquo;est la pilule que le gouvernement doit faire passer aux p\u00e9troli\u00e8res. En attendant ce jour, paroles creuses et man\u0153uvres politiciennes continueront de perp\u00e9tuer le cycle d\u2019une histoire horrible que la Colombie-Britannique et le Canada s\u2019\u00e9taient pourtant engag\u00e9s \u00e0 briser.<\/p>\n\n<p>Pour lire le communiqu\u00e9 complet (en anglais) de Greenpeace sur la situation, <a href=\"https:\/\/www.greenpeace.org\/canada\/en\/press-release\/28223\/greenpeace-canada-solidarity-statement-with-wetsuweten-people\/\">cliquez ici<\/a>.<br><\/p>\n","protected":false},"excerpt":{"rendered":"<p>Le 3 d\u00e9cembre dernier, le premier ministre de la Colombie-Britannique, John Horgan, d\u00e9clarait qu&#8217;il consid\u00e9rait l&#8217;adoption d&#8217;une loi visant \u00e0 inscrire la D\u00e9claration des Nations unies sur les droits des&hellip;<\/p>\n","protected":false},"author":22,"featured_media":28438,"comment_status":"open","ping_status":"open","sticky":false,"template":"","format":"standard","meta":{"ep_exclude_from_search":false,"p4_og_title":"","p4_og_description":"","p4_og_image":"","p4_og_image_id":"","p4_seo_canonical_url":"","p4_campaign_name":"not set","p4_local_project":"","p4_basket_name":"not set","p4_department":"","footnotes":""},"categories":[19],"tags":[40,41],"p4-page-type":[],"class_list":["post-28414","post","type-post","status-publish","format-standard","has-post-thumbnail","hentry","category-nature-fr","tag-autochtones","tag-climat"],"_links":{"self":[{"href":"https:\/\/www.greenpeace.org\/canada\/fr\/wp-json\/wp\/v2\/posts\/28414","targetHints":{"allow":["GET"]}}],"collection":[{"href":"https:\/\/www.greenpeace.org\/canada\/fr\/wp-json\/wp\/v2\/posts"}],"about":[{"href":"https:\/\/www.greenpeace.org\/canada\/fr\/wp-json\/wp\/v2\/types\/post"}],"author":[{"embeddable":true,"href":"https:\/\/www.greenpeace.org\/canada\/fr\/wp-json\/wp\/v2\/users\/22"}],"replies":[{"embeddable":true,"href":"https:\/\/www.greenpeace.org\/canada\/fr\/wp-json\/wp\/v2\/comments?post=28414"}],"version-history":[{"count":3,"href":"https:\/\/www.greenpeace.org\/canada\/fr\/wp-json\/wp\/v2\/posts\/28414\/revisions"}],"predecessor-version":[{"id":28441,"href":"https:\/\/www.greenpeace.org\/canada\/fr\/wp-json\/wp\/v2\/posts\/28414\/revisions\/28441"}],"wp:featuredmedia":[{"embeddable":true,"href":"https:\/\/www.greenpeace.org\/canada\/fr\/wp-json\/wp\/v2\/media\/28438"}],"wp:attachment":[{"href":"https:\/\/www.greenpeace.org\/canada\/fr\/wp-json\/wp\/v2\/media?parent=28414"}],"wp:term":[{"taxonomy":"category","embeddable":true,"href":"https:\/\/www.greenpeace.org\/canada\/fr\/wp-json\/wp\/v2\/categories?post=28414"},{"taxonomy":"post_tag","embeddable":true,"href":"https:\/\/www.greenpeace.org\/canada\/fr\/wp-json\/wp\/v2\/tags?post=28414"},{"taxonomy":"p4-page-type","embeddable":true,"href":"https:\/\/www.greenpeace.org\/canada\/fr\/wp-json\/wp\/v2\/p4-page-type?post=28414"}],"curies":[{"name":"wp","href":"https:\/\/api.w.org\/{rel}","templated":true}]}}