{"id":28715,"date":"2020-02-05T12:20:00","date_gmt":"2020-02-05T17:20:00","guid":{"rendered":"https:\/\/www.greenpeace.org\/canada\/?p=28715"},"modified":"2024-08-01T00:41:05","modified_gmt":"2024-08-01T04:41:05","slug":"projet-de-loi-44-le-gouvernement-nest-pas-a-la-hauteur-de-lurgence-climatique-denoncent-la-planete-sinvite-au-parlement-greenpeace-et-nature-quebec","status":"publish","type":"post","link":"https:\/\/www.greenpeace.org\/canada\/fr\/blog-des-volontaires\/28715\/projet-de-loi-44-le-gouvernement-nest-pas-a-la-hauteur-de-lurgence-climatique-denoncent-la-planete-sinvite-au-parlement-greenpeace-et-nature-quebec\/","title":{"rendered":"Projet de loi 44: le gouvernement n\u2019est pas \u00e0 la hauteur de l\u2019urgence climatique, d\u00e9noncent la Plan\u00e8te s\u2019invite au Parlement, Greenpeace et Nature Qu\u00e9bec"},"content":{"rendered":"\n<div class=\"wp-block-image  caption-style-blue-overlay caption-alignment-center\"><figure class=\"alignleft size-thumbnail is-resized\"><img loading=\"lazy\" decoding=\"async\" src=\"https:\/\/www.greenpeace.org\/static\/planet4-canada-stateless\/2020\/02\/11387f8a-naturequebec-logo-cmjn-150x150.png\" alt=\"\" class=\"wp-image-28716\" width=\"38\" height=\"38\"\/><\/figure><\/div>\n\n<figure class=\"wp-block-image size-thumbnail is-resized  caption-style-blue-overlay caption-alignment-center\"><img loading=\"lazy\" decoding=\"async\" src=\"https:\/\/www.greenpeace.org\/static\/planet4-canada-stateless\/2020\/02\/b2d709ba-screen-shot-2020-02-05-at-10.47.56-am-150x150.png\" alt=\"\" class=\"wp-image-28718\" width=\"38\" height=\"38\"\/><\/figure>\n\n<p><strong>Qu\u00e9bec, le 5 f\u00e9vrier 2020 \u2012 <\/strong>Alors que l\u2019\u00e9tude en commission parlementaire du projet de loi n\u00b0 44 (PL 44) se conclut aujourd\u2019hui, la Plan\u00e8te s\u2019invite au Parlement (LPSP), Nature Qu\u00e9bec et Greenpeace ont profit\u00e9 de leur passage \u00e0 l\u2019Assembl\u00e9e nationale pour d\u00e9noncer l\u2019absence de coh\u00e9rence, de transparence et de pragmatisme du gouvernement Legault face \u00e0 l\u2019urgence climatique.<br><\/p>\n\n<p>Le gouvernement n\u2019est pas \u00e0 la hauteur de l\u2019urgence climatique parce que son PL 44 ne tient pas compte de la science et il est loin d\u2019\u00eatre assez ambitieux. \u00ab Nous avons besoin d\u2019op\u00e9rer des transformations structurelles dans l\u2019ensemble la soci\u00e9t\u00e9 pour nous donner les moyens de relever les d\u00e9fis auxquels nous faisons d\u00e9j\u00e0 face. Non seulement le Qu\u00e9bec est en voie de rater ses cibles de r\u00e9duction de GES, mais rien dans PL 44 ne nous garantit que le Qu\u00e9bec sera en mesure de redresser la barre. En fait, ces cibles sont largement insuffisantes et ne r\u00e9pondent pas aux exigences de la science \u00bb, <strong>explique Alice-Anne Simard de Nature Qu\u00e9bec.<\/strong><\/p>\n\n<p>Les recommandations faites par les organismes en commission parlementaire incluent notamment <strong>la r\u00e9vision des cibles de r\u00e9duction des \u00e9missions de GES pour respecter les exigences du Groupe d&rsquo;experts intergouvernemental sur l&rsquo;\u00e9volution du climat (GIEC), l\u2019ench\u00e2ssement de ces cibles dans une loi climat comportant un m\u00e9canisme de r\u00e9vision quinquennal, un budget carbone et des m\u00e9canismes de reddition de compte assurant l\u2019atteinte des cibles. Les organismes demandent \u00e9galement que Transition \u00e9nerg\u00e9tique Qu\u00e9bec (TEQ) reste une soci\u00e9t\u00e9 d\u2019\u00c9tat ind\u00e9pendante et qu\u2019elle soit responsable de la d\u00e9carbonisation de la soci\u00e9t\u00e9 qu\u00e9b\u00e9coise et ne soit pas int\u00e9gr\u00e9e \u00e0 un minist\u00e8re. Les organismes exigent \u00e9galement que toutes les d\u00e9cisions existantes et pr\u00e9vues issues des diff\u00e9rents minist\u00e8res et organismes soient soumises \u00e0 un test climat.<\/strong><br><\/p>\n\n<p>Les organismes rappellent que l\u2019Assembl\u00e9e nationale du Qu\u00e9bec a reconnu l\u2019urgence climatique en septembre dernier, deux jours avant le 27 septembre, la journ\u00e9e de mobilisation pour le climat qui a regroup\u00e9 des centaines de milliers de personnes \u00e0 travers le Qu\u00e9bec.&nbsp;<\/p>\n\n<p>\u00ab Apr\u00e8s avoir reconnu qu\u2019il y a urgence climatique, le gouvernement doit proposer une v\u00e9ritable loi climat qui assurerait le respect de cibles de r\u00e9duction des GES et un budget carbone bas\u00e9 sur la science. Il doit hausser son niveau d\u2019ambition, faire preuve de courage, de vision et de coh\u00e9rence en adoptant des mesures pour r\u00e9duire drastiquement la consommation et en laissant tomber des projets polluants comme GNL Qu\u00e9bec et le 3e lien \u00bb, <strong>affirme Patrick Bonin de Greenpeace.<\/strong><br><\/p>\n\n<p>Les organismes consid\u00e8rent que le gouvernement ne reconna\u00eet pas l\u2019ampleur de la crise ni l\u2019importance d\u2019agir imm\u00e9diatement pour assurer la r\u00e9ussite de la transition \u00e9nerg\u00e9tique et \u00e9viter une augmentation massive des \u00e9v\u00e8nements m\u00e9t\u00e9orologiques extr\u00eames comme les feux de for\u00eat, les canicules meurtri\u00e8res, les inondations et les temp\u00eates qui menacent d\u00e9j\u00e0 le Qu\u00e9bec et la plan\u00e8te. Les organismes exigent que le gouvernement mette en place les m\u00e9canismes qui permettront de changer tous les aspects de la soci\u00e9t\u00e9 de mani\u00e8re rapide, radicale et \u00e9quitable. \u00ab L\u2019heure est grave et l\u2019urgence est r\u00e9elle, peu importe ce qu\u2019en pense le gouvernement. Contrairement \u00e0 ce que croit le Premier ministre, la croissance \u00e9conomique ne fera qu\u2019acc\u00e9l\u00e9rer la crise. Si nous voulons \u00eatre pragmatiques, c\u2019est maintenant que nous devons agir. Nous continuerons d\u2019augmenter les moyens de pression tant et aussi longtemps que le gouvernement se montrera d\u00e9raisonnable et irresponsable et que l\u2019avenir de nos enfants et la s\u00e9curit\u00e9 des Qu\u00e9b\u00e9cois et des Qu\u00e9b\u00e9coises ne seront pas sa priorit\u00e9 \u00bb, <strong>explique Fran\u00e7ois Geoffroy de La Plan\u00e8te s\u2019invite au Parlement.<\/strong><\/p>\n\n<p>Les trois organisations ont \u00e9galement d\u00e9nonc\u00e9 le manque d\u2019ouverture et de transparence de la part du gouvernement. Par exemple, le gouvernement a refus\u00e9 d\u2019inviter Greenpeace en commission parlementaire. L\u2019organisme international n\u2019aurait pas pu particip\u00e9 si Nature Qu\u00e9bec n\u2019avait pas offert de partager son temps de pr\u00e9sentation. De plus, les groupes d\u00e9plorent qu\u2019aucun document n\u2019a \u00e9t\u00e9 rendu public suite aux consultations sur les changements climatiques qu\u2019a tenues le gouvernement cet automne.<\/p>\n\n<p class=\"has-text-align-center\">-30 &#8211;&nbsp;<\/p>\n\n<p><strong>M\u00e9moire Nature Qu\u00e9bec et Greenpeace: <\/strong><a href=\"https:\/\/naturequebec.org\/wp-content\/uploads\/2020\/02\/Me%CC%81moire-de-Nature-Que%CC%81bec-et-de-Greenpeace-sur-le-projet-de-loi-44.pdf\">https:\/\/naturequebec.org\/wp-content\/uploads\/2020\/02\/Me%CC%81moire-de-Nature-Que%CC%81bec-et-de-Greenpeace-sur-le-projet-de-loi-44.pdf<\/a><br><\/p>\n\n<p><strong>M\u00e9moire La Plan\u00e8te s\u2019invite au parlement: <\/strong>&nbsp;<\/p>\n\n<p><a href=\"https:\/\/drive.google.com\/file\/d\/1ZqFhDSEvTNvdlxygHGJGw-QYaA2u3x29\/view?usp=sharing\">https:\/\/drive.google.com\/file\/d\/1ZqFhDSEvTNvdlxygHGJGw-QYaA2u3x29\/view?usp=sharing<\/a><\/p>\n\n<p><strong>Pour plus d\u2019informations, veuillez contacter:<\/strong><\/p>\n\n<p>Loujain Kurdi, Conseill\u00e8re aux communications,\u00a0Greenpeace Canada, loujain.kurdi@greenpeace.org, 514-577-6657<\/p>\n\n<p><strong>Pour contacter LPSP,<\/strong> vous pouvez rejoindre M Fran\u00e7ois Geoffroy au \u00a0 514 276-7932.<\/p>\n","protected":false},"excerpt":{"rendered":"<p>Qu\u00e9bec, le 5 f\u00e9vrier 2020 \u2012 Alors que l\u2019\u00e9tude en commission parlementaire du projet de loi n\u00b0 44 (PL 44) se conclut aujourd\u2019hui, la Plan\u00e8te s\u2019invite au Parlement (LPSP), Nature&hellip;<\/p>\n","protected":false},"author":19,"featured_media":28724,"comment_status":"open","ping_status":"open","sticky":false,"template":"","format":"standard","meta":{"ep_exclude_from_search":false,"p4_og_title":"","p4_og_description":"","p4_og_image":"","p4_og_image_id":"","p4_seo_canonical_url":"","p4_campaign_name":"not set","p4_local_project":"","p4_basket_name":"not set","p4_department":"","footnotes":""},"categories":[20],"tags":[49],"p4-page-type":[],"class_list":["post-28715","post","type-post","status-publish","format-standard","has-post-thumbnail","hentry","category-climat","tag-solutionsenergetiques"],"_links":{"self":[{"href":"https:\/\/www.greenpeace.org\/canada\/fr\/wp-json\/wp\/v2\/posts\/28715","targetHints":{"allow":["GET"]}}],"collection":[{"href":"https:\/\/www.greenpeace.org\/canada\/fr\/wp-json\/wp\/v2\/posts"}],"about":[{"href":"https:\/\/www.greenpeace.org\/canada\/fr\/wp-json\/wp\/v2\/types\/post"}],"author":[{"embeddable":true,"href":"https:\/\/www.greenpeace.org\/canada\/fr\/wp-json\/wp\/v2\/users\/19"}],"replies":[{"embeddable":true,"href":"https:\/\/www.greenpeace.org\/canada\/fr\/wp-json\/wp\/v2\/comments?post=28715"}],"version-history":[{"count":5,"href":"https:\/\/www.greenpeace.org\/canada\/fr\/wp-json\/wp\/v2\/posts\/28715\/revisions"}],"predecessor-version":[{"id":28727,"href":"https:\/\/www.greenpeace.org\/canada\/fr\/wp-json\/wp\/v2\/posts\/28715\/revisions\/28727"}],"wp:featuredmedia":[{"embeddable":true,"href":"https:\/\/www.greenpeace.org\/canada\/fr\/wp-json\/wp\/v2\/media\/28724"}],"wp:attachment":[{"href":"https:\/\/www.greenpeace.org\/canada\/fr\/wp-json\/wp\/v2\/media?parent=28715"}],"wp:term":[{"taxonomy":"category","embeddable":true,"href":"https:\/\/www.greenpeace.org\/canada\/fr\/wp-json\/wp\/v2\/categories?post=28715"},{"taxonomy":"post_tag","embeddable":true,"href":"https:\/\/www.greenpeace.org\/canada\/fr\/wp-json\/wp\/v2\/tags?post=28715"},{"taxonomy":"p4-page-type","embeddable":true,"href":"https:\/\/www.greenpeace.org\/canada\/fr\/wp-json\/wp\/v2\/p4-page-type?post=28715"}],"curies":[{"name":"wp","href":"https:\/\/api.w.org\/{rel}","templated":true}]}}