{"id":28740,"date":"2020-02-06T13:05:01","date_gmt":"2020-02-06T18:05:01","guid":{"rendered":"https:\/\/www.greenpeace.org\/canada\/?p=28740"},"modified":"2024-08-01T00:40:54","modified_gmt":"2024-08-01T04:40:54","slug":"un-appel-unanime-du-mouvement-quebecois-pour-le-climat","status":"publish","type":"post","link":"https:\/\/www.greenpeace.org\/canada\/fr\/blog-des-volontaires\/28740\/un-appel-unanime-du-mouvement-quebecois-pour-le-climat\/","title":{"rendered":"UN APPEL UNANIME DU MOUVEMENT QU\u00c9B\u00c9COIS POUR LE CLIMAT"},"content":{"rendered":"\n<p><strong>L\u2019atteinte des cibles exig\u00e9es par la science doit \u00eatre inscrite au c\u0153ur de la loi<\/strong><br><\/p>\n\n<p><strong>Montr\u00e9al, le 6 f\u00e9vrier 2020 &#8211;&nbsp; <\/strong>\u00c0 la suite des consultations particuli\u00e8res sur le projet de loi 44 (PL44) qui ont pris fin hier,<strong> <\/strong>36 groupes citoyens, organisations environnementales, syndicales, \u00e9tudiantes et communautaires demandent au gouvernement que les cibles de r\u00e9duction de GES fix\u00e9es par la science soient inscrites dans la loi, accompagn\u00e9es d&rsquo;un budget carbone et d\u2019un m\u00e9canisme de reddition de compte qui vont assurer rigueur et transparence dans l&rsquo;atteinte de ces cibles.&nbsp;&nbsp;<br><\/p>\n\n<p>Selon les organisations signataires, le projet de loi 44 rev\u00eat une importance cruciale pour mobiliser l\u2019appareil d\u2019\u00c9tat et l\u2019ensemble de la soci\u00e9t\u00e9 qu\u00e9b\u00e9coise derri\u00e8re l\u2019atteinte des objectifs climatiques fix\u00e9s par la science du GIEC et l\u2019Accord de Paris. Le Qu\u00e9bec a besoin d\u2019une v\u00e9ritable loi climat qui devrait contenir les \u00e9l\u00e9ments suivants&nbsp;:<br><\/p>\n\n<ul class=\"wp-block-list\"><li>L\u2019obligation d\u2019atteindre les cibles fix\u00e9es par la science, assortie de r\u00e8gles de reddition de compte, de transparence et d\u2019imputabilit\u00e9.<\/li><li>Un budget carbone&nbsp;<\/li><li>Une analyse d&rsquo;impact climatique \u00e0 laquelle seront soumises toutes les d\u00e9cisions existantes et pr\u00e9vues issues des diff\u00e9rents minist\u00e8res et organismes gouvernementaux.<\/li><li>L\u2019engagement du gouvernement du Qu\u00e9bec de r\u00e9duire ses propres \u00e9missions \u00e0 la hauteur des cibles \u00e9tablies par la science, mobilisant ainsi en investissements et en achats de biens et services derri\u00e8re les objectifs climatiques du Qu\u00e9bec.&nbsp;<\/li><\/ul>\n\n<p>La vaste majorit\u00e9 des Qu\u00e9b\u00e9cois\u00b7e\u00b7s&nbsp; sont pr\u00eat\u00b7e\u00b7s \u00e0 agir et r\u00e9clament des actions concr\u00e8tes. Le gouvernement doit faire preuve de courage et de coh\u00e9rence dans l\u2019ensemble de ses d\u00e9cisions politiques. Sans l\u2019obligation d\u2019atteindre les cibles claires, on risque encore une fois de mettre en oeuvre un plan qui n\u2019atteindra pas les r\u00e9sultats escompt\u00e9s. Seule l\u2019adoption d\u2019une v\u00e9ritable loi climat contraignante et mobilisatrice assurera la cr\u00e9dibilit\u00e9 du gouvernement dans sa volont\u00e9 de r\u00e9pondre de fa\u00e7on pragmatique \u00e0 la crise climatique.&nbsp;<br><\/p>\n\n<p>Pour les organisations, le gouvernement a une occasion historique de cr\u00e9er une v\u00e9ritable coalition pour l\u2019avenir du Qu\u00e9bec en ralliant les forces vives de tous les milieux dans un grand \u00e9lan collectif qui nous am\u00e8nera fi\u00e8rement \u00e0 r\u00e9duire nos \u00e9missions de GES \u00e0 la hauteur de ce que la science, la nature, les Premi\u00e8res nations, les Inuits et la jeunesse exigent.&nbsp;<br><\/p>\n\n<p>Le Premier ministre affirme que 2020 sera l&rsquo;ann\u00e9e de l&rsquo;environnement au Qu\u00e9bec. Ce projet de loi est l&rsquo;occasion de prouver sa r\u00e9elle d\u00e9termination.<\/p>\n\n<p><\/p>\n\n<p><strong>-30-<\/strong><br><\/p>\n\n<p><strong>POUR INFORMATION<\/strong><br><\/p>\n\n<p>Rosemonde Communications \/ Rosemonde Gingras<\/p>\n\n<p>514-458-8355<\/p>\n\n<p><a href=\"mailto:rosemonde@rosemondecommunications.com\">rosemonde@rosemondecommunications.com<\/a><br><\/p>\n\n<p><strong>SIGNATAIRES&nbsp;<\/strong><br><\/p>\n\n<figure class=\"wp-block-table\"><table class=\"\"><tbody><tr><td>Action Climat Outaouais &#8211; ACO<\/td><\/tr><tr><td>Action Environnement Basses-Laurentides<\/td><\/tr><tr><td>Alternatives<\/td><\/tr><tr><td>Antenne m\u00e9t\u00e9o aux \u00celes-de-la-Madeleine<\/td><\/tr><tr><td>Association qu\u00e9b\u00e9coise de lutte contre la pollution atmosph\u00e9rique<\/td><\/tr><tr><td>Centre de ressources sur la non violence<\/td><\/tr><tr><td>Centre qu\u00e9b\u00e9cois du droit de l&rsquo;environnement<\/td><\/tr><tr><td>Coalition climat Montr\u00e9al<\/td><\/tr><tr><td>Coalition \u00e9tudiante pour un virage environnemental et social, CEVES<\/td><\/tr><tr><td>Comit\u00e9 des Citoyens et Citoyennes pour la Protection de l\u2019Environnement Maskoutain<\/td><\/tr><tr><td>Conseil central du Montr\u00e9al m\u00e9tropolitain-CSN<\/td><\/tr><tr><td>Eau Secours<\/td><\/tr><tr><td>\u00c9cohabitation<\/td><\/tr><tr><td>\u00c9quiterre<\/td><\/tr><tr><td>F\u00e9d\u00e9ration des travailleurs et des travailleuses du Qu\u00e9bec (FTQ)<\/td><\/tr><tr><td>Fondation David Suzuki<\/td><\/tr><tr><td>Fondation Rivi\u00e8res<\/td><\/tr><tr><td>Fonds mondial pour la nature (WWF-Canada)<\/td><\/tr><tr><td>GRAME<\/td><\/tr><tr><td>Greenpeace<\/td><\/tr><tr><td>Justice Climatique Montr\u00e9al<\/td><\/tr><tr><td>La Plan\u00e8te s\u2019invite au Parlement<\/td><\/tr><tr><td>Le Pacte pour la transition<\/td><\/tr><tr><td>Les citoyens au Courant<\/td><\/tr><tr><td>Lotbini\u00e8re en transition<\/td><\/tr><tr><td>Montmagny en transition<\/td><\/tr><tr><td>Mouvement d\u2019\u00e9ducation populaire et d\u2019action communautaire du Qu\u00e9bec (M\u00c9PACQ)<\/td><\/tr><tr><td>Mouvement \u00e9cocitoyen UNEplan\u00e8te<\/td><\/tr><tr><td>Nature Qu\u00e9bec<\/td><\/tr><tr><td>Plus d\u2019Arbres.eco<\/td><\/tr><tr><td>Projet de la r\u00e9alit\u00e9 climatique<\/td><\/tr><tr><td>Regroupement qu\u00e9b\u00e9cois des groupes \u00e9cologistes<\/td><\/tr><tr><td>Regroupement Vigilance Hydrocarbures Qu\u00e9bec<\/td><\/tr><tr><td>R\u00e9seau qu\u00e9b\u00e9cois de l\u2019action communautaire autonome (RQ-ACA)<\/td><\/tr><tr><td>Saint-Antoine-de-Tilly &#8211; Milieu de vie<\/td><\/tr><tr><td>Union des employ\u00e9s de service local 800<\/td><\/tr><\/tbody><\/table><\/figure>\n\n<p><\/p>\n\n<p><\/p>\n","protected":false},"excerpt":{"rendered":"<p>L\u2019atteinte des cibles exig\u00e9es par la science doit \u00eatre inscrite au c\u0153ur de la loi Montr\u00e9al, le 6 f\u00e9vrier 2020 &#8211;&nbsp; Suite aux travaux de la commission parlementaire sur le&hellip;<\/p>\n","protected":false},"author":19,"featured_media":28724,"comment_status":"open","ping_status":"open","sticky":false,"template":"","format":"standard","meta":{"ep_exclude_from_search":false,"p4_og_title":"","p4_og_description":"","p4_og_image":"","p4_og_image_id":"","p4_seo_canonical_url":"","p4_campaign_name":"not set","p4_local_project":"","p4_basket_name":"not set","p4_department":"","footnotes":""},"categories":[20],"tags":[49],"p4-page-type":[],"class_list":["post-28740","post","type-post","status-publish","format-standard","has-post-thumbnail","hentry","category-climat","tag-solutionsenergetiques"],"_links":{"self":[{"href":"https:\/\/www.greenpeace.org\/canada\/fr\/wp-json\/wp\/v2\/posts\/28740","targetHints":{"allow":["GET"]}}],"collection":[{"href":"https:\/\/www.greenpeace.org\/canada\/fr\/wp-json\/wp\/v2\/posts"}],"about":[{"href":"https:\/\/www.greenpeace.org\/canada\/fr\/wp-json\/wp\/v2\/types\/post"}],"author":[{"embeddable":true,"href":"https:\/\/www.greenpeace.org\/canada\/fr\/wp-json\/wp\/v2\/users\/19"}],"replies":[{"embeddable":true,"href":"https:\/\/www.greenpeace.org\/canada\/fr\/wp-json\/wp\/v2\/comments?post=28740"}],"version-history":[{"count":3,"href":"https:\/\/www.greenpeace.org\/canada\/fr\/wp-json\/wp\/v2\/posts\/28740\/revisions"}],"predecessor-version":[{"id":28767,"href":"https:\/\/www.greenpeace.org\/canada\/fr\/wp-json\/wp\/v2\/posts\/28740\/revisions\/28767"}],"wp:featuredmedia":[{"embeddable":true,"href":"https:\/\/www.greenpeace.org\/canada\/fr\/wp-json\/wp\/v2\/media\/28724"}],"wp:attachment":[{"href":"https:\/\/www.greenpeace.org\/canada\/fr\/wp-json\/wp\/v2\/media?parent=28740"}],"wp:term":[{"taxonomy":"category","embeddable":true,"href":"https:\/\/www.greenpeace.org\/canada\/fr\/wp-json\/wp\/v2\/categories?post=28740"},{"taxonomy":"post_tag","embeddable":true,"href":"https:\/\/www.greenpeace.org\/canada\/fr\/wp-json\/wp\/v2\/tags?post=28740"},{"taxonomy":"p4-page-type","embeddable":true,"href":"https:\/\/www.greenpeace.org\/canada\/fr\/wp-json\/wp\/v2\/p4-page-type?post=28740"}],"curies":[{"name":"wp","href":"https:\/\/api.w.org\/{rel}","templated":true}]}}