{"id":28801,"date":"2020-02-06T16:53:37","date_gmt":"2020-02-06T21:53:37","guid":{"rendered":"https:\/\/www.greenpeace.org\/canada\/?p=28801"},"modified":"2020-02-06T16:55:00","modified_gmt":"2020-02-06T21:55:00","slug":"derniere-nouvelle-la-grc-procede-a-un-raid-dans-les-camps-de-la-premiere-nation-wetsuweten","status":"publish","type":"post","link":"https:\/\/www.greenpeace.org\/canada\/fr\/blog-des-volontaires\/28801\/derniere-nouvelle-la-grc-procede-a-un-raid-dans-les-camps-de-la-premiere-nation-wetsuweten\/","title":{"rendered":"DERNI\u00c8RE NOUVELLE: La GRC proc\u00e8de \u00e0 un raid dans les camps de la Premi\u00e8re Nation Wet\u2019suwet\u2019en"},"content":{"rendered":"\n<figure class=\"wp-block-image size-large  caption-style-blue-overlay caption-alignment-center\"><img loading=\"lazy\" decoding=\"async\" width=\"525\" height=\"455\" src=\"https:\/\/www.greenpeace.org\/static\/planet4-canada-stateless\/2020\/02\/ae4cc2ac-screen-shot-2020-02-06-at-9.59.56-am.png\" alt=\"\" class=\"wp-image-28804\" srcset=\"https:\/\/www.greenpeace.org\/static\/planet4-canada-stateless\/2020\/02\/ae4cc2ac-screen-shot-2020-02-06-at-9.59.56-am.png 525w, https:\/\/www.greenpeace.org\/static\/planet4-canada-stateless\/2020\/02\/ae4cc2ac-screen-shot-2020-02-06-at-9.59.56-am-300x260.png 300w, https:\/\/www.greenpeace.org\/static\/planet4-canada-stateless\/2020\/02\/ae4cc2ac-screen-shot-2020-02-06-at-9.59.56-am-392x340.png 392w\" sizes=\"auto, (max-width: 525px) 100vw, 525px\" \/><figcaption>Photos Jesse Winter @jwints \u00a9 Photo Jesse Winter @jwints<\/figcaption><\/figure>\n\n<p>T\u00f4t le matin du 6 f\u00e9vrier 2020, les unit\u00e9s tactiques de la GRC ont effectu\u00e9 des descentes dans les camps d\u2019opposant\u00b7es au gazoduc Coastal Gaslink de la Premi\u00e8re Nation Wet&rsquo;suwet&rsquo;en, en Colombie-Britannique.<\/p>\n\n<p>Plusieurs m\u00e9dias ont d\u00e9j\u00e0 rapport\u00e9 que la GRC a atteint le camp du kilom\u00e8tre 39 et proc\u00e9d\u00e9 \u00e0 des arrestations et qu\u2019elle serait en route vers les camps des kilom\u00e8tres 44 et 66.<\/p>\n\n<p>Nous ajouterons plus de d\u00e9tails d\u00e8s que nous en saurons davantage.&nbsp;<\/p>\n\n<p>En attendant, vous pouvez suivre les plus r\u00e9cents d\u00e9veloppements sur twitter en vous abonnant \u00e0 ces comptes <a href=\"https:\/\/twitter.com\/UnistotenCamp\">@UnistotenCamp<\/a>, <a href=\"https:\/\/twitter.com\/Gidimten\">@Gidimten<\/a> et <a href=\"https:\/\/twitter.com\/ricochet_en\">@ricochet_en<\/a>.&nbsp;<\/p>\n\n<h2 class=\"wp-block-heading\"><strong>Ce que vous pouvez faire d\u00e8s maintenant:<\/strong><\/h2>\n\n<h4 class=\"wp-block-heading\">Participez \u00e0 une <a href=\"https:\/\/www.facebook.com\/events\/221856442184296\/\">manifestation de solidarit\u00e9 pr\u00e8s de chez vous.<\/a><\/h4>\n\n<div class=\"wp-block-image  caption-style-blue-overlay caption-alignment-center\"><figure class=\"aligncenter size-large is-resized\"><a href=\"https:\/\/www.facebook.com\/events\/221856442184296\/\"><img loading=\"lazy\" decoding=\"async\" src=\"https:\/\/www.greenpeace.org\/static\/planet4-canada-stateless\/2020\/02\/7693bd9d-capture-d\u2019e\u0301cran-le-2020-02-06-a\u0300-13.16.29.png\" alt=\"\" class=\"wp-image-28802\" width=\"303\" height=\"323\" srcset=\"https:\/\/www.greenpeace.org\/static\/planet4-canada-stateless\/2020\/02\/7693bd9d-capture-d\u2019e\u0301cran-le-2020-02-06-a\u0300-13.16.29.png 804w, https:\/\/www.greenpeace.org\/static\/planet4-canada-stateless\/2020\/02\/7693bd9d-capture-d\u2019e\u0301cran-le-2020-02-06-a\u0300-13.16.29-768x821.png 768w, https:\/\/www.greenpeace.org\/static\/planet4-canada-stateless\/2020\/02\/7693bd9d-capture-d\u2019e\u0301cran-le-2020-02-06-a\u0300-13.16.29-318x340.png 318w\" sizes=\"auto, (max-width: 303px) 100vw, 303px\" \/><\/a><\/figure><\/div>\n\n<h4 class=\"wp-block-heading\">Appelez le bureau du Premier ministre Trudeau au + 1-613-992-4211 ou celui du Premier ministre de la Colombie-Britannique John Horgan au +1 250 387-1715.<\/h4>\n\n<p>Voici un exemple de message que vous pouvez transmettre ou laisser:<\/p>\n\n<p><em>Le gouvernement doit imm\u00e9diatement dire \u00e0 la GRC de cesser les raids contre les d\u00e9fenseurs de la terre et reprendre les discussions et les consultations avec la nation Wet&rsquo;suwet&rsquo;en.&nbsp;<\/em><\/p>\n\n<p><em>Les cinq clans Wet&rsquo;suwet&rsquo;en ont dit non au projet de pipeline Coastal Gaslink. Il ne b\u00e9n\u00e9ficie donc pas de leur consentement libre, pr\u00e9alable et \u00e9clair\u00e9.&nbsp;<\/em><\/p>\n\n<p><em>M. Trudeau, M. Horgan, il est temps de respecter vos engagements et d\u2019\u00e9crire une nouvelle page d\u2019histoire, tourn\u00e9e vers la r\u00e9conciliation avec les communaut\u00e9s autochtones et vers l\u2019atteinte de nos objectifs climatiques.&nbsp;<\/em><\/p>\n\n<h2 class=\"wp-block-heading\"><strong>Pour mieux comprendre la situation:&nbsp;<\/strong><\/h2>\n\n<figure class=\"wp-block-image size-large  caption-style-blue-overlay caption-alignment-center\"><img loading=\"lazy\" decoding=\"async\" width=\"1024\" height=\"768\" src=\"https:\/\/www.greenpeace.org\/static\/planet4-canada-stateless\/2020\/02\/909e6172-img_3499.jpg\" title=\"Gidimt\u2019en checkpoint, Jerome Turner\/ Ricochet. \u00a9 Gidimt&#039;en checkpoint, Jerome Turner\/ Ricochet.\" alt=\"Gidimt\u2019en checkpoint, Jerome Turner\/ Ricochet. \u00a9 Gidimt'en checkpoint, Jerome Turner\/ Ricochet.\" class=\"wp-image-28806\" srcset=\"https:\/\/www.greenpeace.org\/static\/planet4-canada-stateless\/2020\/02\/909e6172-img_3499.jpg 1024w, https:\/\/www.greenpeace.org\/static\/planet4-canada-stateless\/2020\/02\/909e6172-img_3499-300x225.jpg 300w, https:\/\/www.greenpeace.org\/static\/planet4-canada-stateless\/2020\/02\/909e6172-img_3499-768x576.jpg 768w, https:\/\/www.greenpeace.org\/static\/planet4-canada-stateless\/2020\/02\/909e6172-img_3499-453x340.jpg 453w\" sizes=\"auto, (max-width: 1024px) 100vw, 1024px\" \/><figcaption>Gidimt\u2019en checkpoint, Jerome Turner\/ Ricochet. \u00a9 Gidimt&rsquo;en checkpoint, Jerome Turner\/ Ricochet.<\/figcaption><\/figure>\n\n<p>Le 3 d\u00e9cembre 2019, le premier ministre de la Colombie-Britannique, John Horgan, d\u00e9clarait qu\u2019il consid\u00e9rait l\u2019adoption d\u2019une loi visant \u00e0 inscrire la D\u00e9claration des Nations unies sur les droits des peuples autochtones (DNUDPA) dans le droit provincial comme l\u2019<a href=\"https:\/\/www.cbc.ca\/news\/canada\/british-columbia\/assembly-of-first-nations-recognizes-b-c-s-historic-undrip-legislation-1.5382649\">une des plus grandes fiert\u00e9s de sa vie<\/a>.&nbsp;<\/p>\n\n<p>Un mois plus tard, en janvier 2020, les gouvernements provinciaux et f\u00e9d\u00e9raux ont recours \u00e0 la GRC pour expulser de force une fois de plus des chefs autochtones de leurs terres. La raison derri\u00e8re ce revirement : le projet de gazoduc Coastal GasLink.<\/p>\n\n<p>Le <a href=\"https:\/\/tbinternet.ohchr.org\/Treaties\/CERD\/Shared%20Documents\/CAN\/INT_CERD_EWU_CAN_9026_E.pdf\">Comit\u00e9 des Nations unies pour l\u2019\u00e9limination de la discrimination raciale<\/a>, le <a href=\"https:\/\/twitter.com\/KasariGovender\/status\/1215723544987914241\">Commissaire aux droits de l\u2019homme des Nations unies<\/a> et <a href=\"https:\/\/www.amnesty.ca\/news\/open-letter-urges-canadian-bc-and-alberta-governments-heed-un-racism-committees-call-respect?fbclid=IwAR1coOted-BR4Cv2CzMGBbAzlkwSrRUAFP4jHoy1R9Teud_pCSxHVxO2rUE\">Amnesty International <\/a>ont tous demand\u00e9 au gouvernement canadien l\u2019arr\u00eat imm\u00e9diat de la construction du gazoduc Coastal GasLink, du pipeline Trans Mountain et du barrage hydro\u00e9lectrique Site C en raison de l\u2019absence de consentement des communaut\u00e9s autochtones \u2013 ce qui n\u2019a pas emp\u00each\u00e9 les deux niveaux de gouvernement d\u2019aller de l\u2019avant.<\/p>\n\n<p>Le gazoduc de 6,6 milliards de dollars Coastal Gaslink passerait au c\u0153ur du territoire de la nation Wet&rsquo;suwet&rsquo;en. Sa mise en service entra\u00eenerait une expansion massive du gaz naturel liquide (GNL) sur la c\u00f4te ouest de la Colombie-Britannique. Les cinq clans du Wet&rsquo;suwet&rsquo;en et leurs chefs h\u00e9r\u00e9ditaires ont refus\u00e9 ce projet. Coastal Gaslink ne b\u00e9n\u00e9ficie donc pas de leur consentement libre, pr\u00e9alable et \u00e9clair\u00e9, droit qui consiste \u00e0 dire \u201coui\u201d ou \u201cnon\u201d aux exploitations susceptibles d\u2019affecter leurs territoires et les ressources naturelles. Les \u00e9missions de gaz \u00e0 effet de serre de la premi\u00e8re phase de ce projet sont \u00e9normes, l\u2019\u00e9quivalent de l\u2019ajout de plus de <a href=\"https:\/\/thenarwhal.ca\/6-awkward-realities-behind-b-c-s-big-lng-giveaway\/\">856 831 voitures sur la route<\/a>.&nbsp; Ce nombre pourrait plus que <a href=\"https:\/\/www.pembina.org\/reports\/lng-carbon-pollution-bc-2017.pdf?utm_source=Media&amp;utm_campaign=a6e42522ee-PR%3AGasPriceLNG_2018_03_22&amp;utm_medium=email&amp;utm_term=0_c104a55271-a6e42522ee-84986629\">doubler dans la phase deux<\/a> du projet.&nbsp;<\/p>\n\n<p>Si Horgan et Trudeau souhaitent un jour respecter leurs propres engagements, ils doivent r\u00e9aliser que le droit au consentement pr\u00e9alable, libre et \u00e9clair\u00e9 (CPLE), inscrit dans la DNUDPA, ne peut \u00eatre rejet\u00e9 d\u2019un simple revers de la main.&nbsp;<\/p>\n\n<p><strong>Appelez les Premiers ministres Horgan et Trudeau d\u00e8s maintenant pour faire pression sur la Colombie-Britannique et le gouvernement f\u00e9d\u00e9ral.&nbsp;<\/strong><\/p>\n\n<p>Ils doivent respectent leurs engagements envers la DNUDPA et le climat.&nbsp;<\/p>\n\n<p>Ils doivent d\u00e9samorcer imm\u00e9diatement les tensions en rappelant la GRC. Ils doivent reprendre les pourparlers avec les chefs h\u00e9r\u00e9ditaires et trouver une solution pacifique \u00e0 ce conflit.&nbsp;&nbsp;<\/p>\n\n<p><strong>Appelez le bureau du Premier ministre Trudeau au &nbsp;1-613-992-4211 et celui du Premier ministre de la Colombie-Britannique John Horgan au +1 250 387-1715.<\/strong><\/p>\n","protected":false},"excerpt":{"rendered":"<p>T\u00f4t le matin du 6 f\u00e9vrier 2020, les unit\u00e9s tactiques de la GRC ont effectu\u00e9 des descentes dans les camps d\u2019opposant\u00b7es au gazoduc Coastal Gaslink de la Premi\u00e8re Nation Wet&#8217;suwet&#8217;en,&hellip;<\/p>\n","protected":false},"author":22,"featured_media":28806,"comment_status":"open","ping_status":"open","sticky":false,"template":"","format":"standard","meta":{"ep_exclude_from_search":false,"p4_og_title":"","p4_og_description":"","p4_og_image":"","p4_og_image_id":"","p4_seo_canonical_url":"","p4_campaign_name":"not set","p4_local_project":"","p4_basket_name":"not set","p4_department":"","footnotes":""},"categories":[20],"tags":[37,40,41,47],"p4-page-type":[],"class_list":["post-28801","post","type-post","status-publish","format-standard","has-post-thumbnail","hentry","category-climat","tag-actionspacifiques","tag-autochtones","tag-climat","tag-petrole"],"_links":{"self":[{"href":"https:\/\/www.greenpeace.org\/canada\/fr\/wp-json\/wp\/v2\/posts\/28801","targetHints":{"allow":["GET"]}}],"collection":[{"href":"https:\/\/www.greenpeace.org\/canada\/fr\/wp-json\/wp\/v2\/posts"}],"about":[{"href":"https:\/\/www.greenpeace.org\/canada\/fr\/wp-json\/wp\/v2\/types\/post"}],"author":[{"embeddable":true,"href":"https:\/\/www.greenpeace.org\/canada\/fr\/wp-json\/wp\/v2\/users\/22"}],"replies":[{"embeddable":true,"href":"https:\/\/www.greenpeace.org\/canada\/fr\/wp-json\/wp\/v2\/comments?post=28801"}],"version-history":[{"count":4,"href":"https:\/\/www.greenpeace.org\/canada\/fr\/wp-json\/wp\/v2\/posts\/28801\/revisions"}],"predecessor-version":[{"id":28811,"href":"https:\/\/www.greenpeace.org\/canada\/fr\/wp-json\/wp\/v2\/posts\/28801\/revisions\/28811"}],"wp:featuredmedia":[{"embeddable":true,"href":"https:\/\/www.greenpeace.org\/canada\/fr\/wp-json\/wp\/v2\/media\/28806"}],"wp:attachment":[{"href":"https:\/\/www.greenpeace.org\/canada\/fr\/wp-json\/wp\/v2\/media?parent=28801"}],"wp:term":[{"taxonomy":"category","embeddable":true,"href":"https:\/\/www.greenpeace.org\/canada\/fr\/wp-json\/wp\/v2\/categories?post=28801"},{"taxonomy":"post_tag","embeddable":true,"href":"https:\/\/www.greenpeace.org\/canada\/fr\/wp-json\/wp\/v2\/tags?post=28801"},{"taxonomy":"p4-page-type","embeddable":true,"href":"https:\/\/www.greenpeace.org\/canada\/fr\/wp-json\/wp\/v2\/p4-page-type?post=28801"}],"curies":[{"name":"wp","href":"https:\/\/api.w.org\/{rel}","templated":true}]}}