{"id":28927,"date":"2020-02-10T17:01:37","date_gmt":"2020-02-10T22:01:37","guid":{"rendered":"https:\/\/www.greenpeace.org\/canada\/?p=28927"},"modified":"2020-08-12T10:47:25","modified_gmt":"2020-08-12T14:47:25","slug":"reaction-caribous-de-val-dor-mise-en-place-de-mesures-exceptionnelles","status":"publish","type":"post","link":"https:\/\/www.greenpeace.org\/canada\/fr\/story\/28927\/reaction-caribous-de-val-dor-mise-en-place-de-mesures-exceptionnelles\/","title":{"rendered":"R\u00e9action Caribous de Val-d&rsquo;Or &#8211; Mise en place de mesures exceptionnelles"},"content":{"rendered":"\n<p>Qu\u00e9bec &#8211; En r\u00e9action \u00e0 l\u2019annonce du gouvernement du Qu\u00e9bec concernant la harde de caribous de Val d\u2019Or qui comptait de 18 individus en 2016 et qui ne compte maintenant plus que 7 caribous, <strong>Marie-Jos\u00e9e B\u00e9liveau, charg\u00e9e de campagne Nature et Alimentation<\/strong> chez Greenpeace Canada a affirm\u00e9:&nbsp;<br><\/p>\n\n<p>\u00ab C\u2019est le moment de se tenir debout pour notre Terre et en solidarit\u00e9 avec les peuples autochtones, puis de dire non \u00e0 l\u2019extinction des esp\u00e8ces. Au niveau mondial, nous faisons face \u00e0 un d\u00e9clin sans pr\u00e9c\u00e9dent de la biodiversit\u00e9. Le caribou est l\u2019une des esp\u00e8ces qui repr\u00e9sente cet enjeu sur le territoire du Qu\u00e9bec. Cette harde combat au jour le jour pour sa survie, et incarne un barom\u00e8tre nous indiquant l\u2019\u00e9tat de sant\u00e9 de nos for\u00eats et, par le fait m\u00eame, le n\u00f4tre.&nbsp;<br><\/p>\n\n<p>Si le gouvernement Legault est s\u00e9rieux dans sa lutte contre les changements climatiques, il va se relever les manches pour prot\u00e9ger et restaurer nos for\u00eats, au lieu de les abandonner \u00e0 l\u2019industrie. Nous avons besoin d\u2019un r\u00e9el leadership et l\u2019annonce du ministre des For\u00eats, de la Faune et des Parcs, Monsieur Dufour, concernant la mise en enclos des caribous, n\u2019est qu\u2019une solution \u00e0 court terme et ne sauvera pas la harde.&nbsp;<br><\/p>\n\n<p>Nous avons besoin de vraies mesures de protection de l\u2019esp\u00e8ce et de restauration r\u00e9elle de son territoire. Nous avons d\u00e9j\u00e0 les connaissances en main, nul besoin d\u2019attendre la m\u00e9ta analyse car le caribou ne peut attendre plus longtemps. Il faut un vrai plan de match maintenant, \u00e9tablie en concertation avec les acteurs locaux, dont la communaut\u00e9 de Lac Simon et <a href=\"https:\/\/actionboreale.org\/un-plan-pour-sauver-les-caribous-de-val-dor-propose-par-laction-boreale\/\">Action Bor\u00e9ale<\/a>, qui ont d\u00e9j\u00e0 propos\u00e9 des solutions. Il faut \u00e9tablir la superficie et le cadre id\u00e9al pour le maintien de la harde et r\u00e9tablir son habitat. Ce qui veut aussi dire y interdire toutes autres activit\u00e9s, non seulement foresti\u00e8res, mais aussi mini\u00e8res et fermer les chemins qui ouvrent l\u2019habitat aux autres esp\u00e8ces. Le gouvernement se tra\u00eene les pieds&nbsp; dans ce dossier et c\u2019est le caribou qui paye de sa survie.\u00bb<br><\/p>\n\n<p class=\"has-text-align-center\">-30-&nbsp;<br><\/p>\n\n<p><strong>Pour plus d\u2019informations, veuillez contacter:&nbsp;<\/strong><\/p>\n\n<p>Marie-Christine Fiset, responsable des m\u00e9dias, Greenpeace Canada<\/p>\n\n<p><a href=\"mailto:mfiset@greenpeace.org\">mfiset@greenpeace.org<\/a>; +1 514 972-6316<\/p>\n","protected":false},"excerpt":{"rendered":"<p>Qu\u00e9bec &#8211; En r\u00e9action \u00e0 l\u2019annonce du gouvernement du Qu\u00e9bec concernant la harde de caribous de Val d\u2019Or qui comptait de 18 individus en 2016 et qui ne compte maintenant&hellip;<\/p>\n","protected":false},"author":45,"featured_media":7958,"comment_status":"open","ping_status":"open","sticky":false,"template":"","format":"standard","meta":{"ep_exclude_from_search":false,"p4_og_title":"","p4_og_description":"","p4_og_image":"","p4_og_image_id":"","p4_seo_canonical_url":"","p4_campaign_name":"not set","p4_local_project":"not set","p4_basket_name":"not set","p4_department":"","footnotes":""},"categories":[19],"tags":[43],"p4-page-type":[155],"class_list":["post-28927","post","type-post","status-publish","format-standard","has-post-thumbnail","hentry","category-nature-fr","tag-forets","p4-page-type-histoire"],"_links":{"self":[{"href":"https:\/\/www.greenpeace.org\/canada\/fr\/wp-json\/wp\/v2\/posts\/28927","targetHints":{"allow":["GET"]}}],"collection":[{"href":"https:\/\/www.greenpeace.org\/canada\/fr\/wp-json\/wp\/v2\/posts"}],"about":[{"href":"https:\/\/www.greenpeace.org\/canada\/fr\/wp-json\/wp\/v2\/types\/post"}],"author":[{"embeddable":true,"href":"https:\/\/www.greenpeace.org\/canada\/fr\/wp-json\/wp\/v2\/users\/45"}],"replies":[{"embeddable":true,"href":"https:\/\/www.greenpeace.org\/canada\/fr\/wp-json\/wp\/v2\/comments?post=28927"}],"version-history":[{"count":3,"href":"https:\/\/www.greenpeace.org\/canada\/fr\/wp-json\/wp\/v2\/posts\/28927\/revisions"}],"predecessor-version":[{"id":28930,"href":"https:\/\/www.greenpeace.org\/canada\/fr\/wp-json\/wp\/v2\/posts\/28927\/revisions\/28930"}],"wp:featuredmedia":[{"embeddable":true,"href":"https:\/\/www.greenpeace.org\/canada\/fr\/wp-json\/wp\/v2\/media\/7958"}],"wp:attachment":[{"href":"https:\/\/www.greenpeace.org\/canada\/fr\/wp-json\/wp\/v2\/media?parent=28927"}],"wp:term":[{"taxonomy":"category","embeddable":true,"href":"https:\/\/www.greenpeace.org\/canada\/fr\/wp-json\/wp\/v2\/categories?post=28927"},{"taxonomy":"post_tag","embeddable":true,"href":"https:\/\/www.greenpeace.org\/canada\/fr\/wp-json\/wp\/v2\/tags?post=28927"},{"taxonomy":"p4-page-type","embeddable":true,"href":"https:\/\/www.greenpeace.org\/canada\/fr\/wp-json\/wp\/v2\/p4-page-type?post=28927"}],"curies":[{"name":"wp","href":"https:\/\/api.w.org\/{rel}","templated":true}]}}