{"id":29700,"date":"2020-03-13T12:50:34","date_gmt":"2020-03-13T16:50:34","guid":{"rendered":"https:\/\/www.greenpeace.org\/canada\/?p=29700"},"modified":"2020-03-13T12:50:35","modified_gmt":"2020-03-13T16:50:35","slug":"le-bape-sur-gnl-quebec-ne-peut-pas-avoir-lieu-dans-un-contexte-de-pandemie-une-coalition-de-groupes-demande-le-report-du-bape","status":"publish","type":"post","link":"https:\/\/www.greenpeace.org\/canada\/fr\/blog-des-volontaires\/29700\/le-bape-sur-gnl-quebec-ne-peut-pas-avoir-lieu-dans-un-contexte-de-pandemie-une-coalition-de-groupes-demande-le-report-du-bape\/","title":{"rendered":"Le BAPE sur GNL Qu\u00e9bec ne peut pas avoir lieu dans un contexte de pand\u00e9mie: une coalition de groupes demande le report du BAPE"},"content":{"rendered":"\n<p><strong>Montr\u00e9al, le 12 mars 2020 \u2013 <\/strong>Une coalition de groupes concern\u00e9s par le projet GNL Qu\u00e9bec* demande au Bureau d\u2019audiences publiques sur l\u2019environnement (BAPE) de reporter les audiences publiques qui \u00e9taient pr\u00e9vues la semaine prochaine sur le projet d\u2019usine de liqu\u00e9faction de gaz naturel, \u00c9nergie Saguenay.<br><\/p>\n\n<p>\u00c0 la lumi\u00e8re des recommandations du gouvernement provincial de ne pas participer \u00e0 des rassemblements de plus de 250 personnes \u00e0 l\u2019int\u00e9rieur en raison de la pand\u00e9mie de coronavirus, plusieurs citoyens interpell\u00e9s et groupes concern\u00e9s par<\/p>\n\n<p>&nbsp;le projet depuis longtemps ne pourront y participer. La participation du public ne peut donc pas \u00eatre assur\u00e9e dans ces circonstances.<\/p>\n\n<p>Les audiences publiques du BAPE ont pour but de consulter les citoyens sur les enjeux du projet et d\u2019entendre leurs pr\u00e9occupations. Si le BAPE pour le projet GNL Qu\u00e9bec devient une consultation restreinte, plusieurs questions importantes risquent de ne pas \u00eatre consid\u00e9r\u00e9es et ne seront donc pas refl\u00e9t\u00e9es dans le rapport du BAPE, l\u2019outil qui sera utilis\u00e9 par le gouvernement du Qu\u00e9bec pour d\u00e9cider de l\u2019avenir du projet.<\/p>\n\n<p><strong>*Liste de groupes dans la coalition<\/strong><\/p>\n\n<p>Action bor\u00e9ale<\/p>\n\n<p>Coalition Fjord<\/p>\n\n<p>Coalition Anti-pipeline Rouyn-Noranda (CAP-RN)<\/p>\n\n<p>Centre qu\u00e9b\u00e9cois du droit de l\u2019environnement<\/p>\n\n<p>Eau secours<\/p>\n\n<p>\u00c9quiterre<\/p>\n\n<p>Fondation David Suzuki<\/p>\n\n<p>Gazoduq, parlons-en<\/p>\n\n<p>Greenpeace<\/p>\n\n<p>Le Pacte pour la transition<\/p>\n\n<p>Nature Qu\u00e9bec<\/p>\n\n<h4 class=\"wp-block-heading\">SNAP Qu\u00e9bec<\/h4>\n\n<p>WWF-Canada<\/p>\n\n<p class=\"has-text-align-center\">&#8211; 30 &#8211;<\/p>\n\n<p><strong>Pour plus d\u2019information ou pour organiser une entrevue :<\/strong><\/p>\n\n<p>Anthony C\u00f4t\u00e9-Leduc, Relations m\u00e9dias, \u00c9quiterre,<\/p>\n\n<p>acoteleduc@equiterre.org &#8211; 514-605-2000<br><\/p>\n","protected":false},"excerpt":{"rendered":"<p>Montr\u00e9al, le 12 mars 2020 \u2013 Une coalition de groupes concern\u00e9s par le projet GNL Qu\u00e9bec* demande au Bureau d\u2019audiences publiques sur l\u2019environnement (BAPE) de reporter les audiences publiques qui&hellip;<\/p>\n","protected":false},"author":19,"featured_media":24978,"comment_status":"open","ping_status":"open","sticky":false,"template":"","format":"standard","meta":{"ep_exclude_from_search":false,"p4_og_title":"","p4_og_description":"","p4_og_image":"","p4_og_image_id":"","p4_seo_canonical_url":"","p4_campaign_name":"not set","p4_local_project":"","p4_basket_name":"not set","p4_department":"","footnotes":""},"categories":[20],"tags":[41,47,49],"p4-page-type":[],"class_list":["post-29700","post","type-post","status-publish","format-standard","has-post-thumbnail","hentry","category-climat","tag-climat","tag-petrole","tag-solutionsenergetiques"],"_links":{"self":[{"href":"https:\/\/www.greenpeace.org\/canada\/fr\/wp-json\/wp\/v2\/posts\/29700","targetHints":{"allow":["GET"]}}],"collection":[{"href":"https:\/\/www.greenpeace.org\/canada\/fr\/wp-json\/wp\/v2\/posts"}],"about":[{"href":"https:\/\/www.greenpeace.org\/canada\/fr\/wp-json\/wp\/v2\/types\/post"}],"author":[{"embeddable":true,"href":"https:\/\/www.greenpeace.org\/canada\/fr\/wp-json\/wp\/v2\/users\/19"}],"replies":[{"embeddable":true,"href":"https:\/\/www.greenpeace.org\/canada\/fr\/wp-json\/wp\/v2\/comments?post=29700"}],"version-history":[{"count":2,"href":"https:\/\/www.greenpeace.org\/canada\/fr\/wp-json\/wp\/v2\/posts\/29700\/revisions"}],"predecessor-version":[{"id":29703,"href":"https:\/\/www.greenpeace.org\/canada\/fr\/wp-json\/wp\/v2\/posts\/29700\/revisions\/29703"}],"wp:featuredmedia":[{"embeddable":true,"href":"https:\/\/www.greenpeace.org\/canada\/fr\/wp-json\/wp\/v2\/media\/24978"}],"wp:attachment":[{"href":"https:\/\/www.greenpeace.org\/canada\/fr\/wp-json\/wp\/v2\/media?parent=29700"}],"wp:term":[{"taxonomy":"category","embeddable":true,"href":"https:\/\/www.greenpeace.org\/canada\/fr\/wp-json\/wp\/v2\/categories?post=29700"},{"taxonomy":"post_tag","embeddable":true,"href":"https:\/\/www.greenpeace.org\/canada\/fr\/wp-json\/wp\/v2\/tags?post=29700"},{"taxonomy":"p4-page-type","embeddable":true,"href":"https:\/\/www.greenpeace.org\/canada\/fr\/wp-json\/wp\/v2\/p4-page-type?post=29700"}],"curies":[{"name":"wp","href":"https:\/\/api.w.org\/{rel}","templated":true}]}}