{"id":30440,"date":"2020-04-16T09:25:00","date_gmt":"2020-04-16T13:25:00","guid":{"rendered":"https:\/\/www.greenpeace.org\/canada\/?p=30440"},"modified":"2021-12-06T06:29:47","modified_gmt":"2021-12-06T11:29:47","slug":"participez-a-la-tempete-sur-les-medias-sociaux-pour-une-transition-juste","status":"publish","type":"post","link":"https:\/\/www.greenpeace.org\/canada\/fr\/blog-des-volontaires\/30440\/participez-a-la-tempete-sur-les-medias-sociaux-pour-une-transition-juste\/","title":{"rendered":"Participez \u00e0 la temp\u00eate sur les m\u00e9dias sociaux pour une Transition Juste"},"content":{"rendered":"\n<h2 class=\"wp-block-heading\">Le gouvernement f\u00e9d\u00e9ral devrait annoncer sous peu un plan de sauvetage pour l&rsquo;industrie du p\u00e9trole et du gaz. C&rsquo;est le moment de faire pression sur le cabinet de Justin Trudeau et demander des investissements qui aident les travailleuses et les travailleurs plut\u00f4t qu&rsquo;une industrie en d\u00e9clin. Unissons nos efforts pour que le mot-clic #TransitionJuste soit tendance sur Twitter.<\/h2>\n\n<p><br>Twitter met en relation politicien\u00b7nes, faiseurs\u00b7euses d\u2019opinion, journalistes et activistes. Nous invitons nos ami\u00b7es et alli\u00e9\u00b7es \u00e0 participer \u00e0 une Temp\u00eate de tweets pour clamer haut et fort notre refus d&rsquo;un plan de relance d&rsquo;une industrie en d\u00e9clin et qui contribue massivement \u00e0 la crise climatique. Interpellez les membres du cabinet Trudeau pour qu&rsquo;ils et elles entendent notre demande pour un plan de relance qui aide directement les travailleuses et les travailleurs. <strong>Nous pensons que VOUS pouvez influencer les politicien\u00b7nes pour qu\u2019ils et elles prennent la bonne d\u00e9cision.<\/strong> C\u2019est maintenant \u00e0 votre tour d\u2019utiliser ce puissant m\u00e9gaphone digital qu\u2019est Twitter pour faire du bruit et montrer que vous voulez une #TransitionJuste.<\/p>\n\n<p><strong>Cette semaine, nous envoyons un message au gouvernement f\u00e9d\u00e9ral : dites au cabinet de Justin Trudeau d&rsquo;investir dans une #TransitionJuste. <\/strong>Vous avez deux jours pour tweeter comme vous ne l&rsquo;avez jamais fait auparavant !<\/p>\n\n<p>La crise COVID-19 frappe durement les communaut\u00e9s. Elle menace la sant\u00e9 des gens, provoque des perturbations \u00e9conomiques massives et bouleverse nos vies.<\/p>\n\n<p>Le moment est venu pour le gouvernement d&rsquo;apporter un soutien r\u00e9el aux communaut\u00e9s pour qu&rsquo;elles puissent surmonter cette crise et se r\u00e9tablir de mani\u00e8re r\u00e9siliente et durable.<\/p>\n\n<p>Ce n&rsquo;est pas le moment de c\u00e9der aux compagnies p\u00e9troli\u00e8res qui sont \u00e0 l&rsquo;origine de la crise climatique, et qui augmentent notre vuln\u00e9rabilit\u00e9 aux effets des changements climatiques.<\/p>\n\n<p><strong>Unissons nous pour que les communaut\u00e9s re\u00e7oivent le soutien dont elles ont besoin.<\/strong><\/p>\n\n<h2 class=\"wp-block-heading\" id=\"twitter\"><strong>Exemples de tweets<\/strong><\/h2>\n\n<p>Vous pouvez utiliser les tweets ci-dessous ou laisser court \u00e0 votre imagination et cr\u00e9er les v\u00f4tres! N\u2019oubliez pas d\u2019ajouter le hashtag #TransitionJuste et de taguer @GreenpeaceQC et #polcan.<\/p>\n\n<p><strong>Nouveau sur Twitter ? Vous n\u2019avez pas de compte ?<\/strong><\/p>\n\n<p>Vous pouvez lire&nbsp;<a rel=\"noreferrer noopener\" href=\"https:\/\/help.twitter.com\/en\/using-twitter\/create-twitter-account\" target=\"_blank\">ceci<\/a>&nbsp;ou publiez sur&nbsp;Facebook&nbsp;ou&nbsp;Instagram.<\/p>\n\n<h3 class=\"wp-block-heading\">Adressez des tweets \u00e0 <a href=\"https:\/\/twitter.com\/JustinTrudeau\" target=\"_blank\" rel=\"noreferrer noopener\">@JustinTrudeau<\/a> et dites lui que vous voulez une #TransitionJuste<\/h3>\n\n<style>\n  .tweet {\n    position: relative;\n    margin: 10px 0 10px 64px;\n    padding: 10px;\n    background: #ffffff;\n    font-size: 15px;\n    white-space: pre-wrap;\n    font-family: system-ui, -apple-system, BlinkMacSystemFont, \"Segoe UI\", Roboto, Ubuntu, \"Helvetica Neue\", sans-serif;\n    line-height: 1.3125;\n  }\n  .tweet::before {\n    position: absolute;\n    left: -59px;\n    background-image: url(\"https:\/\/www.thefutureoftransportconference.com\/images\/twitter.png\");\n    background-repeat: no-repeat;\n    background-size: 49px 49px;\n    width: 49px;\n    height: 49px;\n    content: \"\";\n    display: block;\n    float: left;\n    border-radius: 32px;\n  }\n\n  .twitter-mention, .twitter-link {\n    color: rgb(42, 163, 239);\n  }\n\n  .twitter-hashtag {\n    font-weight: bold;\n  }\n  .twitter-image {\n    max-width: 100%;\n    width: 300px;\n  }\n\n  .float-me-right {\n    float: right;\n  }\n  .click-to-tweet-btn {\n    text-align: right;\n  }\n  .click-to-tweet-btn a {\n    font-size: 15px;\n    font-weight: bold;\n    font-family: system-ui, -apple-system, BlinkMacSystemFont, \"Segoe UI\", Roboto, Ubuntu, \"Helvetica Neue\", sans-serif;\n    color: white;\n    background-color: rgb(29, 161, 242);\n    transition-property: background-color;\n    transition-duration: 0.2s;\n    user-select: none;\n    padding: 8px 15px;\n    border-radius: 9999px;\n  }\n  .click-to-tweet-btn a:hover {\n    background-color: rgb(26, 145, 218);\n  }\n<\/style>\n\n<div class=\"tweet\">\n  .<span class=\"twitter-mention\">@JustinTrudeau<\/span>\nJe veux une <span class=\"twitter-hashtag\">#TransitionJuste<\/span>, un plan de relance qui privil\u00e9gie les gens pas les profits. \nJe veux collaborer \u00e0 cr\u00e9er une soci\u00e9t\u00e9 plus forte et r\u00e9siliente pour l&rsquo;apr\u00e8s <span class=\"twitter-hashtag\">#coronavirus<\/span> \nMontrez-nous vos vraies couleurs ?\n<span class=\"twitter-mention\">@GreenpeaceQC<\/span> <span class=\"twitter-hashtag\">#polcan<\/span> <span class=\"twitter-link\">https:\/\/act.gp\/2Ve95sU<\/span>\n<\/div>\n<div class=\"click-to-tweet-btn\">\n  <a href=\"https:\/\/twitter.com\/intent\/tweet?text=.%40JustinTrudeau%0AJe%20veux%20une%20%23TransitionJuste%2C%20un%20plan%20de%20relance%20qui%20privil%C3%A9gie%20les%20gens%20pas%20les%20profits.%20%0AJe%20veux%20collaborer%20%C3%A0%20cr%C3%A9er%20une%20soci%C3%A9t%C3%A9%20plus%20forte%20et%20r%C3%A9siliente%20pour%20l'apr%C3%A8s%20%23coronavirus%20%0AMontrez-nous%20vos%20vraies%20couleurs%20%F0%9F%8C%88%0A%40GreenpeaceQC%20%23polcan%20https%3A%2F%2Fact.gp%2F2Ve95sU\">Tweet<\/a>\n<\/div>\n\n<div class=\"tweet\">\n  .<span class=\"twitter-mention\">@JustinTrudeau<\/span> \nVous avez promis la fin des subventions aux <span class=\"twitter-hashtag\">#energiesfossiles<\/span> mais le gouv. travaillerait \u00e0 un plan pour les p\u00e9tro-gazi\u00e8res. \nVous devez soutenir le r\u00e9tablissement et la r\u00e9silience des communaut\u00e9s avec une <span class=\"twitter-hashtag\">#TransitionJuste<\/span>.\n<span class=\"twitter-mention\">@greenpeaceQC<\/span> <span class=\"twitter-link\">https:\/\/act.gp\/2Ve95sU<\/span>\n<\/div>\n<div class=\"click-to-tweet-btn\">\n  <a href=\"https:\/\/twitter.com\/intent\/tweet?text=.%40JustinTrudeau%20%0AVous%20avez%20promis%20la%20fin%20des%20subventions%20aux%20%23energiesfossiles%20mais%20le%20gouv.%20travaillerait%20%C3%A0%20un%20plan%20pour%20les%20p%C3%A9tro-gazi%C3%A8res.%20%0AVous%20devez%20soutenir%20le%20r%C3%A9tablissement%20et%20la%20r%C3%A9silience%20des%20communaut%C3%A9s%20avec%20une%20%23TransitionJuste.%0A%40greenpeaceQC%20https%3A%2F%2Fact.gp%2F2Ve95sU\">Tweet<\/a>\n<\/div>\n\n<h3 class=\"wp-block-heading\">Adressez des tweets \u00e0&nbsp;<a rel=\"noreferrer noopener\" href=\"https:\/\/twitter.com\/Bill_Morneau\" target=\"_blank\">@Bill_Morneau<\/a>&nbsp;et dites lui que vous voulez une #TransitionJuste<\/h3>\n\n<div class=\"tweet\">\n  .<span class=\"twitter-mention\">@Bill_Morneau<\/span> ne r\u00e9p\u00e9tez pas les erreurs du sauvetage des banques de 2008.\nAidez les gens, pas les actionnaires des industries polluantes.\nInvestissez dans une <span class=\"twitter-hashtag\">#TransitionJuste<\/span> pour des communaut\u00e9s r\u00e9silientes.\n<span class=\"twitter-link\">https:\/\/act.gp\/2Ve95sU<\/span> <span class=\"twitter-mention\">@GreenpeaceQC<\/span> <span class=\"twitter-hashtag\">#polcan<\/span>\n<\/div>\n<div class=\"click-to-tweet-btn\">\n  <a href=\"https:\/\/twitter.com\/intent\/tweet?text=.%40Bill_Morneau%20ne%20r%C3%A9p%C3%A9tez%20pas%20les%20erreurs%20du%20sauvetage%20des%20banques%20de%202008.%0AAidez%20les%20gens%2C%20pas%20les%20actionnaires%20des%20industries%20polluantes.%0AInvestissez%20dans%20une%20%23TransitionJuste%20pour%20des%20communaut%C3%A9s%20r%C3%A9silientes.%0Ahttps%3A%2F%2Fact.gp%2F2Ve95sU%20%40GreenpeaceQC%20%23polcan\">Tweet<\/a>\n<\/div>\n\n<div class=\"tweet\">\n  <span class=\"twitter-mention\">@Bill_Morneau<\/span> Imaginez investir les milliards de $$ que les p\u00e9tro-gazi\u00e8res convoitent dans les \u00e9nergies renouvelables, pour restaurer les for\u00eats, prot\u00e9ger la faune et la flore. \nImaginez ces esp\u00e8ces \u00e9pargn\u00e9es et ces communaut\u00e9s durables !\n<span class=\"twitter-hashtag\">#TransitionJuste<\/span> <span class=\"twitter-link\">https:\/\/act.gp\/2Ve95sU<\/span>\n<\/div>\n<div class=\"click-to-tweet-btn\">\n  <a href=\"https:\/\/twitter.com\/intent\/tweet?text=%40Bill_Morneau%20Imaginez%20investir%20les%20milliards%20de%20%24%24%20que%20les%20p%C3%A9tro-gazi%C3%A8res%20convoitent%20dans%20les%20%C3%A9nergies%20renouvelables%2C%20pour%20restaurer%20les%20for%C3%AAts%2C%20prot%C3%A9ger%20la%20faune%20et%20la%20flore.%20%0AImaginez%20ces%20esp%C3%A8ces%20%C3%A9pargn%C3%A9es%20et%20ces%20communaut%C3%A9s%20durables%20!%0A%23TransitionJuste%20https%3A%2F%2Fact.gp%2F2Ve95sU\">Tweet<\/a>\n<\/div>\n\n<h3 class=\"wp-block-heading\">Voici quelques articles que vous pouvez ajouter \u00e0 vos tweets<\/h3>\n\n<p><a href=\"https:\/\/www.greenpeace.org\/canada\/fr\/histoires\/29852\/pourquoi-est-ce-necessaire-davoir-des-politiques-de-relance-vertes\/\" target=\"_blank\" rel=\"noreferrer noopener\">https:\/\/www.greenpeace.org\/canada\/fr\/histoires\/29852\/pourquoi-est-ce-necessaire-davoir-des-politiques-de-relance-vertes\/<\/a><\/p>\n\n<p><a href=\"https:\/\/www.greenpeace.org\/canada\/fr\/histoires\/30130\/votre-guide-pour-parler-de-plans-de-relance-et-de-lindustrie-petroliere-comme-un%c2%b7e-expert%c2%b7e\/\" target=\"_blank\" rel=\"noreferrer noopener\">https:\/\/www.greenpeace.org\/canada\/fr\/histoires\/30130\/votre-guide-pour-parler-de-plans-de-relance-et-de-lindustrie-petroliere-comme-un%c2%b7e-expert%c2%b7e\/<\/a><\/p>\n\n<p><a href=\"https:\/\/www.lapresse.ca\/actualites\/environnement\/202004\/05\/01-5268094-covid-19-loccasion-dune-economie-plus-verte.php\">https:\/\/www.lapresse.ca\/actualites\/environnement\/202004\/05\/01-5268094-covid-19-loccasion-dune-economie-plus-verte.php<\/a><\/p>\n\n<p><a href=\"https:\/\/www.lesoleil.com\/opinions\/point-de-vue\/apres-la-pandemie-plaidoyer-pour-une-societe-resiliente-9dde7e69ac3b243431ecc951b2cddd43\">https:\/\/www.lesoleil.com\/opinions\/point-de-vue\/apres-la-pandemie-plaidoyer-pour-une-societe-resiliente-9dde7e69ac3b243431ecc951b2cddd43<\/a><\/p>\n\n<p><a href=\"https:\/\/www.journaldemontreal.com\/2020\/04\/11\/la-conscience-ecologique-atteindra-un-autre-niveau\">https:\/\/www.journaldemontreal.com\/2020\/04\/11\/la-conscience-ecologique-atteindra-un-autre-niveau<\/a><\/p>\n\n<p><a href=\"https:\/\/www.lapresse.ca\/affaires\/economie\/202003\/24\/01-5266184-aide-demandee-a-ottawa-pour-les-travailleurs-du-petrole.php\">https:\/\/www.lapresse.ca\/affaires\/economie\/202003\/24\/01-5266184-aide-demandee-a-ottawa-pour-les-travailleurs-du-petrole.php<\/a><\/p>\n\n<h2 class=\"wp-block-heading\"><strong>Exemples de commentaires que vous pouvez publier sur Facebook<\/strong><\/h2>\n\n<p>Vous pouvez copier et coller les suggestions de messages ci-dessous en commentaire de la publication la plus r\u00e9cente sur la page de&nbsp;<a rel=\"noreferrer noopener\" href=\"https:\/\/www.facebook.com\/JustinPJTrudeau\/\" target=\"_blank\">Justin Trudeau<\/a> et <a rel=\"noreferrer noopener\" href=\"https:\/\/www.facebook.com\/morneau.bill\" target=\"_blank\">Bill Morneau<\/a>. Vous pouvez aussi vous en inspirer pour interpeller les autres membres du&nbsp;<a rel=\"noreferrer noopener\" href=\"https:\/\/www.noscommunes.ca\/Members\/fr\/ministries\" target=\"_blank\">Cabinet<\/a>. Ou pourquoi ne pas r\u00e9diger un commentaire respectueux de votre cru? N\u2019oubliez pas d\u2019ajouter le hashtag #TransitionJuste et de nous taguer @greenpeaceqc. Vous pouvez utiliser des images ou bien ajouter des gifs \u00e0 vos commentaires.<\/p>\n\n<h3 class=\"wp-block-heading\">Commentez la plus r\u00e9cente publication de&nbsp;<a rel=\"noreferrer noopener\" href=\"https:\/\/www.facebook.com\/JustinPJTrudeau\/\" target=\"_blank\">Justin Trudeau<\/a><\/h3>\n\n<p><em>JustinTrudeau:&nbsp;je veux une&nbsp;#TransitionJuste, un plan de relance qui privil\u00e9gie les gens pas les profits. Je veux collaborer \u00e0 cr\u00e9er une soci\u00e9t\u00e9 plus forte et r\u00e9siliente pour l&rsquo;apr\u00e8s&nbsp;#coronavirus&nbsp;Montrez-nous vos vraies couleurs ?&nbsp;\u27a1https:\/\/act.gp\/2Ve95sU @greenpeaceqc<\/em><\/p>\n\n<h3 class=\"wp-block-heading\">Commentez la plus r\u00e9cente publication de <a rel=\"noreferrer noopener\" href=\"https:\/\/www.facebook.com\/morneau.bill\" target=\"_blank\">Bill Morneau<\/a><\/h3>\n\n<p><em>Bill Morneau: ne r\u00e9p\u00e9tez pas les erreurs du sauvetage des banques de 2008. Aidez les gens, pas les actionnaires des industries polluantes. Investissez dans une\u00a0#TransitionJuste\u00a0pour des communaut\u00e9s r\u00e9silientes.\u00a0\u27a1https:\/\/act.gp\/2Ve95sU @greenpeaceqc<\/em><\/p>\n\n<h2 class=\"wp-block-heading\" id=\"instagram\">Commentez sous la derni\u00e8re publication Instagram de Justin Trudeau et Bill Morneau<\/h2>\n\n<p>Vous pouvez aller publier les m\u00eames commentaires sugg\u00e9r\u00e9s ci-dessus pour Facebook sur Instagram, en story ou en commentaire des derni\u00e8res publications de Justin Trudeau&nbsp;<a rel=\"noreferrer noopener\" href=\"https:\/\/www.instagram.com\/justinpjtrudeau\/\" target=\"_blank\">@justinpjtrudeau<\/a> et Bill Morneau&nbsp;<a rel=\"noreferrer noopener\" href=\"https:\/\/www.instagram.com\/billmorneau\/\" target=\"_blank\">@billmorneau<\/a><\/p>\n\n<p>N\u2019oubliez pas de taguer <a href=\"https:\/\/www.instagram.com\/greenpeacequebec\/\" target=\"_blank\" rel=\"noreferrer noopener\">@greenpeacequebec <\/a>et d\u2019ajouter le hashtag #TransitionJuste.<\/p>\n\n<p>Vous pouvez aussi publier les memes de <a rel=\"noreferrer noopener\" href=\"https:\/\/www.instagram.com\/greenpeace_canada\/\" target=\"_blank\"><\/a><a rel=\"noreferrer noopener\" href=\"https:\/\/www.instagram.com\/greenpeacequebec\/\" target=\"_blank\">@greenpeacequebec<\/a> dans vos stories ou dans votre fil de nouvelles et n&rsquo;oublier pas de taguer Justin Trudeau et Bill Morneau!<\/p>\n\n<p>Merci pour votre participation , chaque tweet compte!!<\/p>\n<div class=\"EmptyMessage\">Block content is empty. Check the block&rsquo;s settings or remove it.<\/div>","protected":false},"excerpt":{"rendered":"<p>Le gouvernement f\u00e9d\u00e9ral devrait annoncer sous peu un plan de sauvetage pour l&rsquo;industrie du p\u00e9trole et du gaz. C&rsquo;est le moment de faire pression sur le cabinet de Justin Trudeau et demander des investissements qui aident les travailleuses et les travailleurs plut\u00f4t qu&rsquo;une industrie en d\u00e9clin. Unissons nos efforts pour que le mot-clic #TransitionJuste soit tendance sur Twitter.<\/p>\n","protected":false},"author":50,"featured_media":30460,"comment_status":"open","ping_status":"open","sticky":false,"template":"","format":"standard","meta":{"ep_exclude_from_search":false,"p4_og_title":"","p4_og_description":"","p4_og_image":"https:\/\/www.greenpeace.org\/static\/planet4-canada-stateless\/2018\/04\/f5b4566a-tell-justin-trudeau\u2019s-cabinet-to-invest-in-a-justtransition-now.-1.png","p4_og_image_id":"30460","p4_seo_canonical_url":"","p4_campaign_name":"not set","p4_local_project":"","p4_basket_name":"not set","p4_department":"","footnotes":""},"categories":[20],"tags":[41],"p4-page-type":[],"class_list":["post-30440","post","type-post","status-publish","format-standard","has-post-thumbnail","hentry","category-climat","tag-climat"],"_links":{"self":[{"href":"https:\/\/www.greenpeace.org\/canada\/fr\/wp-json\/wp\/v2\/posts\/30440","targetHints":{"allow":["GET"]}}],"collection":[{"href":"https:\/\/www.greenpeace.org\/canada\/fr\/wp-json\/wp\/v2\/posts"}],"about":[{"href":"https:\/\/www.greenpeace.org\/canada\/fr\/wp-json\/wp\/v2\/types\/post"}],"author":[{"embeddable":true,"href":"https:\/\/www.greenpeace.org\/canada\/fr\/wp-json\/wp\/v2\/users\/50"}],"replies":[{"embeddable":true,"href":"https:\/\/www.greenpeace.org\/canada\/fr\/wp-json\/wp\/v2\/comments?post=30440"}],"version-history":[{"count":17,"href":"https:\/\/www.greenpeace.org\/canada\/fr\/wp-json\/wp\/v2\/posts\/30440\/revisions"}],"predecessor-version":[{"id":51310,"href":"https:\/\/www.greenpeace.org\/canada\/fr\/wp-json\/wp\/v2\/posts\/30440\/revisions\/51310"}],"wp:featuredmedia":[{"embeddable":true,"href":"https:\/\/www.greenpeace.org\/canada\/fr\/wp-json\/wp\/v2\/media\/30460"}],"wp:attachment":[{"href":"https:\/\/www.greenpeace.org\/canada\/fr\/wp-json\/wp\/v2\/media?parent=30440"}],"wp:term":[{"taxonomy":"category","embeddable":true,"href":"https:\/\/www.greenpeace.org\/canada\/fr\/wp-json\/wp\/v2\/categories?post=30440"},{"taxonomy":"post_tag","embeddable":true,"href":"https:\/\/www.greenpeace.org\/canada\/fr\/wp-json\/wp\/v2\/tags?post=30440"},{"taxonomy":"p4-page-type","embeddable":true,"href":"https:\/\/www.greenpeace.org\/canada\/fr\/wp-json\/wp\/v2\/p4-page-type?post=30440"}],"curies":[{"name":"wp","href":"https:\/\/api.w.org\/{rel}","templated":true}]}}