{"id":3151,"date":"2018-07-03T13:33:47","date_gmt":"2018-07-03T17:33:47","guid":{"rendered":"https:\/\/www.greenpeace.org\/canada\/?p=3151"},"modified":"2021-12-06T06:34:19","modified_gmt":"2021-12-06T11:34:19","slug":"en-direct-des-grimpeurs-bloquent-un-navire-petrolier-sur-le-pont-de-vancouver","status":"publish","type":"post","link":"https:\/\/www.greenpeace.org\/canada\/fr\/blog-des-volontaires\/3151\/en-direct-des-grimpeurs-bloquent-un-navire-petrolier-sur-le-pont-de-vancouver\/","title":{"rendered":"EN DIRECT: Des grimpeurs bloquent un navire p\u00e9trolier sur le pont de Vancouver"},"content":{"rendered":"<p>T\u00f4t le mardi 3 juillet au matin, 12 grimpeurs dont un leader autochtone et des activistes de Greenpeace se sont suspendus au pont Ironworkers Memorial \u00e0 Vancouver, formant un barrage a\u00e9rien pour emp\u00eacher les navires p\u00e9troliers transportant du p\u00e9trole des sables bitumineux de quitter le terminal du pipeline Trans Mountain.<\/p>\n<p><strong>Pourquoi ces activistes ont-ils d\u00e9cid\u00e9 de bloquer le passage vers l&rsquo;oc\u00e9an Pacifique ? <\/strong>Bonne question!<\/p>\n<p>L&rsquo;expansion du pipeline Trans Mountain consiste \u00e0 construire un nouveau pipeline de 1 150 km reliant l&rsquo;Alberta \u00e0 la c\u00f4te de la Colombie-Britannique, afin d\u2019augmenter la capacit\u00e9 de transport d\u2019un pipeline existant vieux de 60 ans. Le nouveau pipeline triplera presque la quantit\u00e9 de p\u00e9trole de sables bitumineux achemin\u00e9e par le pipeline actuel et multiplierait par sept le trafic maritime p\u00e9trolier sur la c\u00f4te de la Colombie Britannique.<\/p>\n<p>Les donn\u00e9es sur les fuites p\u00e9troli\u00e8res nous le montrent. Aucune compagnie n\u2019est \u00e0 l\u2019abri d\u2019un d\u00e9versement de pipeline ou d\u2019un bris d\u2019\u00e9quipement. Hors, si ce projet d\u2019expansion voit le jour, l\u2019augmentation du nombre de barils transport\u00e9s et du nombre de navires p\u00e9troliers qui navigueraient le long de la c\u00f4te Pacifique repr\u00e9sentera une menace permanente pour l&rsquo;eau potable, l&rsquo;oc\u00e9an et les millions de personnes qui vivent sur cette c\u00f4te et sur le trac\u00e9 du pipeline, y compris les communaut\u00e9s autochtones dont les territoires sont travers\u00e9s par ce projet sans leur consentement.<\/p>\n<p>En outre, le projet d\u2019expansion Trans Mountain signifie aussi \u00e0 la source l\u2019augmentation de l&rsquo;extraction du p\u00e9trole des sables bitumineux, avec pour cons\u00e9quence des \u00e9missions de gaz \u00e0 effet de serre suppl\u00e9mentaires. De quoi alimenter les catastrophes climatiques et les super-temp\u00eates partout sur la plan\u00e8te.<\/p>\n<p>Si cela ne suffisait pas, la pollution sonore induite par l\u2019augmentation du trafic maritime pourrait mettre en p\u00e9ril les 75 derniers \u00e9paulards r\u00e9sidents du sud menac\u00e9s d&rsquo;extinction.<\/p>\n<p>Nous ne pouvons pas laisser cela se produire &#8211; pas tant qu\u2019il nous reste une chance de prot\u00e9ger ce que ce pipeline met en p\u00e9ril.<\/p>\n<p><strong>\u00cates-vous pr\u00eat\u00b7e \u00e0 faire grandir la vague de r\u00e9sistance?<\/strong> Dites au Premier ministre Trudeau que le rachat de ce projet de pipeline ne se fera pas ni en notre nom, ni avec l\u2019argent de nos imp\u00f4ts. En clair, dites-lui de changer de cap :<\/p>\n<p style=\"width: 40%; margin: 0 auto;\" align=\"center\"><a class=\"btn btn-primary btn-medium page-header-btn\" href=\"https:\/\/act.gp\/2tNYwPi\" target=\"_blank\" rel=\"noopener noreferrer\">\u00c9crivez \u00e0 Trudeau<\/a><\/p>\n<p>&nbsp;<\/p>\n<p>&nbsp;<\/p>\n<div style=\"width: 100%; height: 960px;\"><iframe loading=\"lazy\" src=\"\/\/v.24liveblog.com\/iframe\/?id=2028347170186509152\" width=\"100%\" height=\"960px\" frameborder=\"0\" scrolling=\"auto\"><\/iframe><\/div>\n<div class=\"EmptyMessage\">Block content is empty. Check the block&rsquo;s settings or remove it.<\/div>","protected":false},"excerpt":{"rendered":"<p>Des grimpeurs suspendus au pont de Vancouver pour barrer la route d\u2019un navire p\u00e9trolier T\u00f4t ce matin, sept grimpeurs dont des leaders communautaires autochtones et des activistes de Greenpeace se&hellip;<\/p>\n","protected":false},"author":8,"featured_media":3190,"comment_status":"open","ping_status":"open","sticky":false,"template":"","format":"standard","meta":{"ep_exclude_from_search":false,"p4_og_title":"","p4_og_description":"","p4_og_image":"","p4_og_image_id":"","p4_seo_canonical_url":"","p4_campaign_name":"","p4_local_project":"","p4_basket_name":"","p4_department":"","footnotes":""},"categories":[20],"tags":[37,40,41,47],"p4-page-type":[],"class_list":["post-3151","post","type-post","status-publish","format-standard","has-post-thumbnail","hentry","category-climat","tag-actionspacifiques","tag-autochtones","tag-climat","tag-petrole"],"_links":{"self":[{"href":"https:\/\/www.greenpeace.org\/canada\/fr\/wp-json\/wp\/v2\/posts\/3151","targetHints":{"allow":["GET"]}}],"collection":[{"href":"https:\/\/www.greenpeace.org\/canada\/fr\/wp-json\/wp\/v2\/posts"}],"about":[{"href":"https:\/\/www.greenpeace.org\/canada\/fr\/wp-json\/wp\/v2\/types\/post"}],"author":[{"embeddable":true,"href":"https:\/\/www.greenpeace.org\/canada\/fr\/wp-json\/wp\/v2\/users\/8"}],"replies":[{"embeddable":true,"href":"https:\/\/www.greenpeace.org\/canada\/fr\/wp-json\/wp\/v2\/comments?post=3151"}],"version-history":[{"count":20,"href":"https:\/\/www.greenpeace.org\/canada\/fr\/wp-json\/wp\/v2\/posts\/3151\/revisions"}],"predecessor-version":[{"id":51446,"href":"https:\/\/www.greenpeace.org\/canada\/fr\/wp-json\/wp\/v2\/posts\/3151\/revisions\/51446"}],"wp:featuredmedia":[{"embeddable":true,"href":"https:\/\/www.greenpeace.org\/canada\/fr\/wp-json\/wp\/v2\/media\/3190"}],"wp:attachment":[{"href":"https:\/\/www.greenpeace.org\/canada\/fr\/wp-json\/wp\/v2\/media?parent=3151"}],"wp:term":[{"taxonomy":"category","embeddable":true,"href":"https:\/\/www.greenpeace.org\/canada\/fr\/wp-json\/wp\/v2\/categories?post=3151"},{"taxonomy":"post_tag","embeddable":true,"href":"https:\/\/www.greenpeace.org\/canada\/fr\/wp-json\/wp\/v2\/tags?post=3151"},{"taxonomy":"p4-page-type","embeddable":true,"href":"https:\/\/www.greenpeace.org\/canada\/fr\/wp-json\/wp\/v2\/p4-page-type?post=3151"}],"curies":[{"name":"wp","href":"https:\/\/api.w.org\/{rel}","templated":true}]}}