{"id":3258,"date":"2018-07-04T10:08:42","date_gmt":"2018-07-04T14:08:42","guid":{"rendered":"https:\/\/www.greenpeace.org\/canada\/?p=3258"},"modified":"2021-12-06T06:34:16","modified_gmt":"2021-12-06T11:34:16","slug":"les-impacts-de-lexploitation-industrielle-sur-la-grande-foret-du-nord","status":"publish","type":"post","link":"https:\/\/www.greenpeace.org\/canada\/fr\/publications\/3258\/les-impacts-de-lexploitation-industrielle-sur-la-grande-foret-du-nord\/","title":{"rendered":"Les impacts de l&rsquo;exploitation industrielle sur la grande for\u00eat du Nord"},"content":{"rendered":"<p>La grande for\u00eat du Nord, ou for\u00eat bor\u00e9ale, ceint l\u2019h\u00e9misph\u00e8re nord de la plan\u00e8te telle une couronne verte. Celle-ci ceint les r\u00e9gions subarctiques et repr\u00e9sente pr\u00e8s du tiers des for\u00eats sur Terre. Cet \u00e9cosyst\u00e8me \u00e9tonnant repr\u00e9sente \u00e0 la fois un important puits de carbone permettant de lutter contre les effets du r\u00e9chauffement climatique, et un refuge crucial pour la biodiversit\u00e9.<\/p>\n<p><a href=\"https:\/\/www.greenpeace.org\/static\/planet4-canada-stateless\/2018\/07\/GrandeForetduNord-LesImpactsIndustriels.pdf\" target=\"_blank\" rel=\"noopener noreferrer\"><img loading=\"lazy\" decoding=\"async\" class=\"alignright size-medium wp-image-3238\" src=\"http:\/\/www.greenpeace.org\/canada\/wp-content\/uploads\/2018\/07\/GrandeForetduNord-LesImpactsIndustriels-231x300.png\" alt=\"\" width=\"212\" height=\"300\" \/><\/a><\/p>\n<p>La grande for\u00eat du Nord est compos\u00e9e de for\u00eats am\u00e9nag\u00e9es, soumises \u00e0 des coupes industrielles p\u00e9riodiques, ainsi que de for\u00eats primaires. Dans ces derni\u00e8res cohabitent une for\u00eat ancienne de v\u00e9g\u00e9tation mature et de nouveaux peuplements, issus de perturbations naturelles telles que des incendies. La grande for\u00eat du Nord abrite une incroyable diversit\u00e9 de mammif\u00e8res indig\u00e8nes allant du renne (en Europe du Nord et en Russie) au caribou (en Am\u00e9rique du Nord) en passant par le carcajou et le lynx. Les arbres, les plantes et les sols qui s\u2019y trouvent, incluant de vastes zones de tourbi\u00e8res et de perg\u00e9lisol, stockent plus de carbone que toutes les for\u00eats tropicales du monde r\u00e9unies. Pour affronter les impacts des changements climatiques, ainsi que sauvegarder la beaut\u00e9 et l\u2019incroyable vie qu\u2019abrite cette for\u00eat, nous devons mieux comprendre la science qui la r\u00e9git. Le rapport a pour objectif de pr\u00e9senter les faits scientifiques sur la grande for\u00eat du Nord.<br \/>\n<a class=\"pdf-link\" href=\"https:\/\/www.greenpeace.org\/static\/planet4-canada-stateless\/2018\/07\/GrandeForetduNord-LesImpactsIndustriels.pdf\" target=\"_blank\" rel=\"noopener noreferrer\">T\u00e9l\u00e9charger le r\u00e9sum\u00e9 en Fran\u00e7ais [PDF]<\/a><br \/>\n<a class=\"pdf-link\" href=\"https:\/\/www.greenpeace.org\/static\/planet4-canada-stateless\/2018\/07\/The-Impacts-of-Logging-in-the-Great-Northern-Forest.pdf\" target=\"_blank\" rel=\"noopener noreferrer\">T\u00e9l\u00e9charger le rapport complet en anglais [PDF]<\/a><\/p>\n\t\t\t<section\n\t\t\tclass=\"boxout post-2575 \"\n\t\t\t\n\t\t>\n\t\t\t<a\n\t\t\t\tdata-ga-category=\"Take Action Boxout\"\n\t\t\t\tdata-ga-action=\"Image\"\n\t\t\t\tdata-ga-label=\"n\/a\"\n\t\t\t\tclass=\"cover-card-overlay\"\n\t\t\t\thref=\"https:\/\/www.greenpeace.org\/canada\/fr\/protegez-le-caribou-boreal\/\" \n\t\t\t><\/a>\n\t\t\t\t\t\t\t<img\n\t\t\t\t\t\tsrc=\"https:\/\/www.greenpeace.org\/static\/planet4-canada-stateless\/2018\/06\/GP03QUW-1024x1024.jpg\"\n\t\t\t\t\t\tsrcset=\"https:\/\/www.greenpeace.org\/static\/planet4-canada-stateless\/2018\/06\/GP03QUW-300x300.jpg 300w, https:\/\/www.greenpeace.org\/static\/planet4-canada-stateless\/2018\/06\/GP03QUW-150x150.jpg 150w, https:\/\/www.greenpeace.org\/static\/planet4-canada-stateless\/2018\/06\/GP03QUW-768x768.jpg 768w, https:\/\/www.greenpeace.org\/static\/planet4-canada-stateless\/2018\/06\/GP03QUW-1024x1024.jpg 1024w, https:\/\/www.greenpeace.org\/static\/planet4-canada-stateless\/2018\/06\/GP03QUW-340x340.jpg 340w, https:\/\/www.greenpeace.org\/static\/planet4-canada-stateless\/2018\/06\/GP03QUW.jpg 1200w\"\n\t\t\t\t\t\tsizes=\"(min-width: 1000px) 358px, (min-width: 780px) 313px, 88px\"\n\t\t\t\t\t\talt=\"Woodland Caribou in Canada\" title=\"Woodland Caribou in Canada\"\n\t\t\t\t\/>\n            \t\t\t<div class=\"boxout-content\">\n\t\t\t\t\t\t\t\t\t<a\n\t\t\t\t\t\tclass=\"boxout-heading medium\"\n\t\t\t\t\t\tdata-ga-category=\"Take Action Boxout\"\n\t\t\t\t\t\tdata-ga-action=\"Title\"\n\t\t\t\t\t\tdata-ga-label=\"n\/a\"\n\t\t\t\t\t\thref=\"https:\/\/www.greenpeace.org\/canada\/fr\/protegez-le-caribou-boreal\/\"\n\t\t\t\t\t\t\n\t\t\t\t\t>\n\t\t\t\t\t\tProt\u00e9gez le caribou bor\u00e9al\n\t\t\t\t\t<\/a>\n\t\t\t\t\t\t\t\t\t\t\t\t\t<p class=\"boxout-excerpt\">\u00c0 travers le pays, les hardes de caribous font face \u00e0 un d\u00e9clin alarmant et risquent m\u00eame l\u2019extinction dans certaines zones.<\/p>\n\t\t\t\t                                    <a\n                        class=\"btn btn-primary\"\n                        data-ga-category=\"Take Action Boxout\"\n                        data-ga-action=\"Call to Action\"\n                        data-ga-label=\"n\/a\"\n                        href=\"https:\/\/www.greenpeace.org\/canada\/fr\/protegez-le-caribou-boreal\/\"\n                        \n                    >\n                        Passer \u00e0 l&#039;action\n                    <\/a>\n                \t\t\t<\/div>\n\t\t\t\t\t<\/section>\n\t","protected":false},"excerpt":{"rendered":"<p>La grande for\u00eat du Nord,  ou for\u00eat bor\u00e9ale, ceint l\u2019h\u00e9misph\u00e8re nord de la plan\u00e8te telle une couronne verte. Celle-ci ceint les r\u00e9gions subarctiques et repr\u00e9sente pr\u00e8s du tiers des for\u00eats sur Terre. Cet \u00e9cosyst\u00e8me \u00e9tonnant repr\u00e9sente \u00e0 la fois un important puits de carbone permettant de lutter contre les effets du r\u00e9chauffement climatique, et un refuge crucial pour la biodiversit\u00e9. Pour sauvegarder la beaut\u00e9 et l\u2019incroyable vie qu\u2019abrite cette for\u00eat, nous devons mieux comprendre la science qui la r\u00e9git. Le rapport a pour objectif de pr\u00e9senter les faits scientifiques sur la grande for\u00eat du Nord.<\/p>\n","protected":false},"author":29,"featured_media":3260,"comment_status":"open","ping_status":"open","sticky":false,"template":"","format":"standard","meta":{"ep_exclude_from_search":false,"p4_og_title":"","p4_og_description":"","p4_og_image":"","p4_og_image_id":"","p4_seo_canonical_url":"","p4_campaign_name":"","p4_local_project":"","p4_basket_name":"","p4_department":"","footnotes":""},"categories":[19],"tags":[41,43,83],"p4-page-type":[54],"class_list":["post-3258","post","type-post","status-publish","format-standard","has-post-thumbnail","hentry","category-nature-fr","tag-climat","tag-forets","tag-consommation","p4-page-type-publications"],"_links":{"self":[{"href":"https:\/\/www.greenpeace.org\/canada\/fr\/wp-json\/wp\/v2\/posts\/3258","targetHints":{"allow":["GET"]}}],"collection":[{"href":"https:\/\/www.greenpeace.org\/canada\/fr\/wp-json\/wp\/v2\/posts"}],"about":[{"href":"https:\/\/www.greenpeace.org\/canada\/fr\/wp-json\/wp\/v2\/types\/post"}],"author":[{"embeddable":true,"href":"https:\/\/www.greenpeace.org\/canada\/fr\/wp-json\/wp\/v2\/users\/29"}],"replies":[{"embeddable":true,"href":"https:\/\/www.greenpeace.org\/canada\/fr\/wp-json\/wp\/v2\/comments?post=3258"}],"version-history":[{"count":5,"href":"https:\/\/www.greenpeace.org\/canada\/fr\/wp-json\/wp\/v2\/posts\/3258\/revisions"}],"predecessor-version":[{"id":51444,"href":"https:\/\/www.greenpeace.org\/canada\/fr\/wp-json\/wp\/v2\/posts\/3258\/revisions\/51444"}],"wp:featuredmedia":[{"embeddable":true,"href":"https:\/\/www.greenpeace.org\/canada\/fr\/wp-json\/wp\/v2\/media\/3260"}],"wp:attachment":[{"href":"https:\/\/www.greenpeace.org\/canada\/fr\/wp-json\/wp\/v2\/media?parent=3258"}],"wp:term":[{"taxonomy":"category","embeddable":true,"href":"https:\/\/www.greenpeace.org\/canada\/fr\/wp-json\/wp\/v2\/categories?post=3258"},{"taxonomy":"post_tag","embeddable":true,"href":"https:\/\/www.greenpeace.org\/canada\/fr\/wp-json\/wp\/v2\/tags?post=3258"},{"taxonomy":"p4-page-type","embeddable":true,"href":"https:\/\/www.greenpeace.org\/canada\/fr\/wp-json\/wp\/v2\/p4-page-type?post=3258"}],"curies":[{"name":"wp","href":"https:\/\/api.w.org\/{rel}","templated":true}]}}