{"id":346,"date":"2018-05-11T00:00:00","date_gmt":"2018-05-11T00:00:00","guid":{"rendered":"https:\/\/www.greenpeace.org\/canada\/non-classifiee\/346\/greenpeace-couillard-condamne-les-caribous-au-detriment-des-emplois-forestiers\/"},"modified":"2021-12-10T01:17:34","modified_gmt":"2021-12-10T06:17:34","slug":"greenpeace-couillard-condamne-les-caribous-au-detriment-des-emplois-forestiers","status":"publish","type":"post","link":"https:\/\/www.greenpeace.org\/canada\/fr\/blog-des-volontaires\/346\/greenpeace-couillard-condamne-les-caribous-au-detriment-des-emplois-forestiers\/","title":{"rendered":"Greenpeace: Couillard condamne les caribous  au d\u00e9triment des emplois forestiers"},"content":{"rendered":"<p><strong>11 mai 2018 (MONTR\u00c9AL)<\/strong> &#8211; En r\u00e9action \u00e0 la visite du Premier Ministre Philippe Couillard au congr\u00e8s annuel du Conseil de l\u2019industrie foresti\u00e8re du Qu\u00e9bec, o\u00f9 il annonce qu\u2019il n\u2019est pas question de sacrifier des emplois en foresterie pour la protection des caribous, Olivier Kolmel, responsable de la campagne For\u00eat de Greenpeace Canada a d\u00e9clar\u00e9:<\/p>\n<p>\u201cIl est clair que Couillard a une tr\u00e8s mauvaise compr\u00e9hension des demandes du march\u00e9, et une vision tr\u00e8s limit\u00e9e de l\u2019\u00e9conomie foresti\u00e8re au Qu\u00e9bec. Il ne comprend toujours pas que prot\u00e9ger le caribou, c\u2019est prot\u00e9ger les emplois sur le long-terme. La demande de produits durables augmente \u00e0 travers le monde et si nos gouvernements prennent la protection des caribous au s\u00e9rieux, ils pourront r\u00e9pondre aux demandes du march\u00e9 ainsi que soutenir les communaut\u00e9s locales.\u201d<\/p>\n<p>\u00c0 titre d\u2019exemple, l\u2019ann\u00e9e derni\u00e8re, plusieurs entreprises qui utilisent des produits de la for\u00eat bor\u00e9ale ont \u00e9crit une lettre ouverte aux repr\u00e9sentants des gouvernements f\u00e9d\u00e9ral et provinciaux du Canada, les exhortant \u00e0 agir rapidement pour prot\u00e9ger le caribou forestier. Les entreprises qui ont sign\u00e9 cette lettre ont une capitalisation boursi\u00e8re de pr\u00e8s de 600 milliards de dollars. Parmi ces entreprises, on peut retrouver: Procter &amp; Gamble, Kimberly-Clark, H&amp;M, Amy\u2019s Kitchen, Ben &amp; Jerry\u2019s, Greystone Books, Rose International, et Liturgy Training Publications. Vous trouverez une copie de la lettre <a href=\"https:\/\/www.benjerry.com\/files\/live\/sites\/systemsite\/files\/whats-new\/6925-protect-woodland\/provincial-caribou-plans-letter.pdf\" target=\"_blank\" rel=\"noopener\">ici<\/a> (en anglais). La lettre est adress\u00e9e \u00e0 Catherine McKenna ainsi que Philippe Couillard, Rachel Notley, et Kathleen Wynne.<\/p>\n<p style=\"text-align: center;\">-30-<\/p>\n<p><strong>Pour plus d\u2019informations:<\/strong><\/p>\n<p>Marie Moucarry, Communications Officer at Greenpeace Canada, 439-993-6127, <a href=\"mailto:marie.moucarry@greenpeace.org\">marie.moucarry@greenpeace.org<\/a><\/p>\n\t\t\t<section\n\t\t\tclass=\"boxout post-2575 \"\n\t\t\t\n\t\t>\n\t\t\t<a\n\t\t\t\tdata-ga-category=\"Take Action Boxout\"\n\t\t\t\tdata-ga-action=\"Image\"\n\t\t\t\tdata-ga-label=\"n\/a\"\n\t\t\t\tclass=\"cover-card-overlay\"\n\t\t\t\thref=\"https:\/\/www.greenpeace.org\/canada\/fr\/protegez-le-caribou-boreal\/\" \n\t\t\t><\/a>\n\t\t\t\t\t\t\t<img\n\t\t\t\t\t\tsrc=\"https:\/\/www.greenpeace.org\/static\/planet4-canada-stateless\/2018\/06\/GP03QUW-1024x1024.jpg\"\n\t\t\t\t\t\tsrcset=\"https:\/\/www.greenpeace.org\/static\/planet4-canada-stateless\/2018\/06\/GP03QUW-300x300.jpg 300w, https:\/\/www.greenpeace.org\/static\/planet4-canada-stateless\/2018\/06\/GP03QUW-150x150.jpg 150w, https:\/\/www.greenpeace.org\/static\/planet4-canada-stateless\/2018\/06\/GP03QUW-768x768.jpg 768w, https:\/\/www.greenpeace.org\/static\/planet4-canada-stateless\/2018\/06\/GP03QUW-1024x1024.jpg 1024w, https:\/\/www.greenpeace.org\/static\/planet4-canada-stateless\/2018\/06\/GP03QUW-340x340.jpg 340w, https:\/\/www.greenpeace.org\/static\/planet4-canada-stateless\/2018\/06\/GP03QUW.jpg 1200w\"\n\t\t\t\t\t\tsizes=\"(min-width: 1000px) 358px, (min-width: 780px) 313px, 88px\"\n\t\t\t\t\t\talt=\"Woodland Caribou in Canada\" title=\"Woodland Caribou in Canada\"\n\t\t\t\t\/>\n            \t\t\t<div class=\"boxout-content\">\n\t\t\t\t\t\t\t\t\t<a\n\t\t\t\t\t\tclass=\"boxout-heading medium\"\n\t\t\t\t\t\tdata-ga-category=\"Take Action Boxout\"\n\t\t\t\t\t\tdata-ga-action=\"Title\"\n\t\t\t\t\t\tdata-ga-label=\"n\/a\"\n\t\t\t\t\t\thref=\"https:\/\/www.greenpeace.org\/canada\/fr\/protegez-le-caribou-boreal\/\"\n\t\t\t\t\t\t\n\t\t\t\t\t>\n\t\t\t\t\t\tProt\u00e9gez le caribou bor\u00e9al\n\t\t\t\t\t<\/a>\n\t\t\t\t\t\t\t\t\t\t\t\t\t<p class=\"boxout-excerpt\">\u00c0 travers le pays, les hardes de caribous font face \u00e0 un d\u00e9clin alarmant et risquent m\u00eame l\u2019extinction dans certaines zones.<\/p>\n\t\t\t\t                                    <a\n                        class=\"btn btn-primary\"\n                        data-ga-category=\"Take Action Boxout\"\n                        data-ga-action=\"Call to Action\"\n                        data-ga-label=\"n\/a\"\n                        href=\"https:\/\/www.greenpeace.org\/canada\/fr\/protegez-le-caribou-boreal\/\"\n                        \n                    >\n                        Passer \u00e0 l&#039;action\n                    <\/a>\n                \t\t\t<\/div>\n\t\t\t\t\t<\/section>\n\t","protected":false},"excerpt":{"rendered":"<p>11 mai 2018 (MONTR\u00c9AL) &#8211; En r\u00e9action \u00e0 la visite du Premier Ministre Philippe Couillard au congr\u00e8s annuel du Conseil de l\u2019industrie foresti\u00e8re du Qu\u00e9bec, o\u00f9 il annonce qu\u2019il n\u2019est&hellip;<\/p>\n","protected":false},"author":12,"featured_media":1393,"comment_status":"open","ping_status":"open","sticky":false,"template":"","format":"standard","meta":{"ep_exclude_from_search":false,"p4_og_title":"","p4_og_description":"","p4_og_image":"","p4_og_image_id":"","p4_seo_canonical_url":"","p4_campaign_name":"not set","p4_local_project":"not set","p4_basket_name":"not set","p4_department":"","footnotes":""},"categories":[19],"tags":[43],"p4-page-type":[],"class_list":["post-346","post","type-post","status-publish","format-standard","has-post-thumbnail","hentry","category-nature-fr","tag-forets"],"_links":{"self":[{"href":"https:\/\/www.greenpeace.org\/canada\/fr\/wp-json\/wp\/v2\/posts\/346","targetHints":{"allow":["GET"]}}],"collection":[{"href":"https:\/\/www.greenpeace.org\/canada\/fr\/wp-json\/wp\/v2\/posts"}],"about":[{"href":"https:\/\/www.greenpeace.org\/canada\/fr\/wp-json\/wp\/v2\/types\/post"}],"author":[{"embeddable":true,"href":"https:\/\/www.greenpeace.org\/canada\/fr\/wp-json\/wp\/v2\/users\/12"}],"replies":[{"embeddable":true,"href":"https:\/\/www.greenpeace.org\/canada\/fr\/wp-json\/wp\/v2\/comments?post=346"}],"version-history":[{"count":7,"href":"https:\/\/www.greenpeace.org\/canada\/fr\/wp-json\/wp\/v2\/posts\/346\/revisions"}],"predecessor-version":[{"id":51625,"href":"https:\/\/www.greenpeace.org\/canada\/fr\/wp-json\/wp\/v2\/posts\/346\/revisions\/51625"}],"wp:featuredmedia":[{"embeddable":true,"href":"https:\/\/www.greenpeace.org\/canada\/fr\/wp-json\/wp\/v2\/media\/1393"}],"wp:attachment":[{"href":"https:\/\/www.greenpeace.org\/canada\/fr\/wp-json\/wp\/v2\/media?parent=346"}],"wp:term":[{"taxonomy":"category","embeddable":true,"href":"https:\/\/www.greenpeace.org\/canada\/fr\/wp-json\/wp\/v2\/categories?post=346"},{"taxonomy":"post_tag","embeddable":true,"href":"https:\/\/www.greenpeace.org\/canada\/fr\/wp-json\/wp\/v2\/tags?post=346"},{"taxonomy":"p4-page-type","embeddable":true,"href":"https:\/\/www.greenpeace.org\/canada\/fr\/wp-json\/wp\/v2\/p4-page-type?post=346"}],"curies":[{"name":"wp","href":"https:\/\/api.w.org\/{rel}","templated":true}]}}