{"id":3485,"date":"2018-07-19T12:00:13","date_gmt":"2018-07-19T16:00:13","guid":{"rendered":"https:\/\/www.greenpeace.org\/canada\/?p=3485"},"modified":"2021-12-06T06:34:00","modified_gmt":"2021-12-06T11:34:00","slug":"qui-sont-les-grimpeurs-de-laction-de-greenpeace-canada-sur-la-tour-du-parc-olympique-de-montreal","status":"publish","type":"post","link":"https:\/\/www.greenpeace.org\/canada\/fr\/blog-des-volontaires\/3485\/qui-sont-les-grimpeurs-de-laction-de-greenpeace-canada-sur-la-tour-du-parc-olympique-de-montreal\/","title":{"rendered":"Qui sont les grimpeurs de l&rsquo;action de Greenpeace Canada sur la tour du Parc olympique de Montr\u00e9al?"},"content":{"rendered":"<p>Il faut du courage, il faut des comp\u00e9tences mais par dessus tout il faut croire en le pouvoir de chacun de changer les choses. Ces femmes et ces hommes grimpent aujourd&rsquo;hui la tour du Parc Olympique \u00e0 Montr\u00e9al afin de d\u00e9noncer l&rsquo;expension du projet de pipeline de sables bitumineux Trans Mountain et envoyer un message puissant \u00e0 Trudeau.<b><\/b><\/p>\n<h2><strong><img loading=\"lazy\" decoding=\"async\" class=\"alignnone size-large wp-image-3510\" src=\"https:\/\/www.greenpeace.org\/static\/planet4-canada-stateless\/2018\/08\/Jesse_portrait_activist-1024x768.jpg\" alt=\"\" width=\"1024\" height=\"768\" srcset=\"https:\/\/www.greenpeace.org\/static\/planet4-canada-stateless\/2018\/08\/Jesse_portrait_activist-1024x768.jpg 1024w, https:\/\/www.greenpeace.org\/static\/planet4-canada-stateless\/2018\/08\/Jesse_portrait_activist-300x225.jpg 300w, https:\/\/www.greenpeace.org\/static\/planet4-canada-stateless\/2018\/08\/Jesse_portrait_activist-768x576.jpg 768w, https:\/\/www.greenpeace.org\/static\/planet4-canada-stateless\/2018\/08\/Jesse_portrait_activist-1821x1366.jpg 1821w, https:\/\/www.greenpeace.org\/static\/planet4-canada-stateless\/2018\/08\/Jesse_portrait_activist-453x340.jpg 453w\" sizes=\"auto, (max-width: 1024px) 100vw, 1024px\" \/><br \/>\n<\/strong><\/h2>\n<h2><strong>Jesse Richman<\/strong><\/h2>\n<p>Cela fait 10 ans que je suis impliqu\u00e9 avec Greenpeace Canada en tant que b\u00e9n\u00e9vole \/ activiste. J&rsquo;esp\u00e8re qu\u2019\u00e0 travers ma participation je vais pouvoir mettre en lumi\u00e8re certains enjeux environnementaux et faire pression \u00e0 des entreprises et des politiciens afin qu\u2019ils mettent en \u0153uvre des solutions. Ce d\u00e9sir en moi de cr\u00e9er un monde meilleur m\u2019a pouss\u00e9 \u00e0 explorer la construction durable, en construisant des maisons qui deviendront, esp\u00e9rons-le, une norme du 21\u00e8me si\u00e8cle et permettront une transition vers l&rsquo;\u00e9nergie renouvelable, la souverainet\u00e9 alimentaire et l&rsquo;utilisation consciencieuse des ressources naturelles.<\/p>\n<p><strong>\u00a0<img loading=\"lazy\" decoding=\"async\" class=\"alignnone size-large wp-image-3511\" src=\"https:\/\/www.greenpeace.org\/static\/planet4-canada-stateless\/2018\/08\/Michele_portrait_activist-1024x768.jpg\" alt=\"\" width=\"1024\" height=\"768\" srcset=\"https:\/\/www.greenpeace.org\/static\/planet4-canada-stateless\/2018\/08\/Michele_portrait_activist-1024x768.jpg 1024w, https:\/\/www.greenpeace.org\/static\/planet4-canada-stateless\/2018\/08\/Michele_portrait_activist-300x225.jpg 300w, https:\/\/www.greenpeace.org\/static\/planet4-canada-stateless\/2018\/08\/Michele_portrait_activist-768x576.jpg 768w, https:\/\/www.greenpeace.org\/static\/planet4-canada-stateless\/2018\/08\/Michele_portrait_activist-1821x1366.jpg 1821w, https:\/\/www.greenpeace.org\/static\/planet4-canada-stateless\/2018\/08\/Michele_portrait_activist-453x340.jpg 453w\" sizes=\"auto, (max-width: 1024px) 100vw, 1024px\" \/><\/strong><\/p>\n<h2><strong>Michele Lavoie<\/strong><\/h2>\n<p>Je suis activiste pour Greenpeace depuis plus de 10 ans. Devant nos \u00e9lus-es qui consciemment font le choix de mettre en p\u00e9ril notre plan\u00e8te, je ne peux que ressentir de la col\u00e8re. Mon activisme me permet de transformer mon indignation et mon d\u00e9sir de changement en quelque chose de beau et de plus grand que moi.\u00a0Je suis \u00e9galement \u00e9ducatrice sp\u00e9cialis\u00e9e, massoth\u00e9rapeute et designer textile de formation. Quand je ne suis pas accroch\u00e9e \u00e0 une corde d\u2019escalade pour faire passer un message haut et fort aux gouvernements, aux entreprises et \u00e0 mes concitoyens, je travaille \u00e0 temps plein \u00e0 la t\u00eate de l&rsquo;entreprise que j&rsquo;ai fond\u00e9e il y a trois ans o\u00f9\u00a0je\u00a0cr\u00e9e des v\u00eatements \u00e9thiques, \u00e9coresponsables et con\u00e7us localement.<\/p>\n<p><strong>\u00a0<img loading=\"lazy\" decoding=\"async\" class=\"alignnone size-large wp-image-3489\" src=\"https:\/\/www.greenpeace.org\/static\/planet4-canada-stateless\/2018\/08\/Jonathan_portrait_activist_macro-1024x768.jpg\" alt=\"\" width=\"1024\" height=\"768\" srcset=\"https:\/\/www.greenpeace.org\/static\/planet4-canada-stateless\/2018\/08\/Jonathan_portrait_activist_macro-1024x768.jpg 1024w, https:\/\/www.greenpeace.org\/static\/planet4-canada-stateless\/2018\/08\/Jonathan_portrait_activist_macro-300x225.jpg 300w, https:\/\/www.greenpeace.org\/static\/planet4-canada-stateless\/2018\/08\/Jonathan_portrait_activist_macro-768x576.jpg 768w, https:\/\/www.greenpeace.org\/static\/planet4-canada-stateless\/2018\/08\/Jonathan_portrait_activist_macro-1821x1366.jpg 1821w, https:\/\/www.greenpeace.org\/static\/planet4-canada-stateless\/2018\/08\/Jonathan_portrait_activist_macro-453x340.jpg 453w\" sizes=\"auto, (max-width: 1024px) 100vw, 1024px\" \/><\/strong><\/p>\n<h2><strong>Jonathan Lavoie<\/strong><\/h2>\n<p>J&rsquo;ai 26 ans et je suis \u00e9tudiant \u00e0 la maitrise en Sociologie. J\u2019adore apprendre et relever des d\u00e9fis;\u00a0tant essayer des recettes de cuisine pour une quinzaine de personne, qu&rsquo;apprendre des nouveaux\u00a0sports comme la balle-molle ou le rugby.\u00a0J&rsquo;ai d&rsquo;ailleurs jou\u00e9 au football durant 10 saisons. Afin de redonner un petit peu \u00e0 ce sport, j&rsquo;ai \u00e9t\u00e9 entra\u00eeneur aupr\u00e8s des jeunes au cours de 2 saisons. Pratiquer un sport et ensuite l&rsquo;enseigner m&rsquo;a ouvert la voie \u00e0 l&rsquo;enseignement post-secondaire. J&rsquo;ai donc compl\u00e9t\u00e9\u00a0un\u00a0baccalaur\u00e9at en philosophie et politique \u00e0 Sherbrooke. J&rsquo;entame d\u00e9sormais une ma\u00eetrise \u00e0 l&rsquo;Universit\u00e9 de Montr\u00e9al. Je compte travailler comme enseignant dans mes vieux jours. Je connais tout de m\u00eame\u00a0autre chose que le monde scolaire.\u00a0J&rsquo;ai travaill\u00e9 en restauration durant 10 ans\u00a0afin de financer mes programmes de sport-\u00e9tudes.<\/p>\n<p><strong>\u00a0<img loading=\"lazy\" decoding=\"async\" class=\"alignnone size-large wp-image-3490\" src=\"https:\/\/www.greenpeace.org\/static\/planet4-canada-stateless\/2018\/08\/Marilou_portrait_activist_macro-1024x768.jpg\" alt=\"\" width=\"1024\" height=\"768\" srcset=\"https:\/\/www.greenpeace.org\/static\/planet4-canada-stateless\/2018\/08\/Marilou_portrait_activist_macro-1024x768.jpg 1024w, https:\/\/www.greenpeace.org\/static\/planet4-canada-stateless\/2018\/08\/Marilou_portrait_activist_macro-300x225.jpg 300w, https:\/\/www.greenpeace.org\/static\/planet4-canada-stateless\/2018\/08\/Marilou_portrait_activist_macro-768x576.jpg 768w, https:\/\/www.greenpeace.org\/static\/planet4-canada-stateless\/2018\/08\/Marilou_portrait_activist_macro-1821x1366.jpg 1821w, https:\/\/www.greenpeace.org\/static\/planet4-canada-stateless\/2018\/08\/Marilou_portrait_activist_macro-453x340.jpg 453w\" sizes=\"auto, (max-width: 1024px) 100vw, 1024px\" \/><\/strong><\/p>\n<h2><strong>Marilou Labelle<\/strong><\/h2>\n<p>J\u2019ai 28 ans et je suis \u00e9tudiante en psychologie \u00e0 l\u2019UQAM. J\u2019aime autant le sport que les jeux vid\u00e9o, sortir entre amiEs que cuisiner. Je suis esth\u00e9ticienne et aussi \u00e9ducatrice sp\u00e9cialis\u00e9e. Je suis une personne qui aime aider, \u00eatre en contact avec les autres. Surtout, j\u2019aime comprendre les gens. Dans tous les diff\u00e9rents m\u00e9tiers que j\u2019ai faits, c\u2019est toujours par la client\u00e8le que je suis attir\u00e9e plus que les t\u00e2ches en soi.\u00a0\u00a0J\u2019aime pouvoir accompagner les gens, dans les difficult\u00e9s comme dans les bons moments.\u00a0\u00a0Par-dessus tout, j\u2019ai h\u00e2te d\u2019\u00eatre une maman, de fonder une famille. Mais d\u2019abord, je retourne \u00e0 l\u2019universit\u00e9 en psychologie, en visant sur le long terme \u00e0 devenir enseignante au niveau coll\u00e9gial.<\/p>\n<p><img loading=\"lazy\" decoding=\"async\" class=\"alignnone size-large wp-image-3553\" src=\"https:\/\/www.greenpeace.org\/static\/planet4-canada-stateless\/2018\/08\/Olivier_portrait_activist-1024x768.jpg\" alt=\"\" width=\"1024\" height=\"768\" srcset=\"https:\/\/www.greenpeace.org\/static\/planet4-canada-stateless\/2018\/08\/Olivier_portrait_activist.jpg 1024w, https:\/\/www.greenpeace.org\/static\/planet4-canada-stateless\/2018\/08\/Olivier_portrait_activist-300x225.jpg 300w, https:\/\/www.greenpeace.org\/static\/planet4-canada-stateless\/2018\/08\/Olivier_portrait_activist-768x576.jpg 768w, https:\/\/www.greenpeace.org\/static\/planet4-canada-stateless\/2018\/08\/Olivier_portrait_activist-453x340.jpg 453w\" sizes=\"auto, (max-width: 1024px) 100vw, 1024px\" \/><\/p>\n<h2>Olivier Huard<\/h2>\n<p class=\"p1\">J&rsquo;ai 40 ans et je milite depuis longtemps pour Greenpeace Canada. J&rsquo;ai \u00e9tudi\u00e9 la politique \u00e0 l&rsquo;UQAM et je suis maintenant arboriculteur et technicien en \u00e9cologie. J&rsquo;ai deux enfants et tout ce que j\u2019ai envie de faire c\u2019est de cr\u00e9er un monde meilleur pour eux et pour les g\u00e9n\u00e9rations futures. Je me consid\u00e8re comme un environnementaliste passionn\u00e9 et j&rsquo;essaie d&rsquo;utiliser tous les moyens \u00e0 ma disposition pour faire passer le message qu&rsquo;une transition vers les \u00e9nergies renouvelables est absolument possible.<\/p>\n<p>&nbsp;<\/p>\n<p><strong>Vous voulez rejoindre la vague de r\u00e9sistance?<\/strong> <a href=\"https:\/\/act.gp\/2mvrShc\" target=\"_blank\" rel=\"noopener noreferrer\">Voil\u00e0 ce que vous pouvez faire maintenant.<\/a><\/p>\n\t\t\t<section\n\t\t\tclass=\"boxout post-2580 \"\n\t\t\t\n\t\t>\n\t\t\t<a\n\t\t\t\tdata-ga-category=\"Take Action Boxout\"\n\t\t\t\tdata-ga-action=\"Image\"\n\t\t\t\tdata-ga-label=\"n\/a\"\n\t\t\t\tclass=\"cover-card-overlay\"\n\t\t\t\thref=\"https:\/\/www.greenpeace.org\/canada\/fr\/dites-non-au-sauvetage-du-pipeline-transmountain\/\" \n\t\t\t><\/a>\n\t\t\t\t\t\t\t<img\n\t\t\t\t\t\tsrc=\"https:\/\/www.greenpeace.org\/static\/planet4-canada-stateless\/2018\/06\/GP0STRUHW-1024x683.jpg\"\n\t\t\t\t\t\tsrcset=\"https:\/\/www.greenpeace.org\/static\/planet4-canada-stateless\/2018\/06\/GP0STRUHW-300x200.jpg 300w, https:\/\/www.greenpeace.org\/static\/planet4-canada-stateless\/2018\/06\/GP0STRUHW-768x512.jpg 768w, https:\/\/www.greenpeace.org\/static\/planet4-canada-stateless\/2018\/06\/GP0STRUHW-1024x683.jpg 1024w, https:\/\/www.greenpeace.org\/static\/planet4-canada-stateless\/2018\/06\/GP0STRUHW-510x340.jpg 510w, https:\/\/www.greenpeace.org\/static\/planet4-canada-stateless\/2018\/06\/GP0STRUHW.jpg 1200w\"\n\t\t\t\t\t\tsizes=\"(min-width: 1000px) 358px, (min-width: 780px) 313px, 88px\"\n\t\t\t\t\t\talt=\"Crudeau Oil Action in London\" title=\"Crudeau Oil Action in London\"\n\t\t\t\t\/>\n            \t\t\t<div class=\"boxout-content\">\n\t\t\t\t\t\t\t\t\t<a\n\t\t\t\t\t\tclass=\"boxout-heading medium\"\n\t\t\t\t\t\tdata-ga-category=\"Take Action Boxout\"\n\t\t\t\t\t\tdata-ga-action=\"Title\"\n\t\t\t\t\t\tdata-ga-label=\"n\/a\"\n\t\t\t\t\t\thref=\"https:\/\/www.greenpeace.org\/canada\/fr\/dites-non-au-sauvetage-du-pipeline-transmountain\/\"\n\t\t\t\t\t\t\n\t\t\t\t\t>\n\t\t\t\t\t\tDites non au sauvetage du pipeline TransMountain\n\t\t\t\t\t<\/a>\n\t\t\t\t\t\t\t\t\t\t\t\t\t<p class=\"boxout-excerpt\">Le premier ministre canadien Justin Trudeau investit des milliards de dollars de fonds publics dans ce projet de pipeline vou\u00e9 \u00e0 l\u2019\u00e9chec. Il utilise l\u2019argent public pour appuyer un projet qui bafoue ses propres engagements climatiques et pi\u00e9tine les droits autochtones en compl\u00e8te contradiction avec la volont\u00e9 de r\u00e9conciliation.<\/p>\n\t\t\t\t                                    <a\n                        class=\"btn btn-primary\"\n                        data-ga-category=\"Take Action Boxout\"\n                        data-ga-action=\"Call to Action\"\n                        data-ga-label=\"n\/a\"\n                        href=\"https:\/\/www.greenpeace.org\/canada\/fr\/dites-non-au-sauvetage-du-pipeline-transmountain\/\"\n                        \n                    >\n                        Passer \u00e0 l&#039;action\n                    <\/a>\n                \t\t\t<\/div>\n\t\t\t\t\t<\/section>\n\t","protected":false},"excerpt":{"rendered":"<p>Il faut du courage, il faut des comp\u00e9tences mais par dessus tout il faut croire en le pouvoir de chacun de changer les choses. Ces femmes et ces hommes agissent aujourd&rsquo;hui au nom de tou\u2022te\u2022s depuis le haut de la tour du Parc Olympique \u00e0 Montr\u00e9al afin de d\u00e9noncer le rachat par le gouvernement f\u00e9d\u00e9ral du projet de pipeline de sables bitumineux Trans Mountain.\u00a0<\/p>\n","protected":false},"author":8,"featured_media":3511,"comment_status":"open","ping_status":"open","sticky":false,"template":"","format":"standard","meta":{"ep_exclude_from_search":false,"p4_og_title":"","p4_og_description":"","p4_og_image":"","p4_og_image_id":"","p4_seo_canonical_url":"","p4_campaign_name":"","p4_local_project":"","p4_basket_name":"","p4_department":"","footnotes":""},"categories":[20],"tags":[37,41,47],"p4-page-type":[],"class_list":["post-3485","post","type-post","status-publish","format-standard","has-post-thumbnail","hentry","category-climat","tag-actionspacifiques","tag-climat","tag-petrole"],"_links":{"self":[{"href":"https:\/\/www.greenpeace.org\/canada\/fr\/wp-json\/wp\/v2\/posts\/3485","targetHints":{"allow":["GET"]}}],"collection":[{"href":"https:\/\/www.greenpeace.org\/canada\/fr\/wp-json\/wp\/v2\/posts"}],"about":[{"href":"https:\/\/www.greenpeace.org\/canada\/fr\/wp-json\/wp\/v2\/types\/post"}],"author":[{"embeddable":true,"href":"https:\/\/www.greenpeace.org\/canada\/fr\/wp-json\/wp\/v2\/users\/8"}],"replies":[{"embeddable":true,"href":"https:\/\/www.greenpeace.org\/canada\/fr\/wp-json\/wp\/v2\/comments?post=3485"}],"version-history":[{"count":15,"href":"https:\/\/www.greenpeace.org\/canada\/fr\/wp-json\/wp\/v2\/posts\/3485\/revisions"}],"predecessor-version":[{"id":51435,"href":"https:\/\/www.greenpeace.org\/canada\/fr\/wp-json\/wp\/v2\/posts\/3485\/revisions\/51435"}],"wp:featuredmedia":[{"embeddable":true,"href":"https:\/\/www.greenpeace.org\/canada\/fr\/wp-json\/wp\/v2\/media\/3511"}],"wp:attachment":[{"href":"https:\/\/www.greenpeace.org\/canada\/fr\/wp-json\/wp\/v2\/media?parent=3485"}],"wp:term":[{"taxonomy":"category","embeddable":true,"href":"https:\/\/www.greenpeace.org\/canada\/fr\/wp-json\/wp\/v2\/categories?post=3485"},{"taxonomy":"post_tag","embeddable":true,"href":"https:\/\/www.greenpeace.org\/canada\/fr\/wp-json\/wp\/v2\/tags?post=3485"},{"taxonomy":"p4-page-type","embeddable":true,"href":"https:\/\/www.greenpeace.org\/canada\/fr\/wp-json\/wp\/v2\/p4-page-type?post=3485"}],"curies":[{"name":"wp","href":"https:\/\/api.w.org\/{rel}","templated":true}]}}