{"id":3518,"date":"2018-07-19T03:00:18","date_gmt":"2018-07-19T07:00:18","guid":{"rendered":"https:\/\/www.greenpeace.org\/canada\/?p=3518"},"modified":"2019-11-06T03:28:46","modified_gmt":"2019-11-06T08:28:46","slug":"avis-aux-medias-en-cours-maintenant-greenpeace-canada-escalade-la-tour-du-parc-olympique-de-montreal-en-protestation-contre-lexpansion-du-pipeline-trans-mountain","status":"publish","type":"post","link":"https:\/\/www.greenpeace.org\/canada\/fr\/blog-des-volontaires\/3518\/avis-aux-medias-en-cours-maintenant-greenpeace-canada-escalade-la-tour-du-parc-olympique-de-montreal-en-protestation-contre-lexpansion-du-pipeline-trans-mountain\/","title":{"rendered":"AVIS AUX M\u00c9DIAS\u00a0&#8211; EN COURS MAINTENANT : Greenpeace Canada escalade la tour du Parc Olympique de Montr\u00e9al en protestation contre l\u2019expansion du pipeline Trans Mountain"},"content":{"rendered":"<p><strong>Le 19<\/strong><strong> juillet<\/strong><strong> 2018<\/strong> (<strong>Montr\u00e9al) &#8211; <\/strong>Greenpeace CanadLe 19 juillet 2018 (Montr\u00e9al) &#8211; Greenpeace Canada escalade la tour du Parc Olympique de Montr\u00e9al o\u00f9 cinq activistes d\u00e9ploient une banni\u00e8re g\u00e9ante (mesurant 10 x 25 m) sur laquelle on peut lire \u00ab Ne salissez pas notre argent : Stop Pipelines \u00bb envoyant ainsi un message fort au Premier Ministre Justin Trudeau de ne pas investir $4,5 milliards de dollars d&rsquo;argent public dans le rachat du projet d\u2019expansion du pipeline Trans Mountain (TMX).<\/p>\n<p style=\"text-align: center;\"><strong>Un communiqu\u00e9 de presse suivra plus tard dans la matin\u00e9e avec photo. <\/strong><br \/>\n<strong>Le B-roll sera disponible en apr\u00e8s-midi. <\/strong><\/p>\n<p><strong>QUOI<\/strong>: Cinq activistes escaladent la tour du Parc Olympique de Montr\u00e9al pour d\u00e9noncer le projet d\u2019expansion TMX et son rachat par le gouvernement Trudeau.<\/p>\n<p><strong>QUAND: MAINTENANT<\/strong> \u2013 depuis 6h du matin heure de l\u2019Est.<\/p>\n<p><strong>O\u00d9<\/strong>: se diriger vers le Parc Olympique \u00e0 cette\u00a0<a href=\"https:\/\/www.google.com\/maps\/place\/4141+Avenue+Pierre-De+Coubertin,+Montr%C3%A9al,+QC+H1V+3N7\/@45.5597777,-73.5536719,17z\/data=!3m1!4b1!4m5!3m4!1s0x4cc91c0c1284c7e9:0x56c134e14daa216d!8m2!3d45.559774!4d-73.5514832?hl=en\" target=\"_blank\" rel=\"noopener noreferrer\">adresse<\/a> pour une vue de premier plan des banni\u00e8res et des activistes \u2013 c\u00f4t\u00e9 du Biod\u00f4me.<\/p>\n<p><strong>ENTREVUES:<\/strong>\u00a0les activistes et les porte-paroles de Greenpeace Canada seront disponibles. Veuillez nous contacter pour c\u00e9duler votre entrevue.<\/p>\n<p><strong>PHOTOS et VID\u00c9OS<\/strong> seront t\u00e9l\u00e9charg\u00e9es au fur et \u00e0 mesure ici\u00a0:\u00a0<u><a href=\"https:\/\/media.greenpeace.org\/collection\/27MZIFJWD7PX8\" target=\"_blank\" rel=\"noopener noreferrer\">https:\/\/media.greenpeace.org\/collection\/27MZIFJWD7PX8<\/a><\/u><\/p>\n<p style=\"text-align: center;\">-30-<\/p>\n<p><strong>Pour une mise \u00e0 jour continue de l\u2019action en cours, regardez <\/strong><strong><a href=\"https:\/\/twitter.com\/greenpeaceQC\" target=\"_blank\" rel=\"noopener noreferrer\">Twitter<\/a><\/strong><strong> et <\/strong><strong><a href=\"https:\/\/www.instagram.com\/greenpeacequebec\/?hl=en\" target=\"_blank\" rel=\"noopener noreferrer\">Instagram<\/a><\/strong><strong>.<\/strong><\/p>\n<p><strong>\u00c9coutez nos diffusions en direct sur <\/strong><strong><a href=\"https:\/\/www.facebook.com\/greenpeaceqc\/?ref=br_rs\" target=\"_blank\" rel=\"noopener noreferrer\">Facebook<\/a><\/strong><strong>. <\/strong><\/p>\n<p><strong>Prenez connaissance de notre p\u00e9tition <\/strong><strong><a href=\"https:\/\/act.gp\/2mbRqzI\" target=\"_blank\" rel=\"noopener noreferrer\">ici<\/a><\/strong><strong> et de notre p\u00e9tition globale <\/strong><strong><a href=\"ttps:\/\/act.gp\/2ukaVul\" target=\"_blank\" rel=\"noopener noreferrer\">ici<\/a><\/strong><strong>.<br \/>\n<\/strong><strong>\u00a0<\/strong><\/p>\n<p><strong>Pour de plus amples informations et pour organiser une entrevue, veuillez contacter:\u00a0<\/strong>Marie Moucarry, Conseill\u00e8re aux communications, <a href=\"mailto:marie.moucarry@greenpeace.org\" target=\"_blank\" rel=\"noopener noreferrer\">marie.moucarry@greenpeace.org<\/a>, <a href=\"tel:4389936127\" target=\"_blank\" rel=\"noopener noreferrer\">(438) 993-6127 <\/a><\/p>\n","protected":false},"excerpt":{"rendered":"<p>Le 19 juillet 2018 (Montr\u00e9al) &#8211; Greenpeace Canada grimpe la tour du parc olympique de Montr\u00e9al o\u00f9 cinq activistes d\u00e9ploient une banni\u00e8re g\u00e9ante (mesurant 10 x 25 m) sur laquelle&hellip;<\/p>\n","protected":false},"author":8,"featured_media":3559,"comment_status":"open","ping_status":"open","sticky":false,"template":"","format":"standard","meta":{"ep_exclude_from_search":false,"p4_og_title":"","p4_og_description":"","p4_og_image":"","p4_og_image_id":"","p4_seo_canonical_url":"","p4_campaign_name":"","p4_local_project":"","p4_basket_name":"","p4_department":"","footnotes":""},"categories":[20],"tags":[47,37,41],"p4-page-type":[],"class_list":["post-3518","post","type-post","status-publish","format-standard","has-post-thumbnail","hentry","category-climat","tag-petrole","tag-actionspacifiques","tag-climat"],"_links":{"self":[{"href":"https:\/\/www.greenpeace.org\/canada\/fr\/wp-json\/wp\/v2\/posts\/3518","targetHints":{"allow":["GET"]}}],"collection":[{"href":"https:\/\/www.greenpeace.org\/canada\/fr\/wp-json\/wp\/v2\/posts"}],"about":[{"href":"https:\/\/www.greenpeace.org\/canada\/fr\/wp-json\/wp\/v2\/types\/post"}],"author":[{"embeddable":true,"href":"https:\/\/www.greenpeace.org\/canada\/fr\/wp-json\/wp\/v2\/users\/8"}],"replies":[{"embeddable":true,"href":"https:\/\/www.greenpeace.org\/canada\/fr\/wp-json\/wp\/v2\/comments?post=3518"}],"version-history":[{"count":11,"href":"https:\/\/www.greenpeace.org\/canada\/fr\/wp-json\/wp\/v2\/posts\/3518\/revisions"}],"predecessor-version":[{"id":26967,"href":"https:\/\/www.greenpeace.org\/canada\/fr\/wp-json\/wp\/v2\/posts\/3518\/revisions\/26967"}],"wp:featuredmedia":[{"embeddable":true,"href":"https:\/\/www.greenpeace.org\/canada\/fr\/wp-json\/wp\/v2\/media\/3559"}],"wp:attachment":[{"href":"https:\/\/www.greenpeace.org\/canada\/fr\/wp-json\/wp\/v2\/media?parent=3518"}],"wp:term":[{"taxonomy":"category","embeddable":true,"href":"https:\/\/www.greenpeace.org\/canada\/fr\/wp-json\/wp\/v2\/categories?post=3518"},{"taxonomy":"post_tag","embeddable":true,"href":"https:\/\/www.greenpeace.org\/canada\/fr\/wp-json\/wp\/v2\/tags?post=3518"},{"taxonomy":"p4-page-type","embeddable":true,"href":"https:\/\/www.greenpeace.org\/canada\/fr\/wp-json\/wp\/v2\/p4-page-type?post=3518"}],"curies":[{"name":"wp","href":"https:\/\/api.w.org\/{rel}","templated":true}]}}