{"id":375,"date":"2018-04-30T00:00:00","date_gmt":"2018-04-30T00:00:00","guid":{"rendered":"https:\/\/www.greenpeace.org\/canada\/non-classifiee\/375\/greenpeace-occupe-les-lieux-du-ministere-de-lenvironnement-avec-51-pierres-tombales-pour-denoncer-lechec-de-la-protection-du-caribou\/"},"modified":"2019-11-06T03:29:13","modified_gmt":"2019-11-06T08:29:13","slug":"greenpeace-occupe-les-lieux-du-ministere-de-lenvironnement-avec-51-pierres-tombales-pour-denoncer-lechec-de-la-protection-du-caribou","status":"publish","type":"post","link":"https:\/\/www.greenpeace.org\/canada\/fr\/blog-des-volontaires\/375\/greenpeace-occupe-les-lieux-du-ministere-de-lenvironnement-avec-51-pierres-tombales-pour-denoncer-lechec-de-la-protection-du-caribou\/","title":{"rendered":"Greenpeace occupe les lieux du minist\u00e8re de l&rsquo;Environnement avec 51 pierres tombales  pour d\u00e9noncer l&rsquo;\u00e9chec de la protection du caribou"},"content":{"rendered":"<p>D\u00e8s 7h00 ce matin, des activistes v\u00eatu\u00b7es de noir ont lanc\u00e9 l\u2019action. Repr\u00e9sentant un cimeti\u00e8re, une gigantesque pierre tombale (mesurant 7 pieds de haut sur 4 pieds de large) surmont\u00e9e d\u2019un grand panache de caribou et 51 autres tombes grandeur nature entourent le bureau de Catherine McKenna. Sur la colossale pierre tombale, on peut lire : \u201cCaribou : une patte dans la tombe\u201d. Les 51 autres tombes arborent chacune un pochoir repr\u00e9sentant un caribou, accompagn\u00e9 du nom du troupeau et de celui de la province dans laquelle ils vivent.<\/p>\n<p>\u00ab Aujourd\u2019hui, nous demandons \u00e0 McKenna de mettre un terme \u00e0 l\u2019expansion de l\u2019industrie au sein de l\u2019habitat essentiel du caribou. Cela implique de parvenir \u00e0 un accord avec les gouvernements autochtones, provinciaux et territoriaux sur une protection \u00e0 long-terme, mais il est temps de mettre fin aux retards. L\u2019embl\u00e9matique caribou bor\u00e9al canadien doit \u00eatre prot\u00e9g\u00e9 de mani\u00e8re urgente, et d\u2019une mani\u00e8re qui respecte les droits et le savoir des peuples autochtones \u00bb, dit Olivier Kolmel, charg\u00e9 de campagne For\u00eat \u00e0 Greenpeace Canada.<\/p>\n<p>La semaine derni\u00e8re, <a href=\"http:\/\/www.oag-bvg.gc.ca\/internet\/Francais\/parl_cesd_201804_03_f_42994.html\">la commissaire f\u00e9d\u00e9rale \u00e0 l&rsquo;environnement a conclu que le minist\u00e8re de l\u2019Environnement et du Changement climatique Canada n\u2019a pas \u00ab assur\u00e9 un leadership ad\u00e9quat ni une coordination efficace des mesures n\u00e9cessaires pour atteindre les objectifs internationaux canadiens pour la biodiversit\u00e9 \u00bb<\/a>. Dans son rapport, la commissaire cite plus particuli\u00e8rement le caribou bor\u00e9al comme \u00e9tant une esp\u00e8ce qui a souffert de \u00ab nombreux retards \u00bb dans la mise en place de mesures de protections dans le cadre de la Loi sur les esp\u00e8ces en p\u00e9ril.<\/p>\n<p>\u00ab Le caribou bor\u00e9al arpente la for\u00eat bor\u00e9ale canadienne depuis des milliers d\u2019ann\u00e9es, mais la population a d\u00e9clin\u00e9 de 30% au cours des deux derni\u00e8res d\u00e9cennies. Lorsque le dernier m\u00e2le rhinoc\u00e9ros blanc du Nord s\u2019est \u00e9teint, le monde entier a \u00e9t\u00e9 accabl\u00e9 par la nouvelle. Esp\u00e9rons que le caribou bor\u00e9al du Canada ne connaisse jamais ce triste sort. Les caribous sont en grave danger, et la ministre McKenna doit agir imm\u00e9diatement afin d&rsquo;\u00e9viter leur disparition,\u00a0\u00bb a ajout\u00e9 Olivier Kolmel.<\/p>\n<p><a href=\"https:\/\/act.gp\/2jhja4J\">Greenpeace a lanc\u00e9 une p\u00e9tition, demandant \u00e0 Catherine McKenna de prendre ses responsabilit\u00e9s au s\u00e9rieux quant \u00e0 la protection du caribou bor\u00e9al.<\/a><\/p>\n<p style=\"text-align: center;\">-30-<\/p>\n<p><strong>Notes aux \u00e9diteurs :<\/strong><\/p>\n<p>Le caribou bor\u00e9al est sur la liste des esp\u00e8ces en p\u00e9ril depuis plus de 15 ans. Selon le rapport 2017 du Social Progress Institute, pr\u00e9par\u00e9 par Massachusetts \u00a0Institute of Technology (MIT) et Harvard Business School, <a href=\"https:\/\/www.socialprogressindex.com\/?tab=2&amp;code=CAN\">le Canada se place au 88\u00e8me rang dans le monde en termes de protection de l\u2019habitat sur son territoire.<\/a><\/p>\n<p>Mieux prot\u00e9ger cette esp\u00e8ce, <a href=\"https:\/\/www.greenpeace.org\/static\/planet4-canada-stateless\/2018\/06\/Rs-ReportOnImplementationBorealCaribou-v00-2017Oct31-Fra.pdf\">consid\u00e9r\u00e9e comme menac\u00e9e au niveau national,<\/a> aiderait le Canada \u00e0 atteindre l\u2019objectif qu\u2019il s\u2019est fix\u00e9, au niveau international, dans le cadre de la Convention sur la diversit\u00e9 biologique, de \u00a0prot\u00e9ger 17% de ses terres et eaux int\u00e9rieures d\u2019ici 2020. Aborder ces \u00e9tapes en partenariat avec les peuples autochtones offre \u00e9galement une opportunit\u00e9 importante de mettre en place la D\u00e9claration de l&rsquo;ONU sur les droits des peuples autochtones<\/p>\n<p>Des photos seront prochainement ajout\u00e9es ici: <a href=\"https:\/\/media.greenpeace.org\/shoot\/27MZIFJXA8FD0\">https:\/\/media.greenpeace.org\/shoot\/27MZIFJXA8FD0<\/a><\/p>\n<p>Le rapport f\u00e9d\u00e9ral est accessible ici: \u00a0<a href=\"http:\/\/www.sararegistry.gc.ca\/document\/default_f.cfm?documentID=3316\">http:\/\/www.sararegistry.gc.ca\/document\/default_f.cfm?documentID=3316<\/a><\/p>\n<p>Marie Moucarry, Conseill\u00e8re en communications, Greenpeace Canada, 438-993-6127<br \/>\n<a href=\"mailto:marie.moucarry@greenpeace.org\">marie.moucarry@greenpeace.org<\/a><\/p>\n","protected":false},"excerpt":{"rendered":"<p>D\u00e8s 7h00 ce matin, des activistes v\u00eatu\u00b7es de noir ont lanc\u00e9 l\u2019action. Repr\u00e9sentant un cimeti\u00e8re, une gigantesque pierre tombale (mesurant 7 pieds de haut sur 4 pieds de large) surmont\u00e9e&hellip;<\/p>\n","protected":false},"author":12,"featured_media":868,"comment_status":"open","ping_status":"open","sticky":false,"template":"","format":"standard","meta":{"ep_exclude_from_search":false,"p4_og_title":"","p4_og_description":"","p4_og_image":"","p4_og_image_id":"","p4_seo_canonical_url":"","p4_campaign_name":"","p4_local_project":"","p4_basket_name":"","p4_department":"","footnotes":""},"categories":[19],"tags":[43],"p4-page-type":[],"class_list":["post-375","post","type-post","status-publish","format-standard","has-post-thumbnail","hentry","category-nature-fr","tag-forets"],"_links":{"self":[{"href":"https:\/\/www.greenpeace.org\/canada\/fr\/wp-json\/wp\/v2\/posts\/375","targetHints":{"allow":["GET"]}}],"collection":[{"href":"https:\/\/www.greenpeace.org\/canada\/fr\/wp-json\/wp\/v2\/posts"}],"about":[{"href":"https:\/\/www.greenpeace.org\/canada\/fr\/wp-json\/wp\/v2\/types\/post"}],"author":[{"embeddable":true,"href":"https:\/\/www.greenpeace.org\/canada\/fr\/wp-json\/wp\/v2\/users\/12"}],"replies":[{"embeddable":true,"href":"https:\/\/www.greenpeace.org\/canada\/fr\/wp-json\/wp\/v2\/comments?post=375"}],"version-history":[{"count":3,"href":"https:\/\/www.greenpeace.org\/canada\/fr\/wp-json\/wp\/v2\/posts\/375\/revisions"}],"predecessor-version":[{"id":2053,"href":"https:\/\/www.greenpeace.org\/canada\/fr\/wp-json\/wp\/v2\/posts\/375\/revisions\/2053"}],"wp:featuredmedia":[{"embeddable":true,"href":"https:\/\/www.greenpeace.org\/canada\/fr\/wp-json\/wp\/v2\/media\/868"}],"wp:attachment":[{"href":"https:\/\/www.greenpeace.org\/canada\/fr\/wp-json\/wp\/v2\/media?parent=375"}],"wp:term":[{"taxonomy":"category","embeddable":true,"href":"https:\/\/www.greenpeace.org\/canada\/fr\/wp-json\/wp\/v2\/categories?post=375"},{"taxonomy":"post_tag","embeddable":true,"href":"https:\/\/www.greenpeace.org\/canada\/fr\/wp-json\/wp\/v2\/tags?post=375"},{"taxonomy":"p4-page-type","embeddable":true,"href":"https:\/\/www.greenpeace.org\/canada\/fr\/wp-json\/wp\/v2\/p4-page-type?post=375"}],"curies":[{"name":"wp","href":"https:\/\/api.w.org\/{rel}","templated":true}]}}