{"id":38207,"date":"2020-05-26T09:58:00","date_gmt":"2020-05-26T13:58:00","guid":{"rendered":"https:\/\/www.greenpeace.org\/canada\/?p=38207"},"modified":"2021-12-06T06:28:37","modified_gmt":"2021-12-06T11:28:37","slug":"journee-d-action-pour-une-relance-juste-et-verte","status":"publish","type":"post","link":"https:\/\/www.greenpeace.org\/canada\/fr\/blog-des-volontaires\/38207\/journee-d-action-pour-une-relance-juste-et-verte\/","title":{"rendered":"Journ\u00e9e d\u2019Action pour une Relance Juste et Verte"},"content":{"rendered":"\n<p>Contrairement au sauvetage massif des banques et des constructeurs automobiles lors de la crise financi\u00e8re de 2008, les plans de relance pour sortir de la crise du coronavirus doivent prioriser la sant\u00e9, les soins aux personnes les plus vuln\u00e9rables et notre relation avec la nature.&nbsp;<\/p>\n\n<style type=\"text\/css\">\n  .wp-block-image {\n    max-width: 300px;\n  }\n<\/style>\n\n<p>Pour y parvenir, nous devons changer de paradigme et d\u00e9noncer les discours qui d\u00e9finissent la relance \u00e9conomique comme le \u201cretour \u00e0 la normale\u201d. <strong>Si nous souhaitons att\u00e9nuer les effets de la crise climatique et celle de la biodiversit\u00e9, nous ne pouvons pas revenir \u00e0 la croissance \u00e0 tout prix et laisser les industries polluantes dominer l&rsquo;agenda politique.<\/strong> Le moment est venu d&rsquo;accro\u00eetre le pouvoir et l&rsquo;influence des citoyen\u00b7nes.<\/p>\n\n<p>\u00c0 la mi-mars, lorsque la crise de la COVID-19 a frapp\u00e9 le Canada, vous avez demand\u00e9 au gouvernement d\u2019accorder <a href=\"https:\/\/www.greenpeace.org\/canada\/fr\/agir\/un-plan-de-relance-pour-les-travailleuses-et-travailleurs-pas-les-millionnaires-de-l-industrie-petro-gaziere\/\">des aides financi\u00e8res aux travailleuses et travailleurs et non aux compagnies p\u00e9troli\u00e8res<\/a>. <strong>Votre mobilisation a port\u00e9 ses fruits !<\/strong> Bien qu&rsquo;un certain financement ait \u00e9t\u00e9 annonc\u00e9 pour les p\u00e9tro-gazi\u00e8res, elles ont obtenu beaucoup moins que ce qu\u2019elles demandaient ! Le gouvernement f\u00e9d\u00e9ral a \u00e9galement indiqu\u00e9 que ce financement serait conditionnel \u00e0 une protection accrue de l\u2019environnement. <strong>Il s&rsquo;est aussi engag\u00e9 \u00e0 imposer <\/strong><a href=\"https:\/\/www.greenpeace.org\/canada\/fr\/histoires\/38047\/le-bon-le-mauvais-et-ce-qui-reste-a-determiner-dans-le-nouveau-plan-de-sauvetage-federal-pour-les-entreprises\/\"><strong>des conditions environnementales et sociales importantes aux autres grandes entreprises recevant des fonds publics<\/strong><\/a><strong>.<\/strong><\/p>\n\n<p>Afin de montrer qu\u2019un autre monde est possible et n\u00e9cessaire, <a href=\"https:\/\/act.greenpeace.org\/page\/60162\/action\/1?locale=fr-CA\">nous vous invitons, depuis quelques semaines, \u00e0 partager votre vision d\u2019une relance juste et verte avec votre d\u00e9put\u00e9\u00b7e<\/a>.<strong> Aujourd\u2019hui, allons plus loin et assurons-nous qu\u2019elles et ils vous \u00e9coutent.<\/strong> VOUS pouvez influencer vos repr\u00e9sentant\u00b7es politiques pour qu&rsquo;ils et elles prennent les bonnes d\u00e9cisions.&nbsp;<\/p>\n\n<p>Nous savons que le gouvernement travaille actuellement sur un plan de relance \u00e0 long terme. <strong>C&rsquo;est donc le moment id\u00e9al de lui rappeler d&rsquo;\u00e9couter les citoyen\u00b7nes, de privil\u00e9gier les int\u00e9r\u00eats de la population et de la nature et non pas les profits des grandes entreprises et de leurs actionnaires.&nbsp;<\/strong><\/p>\n\n<p><strong>Nous vous invitons \u00e0 participer massivement \u00e0 cette journ\u00e9e d\u2019action et \u00e0 interpeller les d\u00e9put\u00e9\u00b7es Rachel Bendayan et Jo\u00ebl Lightbound \u00e0 se prononcer pour une #RelanceJuste et verte. <\/strong>Vous le verrez, ces d\u00e9put\u00e9\u00b7es ont dit avoir \u00e0 coeur la protection de l\u2019environnement et l&rsquo;action climatique. Il est temps de le prouver!<\/p>\n\n<h2 class=\"wp-block-heading\">Rachel Bendayan<\/h2>\n\n<figure class=\"wp-block-image  caption-style-blue-overlay caption-alignment-center\"><img decoding=\"async\" src=\"https:\/\/lh6.googleusercontent.com\/exxrGaA5raumuyN-1EUyIhZOfIcLujchLW8TXR26yXopKsbek9zFq4_7gZH5WkNkEhwBaMu6PRREsE3A3KhsY-nToTDYJ5JMs_qw_sjy0F1DAqxqHYtWvC4JUB8uCyI0EZAifLFI\" alt=\"\"\/><\/figure>\n\n<h3 class=\"wp-block-heading\"><strong>Exemple de tweet<\/strong><\/h3>\n\n<div class=\"tweet\">\n  .<span class=\"twitter-mention\">@RachelBendayan<\/span> \u00ab\u00a0L\u2019environnement doit \u00eatre au centre des d\u00e9cisions politiques\u00a0\u00bb, disiez-vous l&rsquo;an dernier.\nAujourd&rsquo;hui, je vous invite \u00e0 poursuivre votre engagement et \u00e0 appuyer publiquement une <span class=\"twitter-hashtag\">#RelanceJuste<\/span> centr\u00e9e sur l\u2019humain &amp; la nature!\n<span class=\"twitter-mention\">@GreenpeaceQC<\/span> <span class=\"twitter-link\">https:\/\/act.gp\/3ece0kG<\/span>\n<\/div>\n<div class=\"click-to-tweet-btn\">\n  <a href=\"https:\/\/twitter.com\/intent\/tweet?text=.%40RachelBendayan%20%22L%E2%80%99environnement%20doit%20%C3%AAtre%20au%20centre%20des%20d%C3%A9cisions%20politiques%22%2C%20disiez-vous%20l'an%20dernier.%0AAujourd'hui%2C%20je%20vous%20invite%20%C3%A0%20poursuivre%20votre%20engagement%20et%20%C3%A0%20appuyer%20publiquement%20une%20%23RelanceJuste%20centr%C3%A9e%20sur%20l%E2%80%99humain%20%26%20la%20nature!%0A%40GreenpeaceQC%20https%3A%2F%2Fact.gp%2F3ece0kG\">Tweetez<\/a>\n<\/div>\n\n<h3 class=\"wp-block-heading\"><strong>Message \u00e0 copier-coller et poster en commentaire sous sa derni\u00e8re publication <a rel=\"noreferrer noopener\" href=\"https:\/\/www.facebook.com\/bendayan.rachel\" target=\"_blank\">Facebook<\/a> ou <a rel=\"noreferrer noopener\" href=\"https:\/\/www.instagram.com\/rachel_bendayan\/?hl=fr-ca\" target=\"_blank\">Instagram<\/a>:<\/strong><\/h3>\n\n<p><em>\u201cMme Bendayan, vous avez dit que l\u2019environnement devait \u00eatre au centre des d\u00e9cisions politiques et que vous souhaitiez l\u00e9guer un monde accueillant et plus sain \u00e0 votre fille. Aujourd\u2019hui, alors que le gouvernement travaille sur le plan de relance pour nous relever de la crise la #COVID-19, je vous demande de vous positionner publiquement en faveur d\u2019une #RelanceJuste et verte, centr\u00e9e sur l\u2019humain et la nature.<a rel=\"noreferrer noopener\" href=\"https:\/\/act.gp\/2XyFbzk\" target=\"_blank\"> <\/a><\/em>https:\/\/act.gp\/2XyFbzk @<em>GreenpeaceQuebec<\/em><\/p>\n\n<h3 class=\"wp-block-heading\"><strong>Script pour appel t\u00e9l\u00e9phonique <\/strong>(pour joindre son bureau de circonscription, composez le <strong>514-736-2727)<\/strong><\/h3>\n\n<p><em>\u201cBonjour Mme Bendayan, alors que le d\u00e9confinement se poursuit, je vous appelle pour vous demander de vous positionner publiquement en faveur d\u2019une relance juste et verte, centr\u00e9e sur l\u2019humain et la nature. Vous avez dit que l\u2019environnement devait \u00eatre au centre des d\u00e9cisions politiques et que vous souhaitez l\u00e9guer un monde accueillant et plus sain \u00e0 votre fille. Merci de vous y engager maintenant en appuyant une relance juste et verte. L\u2019action climatique n\u2019attend pas. Merci d\u2019en prendre acte. Je vous souhaite une excellente journ\u00e9e.\u201d<\/em><\/p>\n\n<h3 class=\"wp-block-heading\"><strong>Exemple de courriel \u00e0 envoyer \u00e0 <a href=\"mailto:Rachel.Bendayan@parl.gc.ca\" target=\"_blank\" rel=\"noreferrer noopener\">Rachel.Bendayan@parl.gc.ca<\/a><\/strong><\/h3>\n\n<p><em>\u201cBonjour Mme Bendayan,&nbsp;<\/em><br><em>Je tenais \u00e0 vous remercier pour votre travail en ces temps difficiles. Je tenais aussi \u00e0 vous dire que je ne veux pas revenir \u00e0 la \u00ab\u00a0normale\u00a0\u00bb. Je ne souhaite pas revenir \u00e0 cette normalit\u00e9 qui ignorait l\u2019urgence climatique et la crise du vivant. Je ne souhaite pas non plus retourner dans ce syst\u00e8me cr\u00e9ateur d\u2019in\u00e9galit\u00e9s rampantes, bas\u00e9 sur l\u2019exploitation infinie et destructrice de la nature.<\/em><br><em>Il est maintenant n\u00e9cessaire de d\u00e9finir la relance et j\u2019esp\u00e8re que vous continuerez \u00e0 faire preuve de leadership. La relance pour sortir de la crise de la COVID-19 doit permettre que notre soci\u00e9t\u00e9 devienne plus r\u00e9siliente, plus juste et plus durable. Je vous invite \u00e0 vous positionner en faveur d&rsquo;une relance verte et juste aupr\u00e8s de vos coll\u00e8gues parlementaires et des m\u00e9dias. Une relance qui mettrait l\u2019humain et la nature au coeur de nos consid\u00e9rations.<\/em><br><em>Je me r\u00e9jouis de travailler avec vous et ma communaut\u00e9 pour construire ce monde meilleur.<\/em><br><em>Votre nom<\/em>.\u00a0\u00bb<\/p>\n\n<h2 class=\"wp-block-heading\">Jo\u00ebl Lightbound<\/h2>\n\n<figure class=\"wp-block-image size-large  caption-style-blue-overlay caption-alignment-center\"><img loading=\"lazy\" decoding=\"async\" width=\"1024\" height=\"1024\" src=\"https:\/\/www.greenpeace.org\/static\/planet4-canada-stateless\/2020\/05\/328811bf-5-1024x1024.png\" alt=\"\" class=\"wp-image-38209\" srcset=\"https:\/\/www.greenpeace.org\/static\/planet4-canada-stateless\/2020\/05\/328811bf-5-1024x1024.png 1024w, https:\/\/www.greenpeace.org\/static\/planet4-canada-stateless\/2020\/05\/328811bf-5-300x300.png 300w, https:\/\/www.greenpeace.org\/static\/planet4-canada-stateless\/2020\/05\/328811bf-5-150x150.png 150w, https:\/\/www.greenpeace.org\/static\/planet4-canada-stateless\/2020\/05\/328811bf-5-768x768.png 768w, https:\/\/www.greenpeace.org\/static\/planet4-canada-stateless\/2020\/05\/328811bf-5-340x340.png 340w, https:\/\/www.greenpeace.org\/static\/planet4-canada-stateless\/2020\/05\/328811bf-5.png 1080w\" sizes=\"auto, (max-width: 1024px) 100vw, 1024px\" \/><\/figure>\n\n<p><strong><\/strong>En tant que Secr\u00e9taire parlementaire du ministre de la S\u00e9curit\u00e9 publique et de la Protection civile, il est bien plac\u00e9 pour se positionner en faveur d&rsquo;une relance qui pr\u00f4ne la r\u00e9silience et la s\u00e9curit\u00e9 des populations. <a href=\"https:\/\/www.thestar.com\/news\/canada\/2020\/02\/13\/is-teck-resources-oilsands-project-a-no-win-for-justin-trudeau-liberal-mps-think-it-is.html\">Il a d\u00e9clar\u00e9 qu&rsquo;il est \u00ab\u00a0fondamental\u00a0\u00bb que le Canada atteigne ses objectifs de r\u00e9duction des gaz <\/a>et <a href=\"https:\/\/ici.radio-canada.ca\/nouvelle\/1515005\/mine-frontier-liberaux-desaccord-megaprojet-alberta\">soit carboneutre en 2050 de mani\u00e8re \u00e0 respecter l\u2019Accord de Paris<\/a>. Aujourd\u2019hui, demandons lui de soutenir une #RelanceJuste et verte afin que ces engagements climatiques soient respect\u00e9s.<\/p>\n\n<p><strong>Exemple de tweet<\/strong><\/p>\n\n<div class=\"tweet\">\n  .<span class=\"twitter-mention\">@JoelLightbound<\/span> Vous avez d\u00e9clar\u00e9 qu&rsquo;il est \u00ab\u00a0fondamental\u00a0\u00bb que le Canada atteigne les cibles de l&rsquo;<span class=\"twitter-hashtag\">#AccorddeParis<\/span> et la carboneutralit\u00e9 d&rsquo;ici 2050.\nPour y arriver, je vous invite aujourd&rsquo;hui \u00e0 appuyer publiquement une <span class=\"twitter-hashtag\">#RelanceJuste<\/span>!\n<span class=\"twitter-mention\">@GreenpeaceQC<\/span> <span class=\"twitter-link\">https:\/\/act.gp\/3gw7SpA<\/span> <span class=\"twitter-hashtag\">#polcan<\/span>\n<\/div>\n<div class=\"click-to-tweet-btn\">\n  <a href=\"https:\/\/twitter.com\/intent\/tweet?text=.%40JoelLightbound%20Vous%20avez%20d%C3%A9clar%C3%A9%20qu'il%20est%20%22fondamental%22%20que%20le%20Canada%20atteigne%20les%20cibles%20de%20l'%23AccorddeParis%20et%20la%20carboneutralit%C3%A9%20d'ici%202050.%0APour%20y%20arriver%2C%20je%20vous%20invite%20aujourd'hui%20%C3%A0%20appuyer%20publiquement%20une%20%23RelanceJuste!%0A%40GreenpeaceQC%20https%3A%2F%2Fact.gp%2F3gw7SpA%20%23polcan\">Tweetez<\/a>\n<\/div>\n\n<h3 class=\"wp-block-heading\"><strong>Message \u00e0 copier-coller et poster en commentaire sous sa derni\u00e8re publication <a rel=\"noreferrer noopener\" href=\"https:\/\/www.facebook.com\/joellightbound\" target=\"_blank\">Facebook<\/a> ou <a rel=\"noreferrer noopener\" href=\"https:\/\/www.instagram.com\/joellightbound\/?hl=fr-ca\" target=\"_blank\">Instagram<\/a>:<\/strong><\/h3>\n\n<p><em>\u201cM. Lightbound, vous avez d\u00e9clar\u00e9 qu\u2019il est \u201cfondamental que le Canada atteigne ses objectifs de r\u00e9duction des GES <\/em>et soit carboneutre en 2050 de mani\u00e8re \u00e0 respecter<em> l\u2019Accord de Paris. Aujourd\u2019hui, alors que le gouvernement travaille sur le plan de relance, je vous demande de vous positionner publiquement en faveur d\u2019une #RelanceJuste et verte qui nous permettra de nous relever de la COVID-19 tout en faisant face \u00e0 l\u2019urgence climatique, qui elle, n\u2019a pas faibli. <\/em>https:\/\/act.gp\/2Xx3jCI <em>@GreenpeaceQuebec<\/em><\/p>\n\n<h3 class=\"wp-block-heading\"><strong>Script pour appel t\u00e9l\u00e9phonique <\/strong>(pour joindre son bureau de circonscription, composez le <strong>418-648-324<\/strong><strong>4<\/strong>)<\/h3>\n\n<p><em>\u201cBonjour M. Lightbound, alors que le d\u00e9confinement se poursuit, je vous appelle pour vous demander de vous positionner publiquement en faveur d\u2019une relance juste et verte, qui nous permettra de nous relever de la COVID-19 tout en faisant face \u00e0 l\u2019urgence climatique, qui elle, n\u2019a pas faibli. L\u2019action climatique n\u2019attend pas. Merci d\u2019en prendre acte. Je vous souhaite une excellente journ\u00e9e.\u201d<\/em><\/p>\n\n<h3 class=\"wp-block-heading\"><strong>Exemple de courriel \u00e0 envoyer \u00e0 <a href=\"mailto:Joel.Lightbound@parl.gc.ca\" target=\"_blank\" rel=\"noreferrer noopener\">Joel.Lightbound@parl.gc.ca<\/a><\/strong><\/h3>\n\n<p><em>\u201cBonjour M. Lightbound,<\/em><br><em>Je tenais \u00e0 vous remercier pour votre travail en ces temps difficiles. Je tenais aussi \u00e0 vous dire que je ne veux pas revenir \u00e0 la \u00ab\u00a0normale\u00a0\u00bb. Je ne souhaite pas revenir \u00e0 cette normalit\u00e9 qui ignorait l\u2019urgence climatique et la crise du vivant. Je ne souhaite pas non plus retourner dans ce syst\u00e8me cr\u00e9ateur d\u2019in\u00e9galit\u00e9s rampantes, bas\u00e9 sur l\u2019exploitation infinie et destructrice de la nature.<\/em><br><em>Il est maintenant n\u00e9cessaire de d\u00e9finir la relance et j\u2019esp\u00e8re que vous continuerez \u00e0 faire preuve de leadership. La relance pour sortir de la crise de la COVID-19 doit permettre que notre soci\u00e9t\u00e9 devienne plus r\u00e9siliente, plus juste et plus durable. Je vous invite \u00e0 vous positionner en faveur d&rsquo;une relance verte et juste aupr\u00e8s de vos coll\u00e8gues parlementaires et des m\u00e9dias. Une relance qui mettrait l\u2019humain et la nature au coeur de nos consid\u00e9rations.<\/em><br><em>Je me r\u00e9jouis de travailler avec vous et ma communaut\u00e9 pour construire ce monde meilleur.<\/em><br><em>Votre nom\u00a0\u00bb.<\/em><\/p>\n\n<p><strong>Les d\u00e9put\u00e9\u00b7es et le gouvernement doivent apporter un soutien r\u00e9el aux communaut\u00e9s pour qu&rsquo;elles se remettent de la pand\u00e9mie et renforcent leur r\u00e9silience. Ce n&rsquo;est pas le moment de c\u00e9der aux compagnies p\u00e9troli\u00e8res et gazi\u00e8res et autres pollueurs qui sont \u00e0 l&rsquo;origine de la crise climatique et qui augmentent notre vuln\u00e9rabilit\u00e9 aux menaces, telle que la crise climatique.<\/strong><\/p>\n\n<p>Unissons nos voix pour que la relance privil\u00e9gie l\u2019humain et la nature et non les profits des entreprises.<\/p>\n\n<p>Merci et maintenons la pression !<\/p>\n<div class=\"EmptyMessage\">Block content is empty. Check the block&rsquo;s settings or remove it.<\/div>","protected":false},"excerpt":{"rendered":"<p>Nous vous invitons \u00e0 participer massivement \u00e0 cette journ\u00e9e d\u2019action et \u00e0 interpeller les d\u00e9put\u00e9\u00b7es Rachel Bendayan et Jo\u00ebl Lightbound \u00e0 se prononcer pour une #RelanceJuste et verte. Vous le verrez, ces d\u00e9put\u00e9\u00b7es dit avoir \u00e0 coeur la protection de l\u2019environnement et l&rsquo;action climatique. Il est temps de le prouver!<\/p>\n","protected":false},"author":50,"featured_media":38255,"comment_status":"open","ping_status":"open","sticky":false,"template":"","format":"standard","meta":{"ep_exclude_from_search":false,"p4_og_title":"","p4_og_description":"","p4_og_image":"","p4_og_image_id":"","p4_seo_canonical_url":"","p4_campaign_name":"not set","p4_local_project":"not set","p4_basket_name":"not set","p4_department":"","footnotes":""},"categories":[21],"tags":[37,41,48],"p4-page-type":[],"class_list":["post-38207","post","type-post","status-publish","format-standard","has-post-thumbnail","hentry","category-vivre-de-facon-durable","tag-actionspacifiques","tag-climat","tag-sante"],"_links":{"self":[{"href":"https:\/\/www.greenpeace.org\/canada\/fr\/wp-json\/wp\/v2\/posts\/38207","targetHints":{"allow":["GET"]}}],"collection":[{"href":"https:\/\/www.greenpeace.org\/canada\/fr\/wp-json\/wp\/v2\/posts"}],"about":[{"href":"https:\/\/www.greenpeace.org\/canada\/fr\/wp-json\/wp\/v2\/types\/post"}],"author":[{"embeddable":true,"href":"https:\/\/www.greenpeace.org\/canada\/fr\/wp-json\/wp\/v2\/users\/50"}],"replies":[{"embeddable":true,"href":"https:\/\/www.greenpeace.org\/canada\/fr\/wp-json\/wp\/v2\/comments?post=38207"}],"version-history":[{"count":20,"href":"https:\/\/www.greenpeace.org\/canada\/fr\/wp-json\/wp\/v2\/posts\/38207\/revisions"}],"predecessor-version":[{"id":51285,"href":"https:\/\/www.greenpeace.org\/canada\/fr\/wp-json\/wp\/v2\/posts\/38207\/revisions\/51285"}],"wp:featuredmedia":[{"embeddable":true,"href":"https:\/\/www.greenpeace.org\/canada\/fr\/wp-json\/wp\/v2\/media\/38255"}],"wp:attachment":[{"href":"https:\/\/www.greenpeace.org\/canada\/fr\/wp-json\/wp\/v2\/media?parent=38207"}],"wp:term":[{"taxonomy":"category","embeddable":true,"href":"https:\/\/www.greenpeace.org\/canada\/fr\/wp-json\/wp\/v2\/categories?post=38207"},{"taxonomy":"post_tag","embeddable":true,"href":"https:\/\/www.greenpeace.org\/canada\/fr\/wp-json\/wp\/v2\/tags?post=38207"},{"taxonomy":"p4-page-type","embeddable":true,"href":"https:\/\/www.greenpeace.org\/canada\/fr\/wp-json\/wp\/v2\/p4-page-type?post=38207"}],"curies":[{"name":"wp","href":"https:\/\/api.w.org\/{rel}","templated":true}]}}