{"id":38493,"date":"2020-06-02T10:50:45","date_gmt":"2020-06-02T14:50:45","guid":{"rendered":"https:\/\/www.greenpeace.org\/canada\/?p=38493"},"modified":"2020-06-02T10:50:48","modified_gmt":"2020-06-02T14:50:48","slug":"blackouttuesday","status":"publish","type":"post","link":"https:\/\/www.greenpeace.org\/canada\/fr\/blog-des-volontaires\/38493\/blackouttuesday\/","title":{"rendered":"BlackOutTuesday"},"content":{"rendered":"\n<p>Aujourd&rsquo;hui, nous sommes solidaires avec les personnes aux \u00c9tats-Unis et dans le monde entier qui r\u00e9clament la justice dans les rues et qui demandent \u00e0 ce que les responsables du meurtre de George Floyd et de nombreuses autres personnes victimes de racisme rendent des comptes.<\/p>\n\n<p>Nous demandons la fin du racisme syst\u00e9mique qui permet \u00e0 cette culture de la corruption d&rsquo;\u00e9chapper \u00e0 tout contr\u00f4le.<\/p>\n\n<p>En tant qu&rsquo;organisation et en tant qu&rsquo;individus, Greenpeace Canada s&rsquo;engage \u00e0 d\u00e9manteler le racisme structurel, \u00e0 cr\u00e9er une communaut\u00e9 d&rsquo;alli\u00e9\u00b7es et \u00e0 donner du pouvoir aux personnes racis\u00e9es.<\/p>\n\n<p>Aujourd&rsquo;hui, nos r\u00e9seaux sociaux seront silencieux, pour laisser la place \u00e0 ces conversations critiques que nous devons avoir.<\/p>\n\n<p># BlackOutTuesday<\/p>\n\n<h1 class=\"wp-block-heading\"><\/h1>\n\n<p><\/p>\n","protected":false},"excerpt":{"rendered":"<p>Aujourd&rsquo;hui, nous sommes solidaires avec les personnes aux \u00c9tats-Unis et dans le monde entier qui r\u00e9clament la justice dans les rues et qui demandent \u00e0 ce que les responsables du&hellip;<\/p>\n","protected":false},"author":45,"featured_media":38494,"comment_status":"open","ping_status":"open","sticky":false,"template":"","format":"standard","meta":{"ep_exclude_from_search":false,"p4_og_title":"","p4_og_description":"","p4_og_image":"","p4_og_image_id":"","p4_seo_canonical_url":"","p4_campaign_name":"not set","p4_local_project":"not set","p4_basket_name":"not set","p4_department":"","footnotes":""},"categories":[21],"tags":[],"p4-page-type":[],"class_list":["post-38493","post","type-post","status-publish","format-standard","has-post-thumbnail","hentry","category-vivre-de-facon-durable"],"_links":{"self":[{"href":"https:\/\/www.greenpeace.org\/canada\/fr\/wp-json\/wp\/v2\/posts\/38493","targetHints":{"allow":["GET"]}}],"collection":[{"href":"https:\/\/www.greenpeace.org\/canada\/fr\/wp-json\/wp\/v2\/posts"}],"about":[{"href":"https:\/\/www.greenpeace.org\/canada\/fr\/wp-json\/wp\/v2\/types\/post"}],"author":[{"embeddable":true,"href":"https:\/\/www.greenpeace.org\/canada\/fr\/wp-json\/wp\/v2\/users\/45"}],"replies":[{"embeddable":true,"href":"https:\/\/www.greenpeace.org\/canada\/fr\/wp-json\/wp\/v2\/comments?post=38493"}],"version-history":[{"count":2,"href":"https:\/\/www.greenpeace.org\/canada\/fr\/wp-json\/wp\/v2\/posts\/38493\/revisions"}],"predecessor-version":[{"id":38497,"href":"https:\/\/www.greenpeace.org\/canada\/fr\/wp-json\/wp\/v2\/posts\/38493\/revisions\/38497"}],"wp:featuredmedia":[{"embeddable":true,"href":"https:\/\/www.greenpeace.org\/canada\/fr\/wp-json\/wp\/v2\/media\/38494"}],"wp:attachment":[{"href":"https:\/\/www.greenpeace.org\/canada\/fr\/wp-json\/wp\/v2\/media?parent=38493"}],"wp:term":[{"taxonomy":"category","embeddable":true,"href":"https:\/\/www.greenpeace.org\/canada\/fr\/wp-json\/wp\/v2\/categories?post=38493"},{"taxonomy":"post_tag","embeddable":true,"href":"https:\/\/www.greenpeace.org\/canada\/fr\/wp-json\/wp\/v2\/tags?post=38493"},{"taxonomy":"p4-page-type","embeddable":true,"href":"https:\/\/www.greenpeace.org\/canada\/fr\/wp-json\/wp\/v2\/p4-page-type?post=38493"}],"curies":[{"name":"wp","href":"https:\/\/api.w.org\/{rel}","templated":true}]}}