{"id":38739,"date":"2020-06-08T13:36:47","date_gmt":"2020-06-08T17:36:47","guid":{"rendered":"https:\/\/www.greenpeace.org\/canada\/?p=38739"},"modified":"2020-06-17T13:52:24","modified_gmt":"2020-06-17T17:52:24","slug":"pl61-de-lurgence-dinvestir-dans-les-effectifs-plutot-que-dassouplir-les-exigences-environnementales","status":"publish","type":"post","link":"https:\/\/www.greenpeace.org\/canada\/fr\/blog-des-volontaires\/38739\/pl61-de-lurgence-dinvestir-dans-les-effectifs-plutot-que-dassouplir-les-exigences-environnementales\/","title":{"rendered":"PL61 : De l\u2019urgence d\u2019investir dans les effectifs plut\u00f4t que d\u2019assouplir les exigences environnementales"},"content":{"rendered":"\n<p><strong>Qu\u00e9bec<\/strong><strong>, le 8 juin 2020 &#8211;<\/strong><strong> <\/strong>Le projet de loi 61 visant la relance de l\u2019\u00e9conomie du Qu\u00e9bec, pr\u00e9sent\u00e9 le 3 juin par le ministre responsable de l\u2019Administration gouvernementale et pr\u00e9sident du Conseil du tr\u00e9sor doit \u00eatre amend\u00e9 afin de renoncer \u00e0 l\u2019assouplissement des r\u00e8gles environnementales. D\u2019autres solutions existent pour assurer une relance rapide : nous sugg\u00e9rons de commencer en misant sur le renforcement des effectifs au sein du gouvernement pour assurer une relance saine et durable qui tienne compte des enjeux sanitaires et \u00e9cologiques auxquels nous faisons face.<\/p>\n\n<p>Nous sommes inquiet\u00b7e\u00b7s des risques de destruction des milieux naturels et des impacts possibles sur les esp\u00e8ces \u00e0 situation pr\u00e9caire qui pourraient d\u00e9couler de la mise en \u0153uvre du projet de loi dans sa forme actuelle. Il est primordial de s\u2019assurer que les actions de relance mises de l\u2019avant ne mettent pas \u00e0 risque les \u00e9cosyst\u00e8mes et la diversit\u00e9 biologique du Qu\u00e9bec, pierre angulaire de notre r\u00e9silience collective face aux enjeux sanitaires et \u00e9cologiques. L\u2019assouplissement des r\u00e8gles environnementales g\u00e9n\u00e9rerait des cons\u00e9quences environnementales, sociales et \u00e9conomiques n\u00e9fastes pour le Qu\u00e9bec.<\/p>\n\n<p>Par ailleurs, divers articles limitant notamment les d\u00e9bats parlementaires ou modifiant les d\u00e9lais de publication et d\u2019entr\u00e9e en vigueur des r\u00e8glements nous inqui\u00e8tent vivement. Il est essentiel de pr\u00e9server les r\u00e8gles visant \u00e0 assurer le respect de principes d\u00e9mocratiques de base et la participation citoyenne. La vie d\u00e9mocratique d\u2019une soci\u00e9t\u00e9 est un incontournable pour assurer une relance inclusive et r\u00e9ussie. Celle-ci ne devrait pas \u00eatre sacrifi\u00e9e au nom de la relance.<\/p>\n\n<p>Nous reconnaissons le caract\u00e8re exceptionnel de la crise sanitaire actuelle et la n\u00e9cessit\u00e9 d\u2019agir rapidement et efficacement. Nous sommes toutefois d\u2019avis qu\u2019il est possible et imp\u00e9ratif de concilier relance \u00e9conomique et respect de l\u2019environnement. Afin de favoriser l\u2019acc\u00e9l\u00e9ration des d\u00e9lais associ\u00e9s au processus d\u2019autorisation environnementale, nous proposons d\u2019augmenter les effectifs du minist\u00e8re de l\u2019Environnement et de la Lutte contre les changements climatiques et du minist\u00e8re des For\u00eats, de la Faune et des Parcs. Augmenter le personnel tout en s\u2019appuyant sur le travail important d\u00e9j\u00e0 r\u00e9alis\u00e9 en mati\u00e8re d\u2019analyse de la biodiversit\u00e9 et de planification territoriale permettrait d\u2019allier protection de l\u2019environnement et r\u00e9duction des d\u00e9lais.<\/p>\n\n<p>Les exigences environnementales en place au Qu\u00e9bec repr\u00e9sentent l\u2019une de nos meilleures garanties d\u2019assurer un avenir prosp\u00e8re, sain et stable. Une gestion responsable de la crise sanitaire et de la relance exige de remanier le projet de loi 61 \u00e0 la hauteur de nos obligations envers les g\u00e9n\u00e9rations actuelles et futures.<\/p>\n\n<p class=\"has-text-align-center\">&#8211;&nbsp;30 &#8211;<\/p>\n\n<p><strong>ORGANISMES SIGNATAIRES DU COMMUNIQU\u00c9 CONJOINT&nbsp;<\/strong><\/p>\n\n<p><strong>EN R\u00c9ACTION AU PROJET DE LOI 61<\/strong><\/p>\n\n<ol class=\"wp-block-list\"><li>Genevi\u00e8ve Paul, directrice g\u00e9n\u00e9rale, Centre qu\u00e9b\u00e9cois du droit de l\u2019environnement (CQDE)<\/li><li>Alain Branchaud, directeur g\u00e9n\u00e9ral, SNAP Qu\u00e9bec<\/li><li>Colleen Thorpe, directrice g\u00e9n\u00e9rale, \u00c9quiterre<\/li><li>Diego Creimer, Responsable Affaires publiques et communications, Fondation David Suzuki<\/li><li>Jacques L\u00e9tourneau, pr\u00e9sident, Conf\u00e9d\u00e9ration des syndicats nationaux (CSN)<\/li><li>Daniel Boyer, pr\u00e9sident, F\u00e9d\u00e9ration des travailleurs et travailleuses du Qu\u00e9bec (FTQ)<\/li><li>Le\u00efla Copti, pr\u00e9sidente fondatrice, COPTICOM<\/li><li>Martin Vaillancourt, directeur g\u00e9n\u00e9ral, Regroupement national des conseils r\u00e9gionaux de l\u2019environnement du Qu\u00e9bec<\/li><li>Catherine Duhamel, Directrice, Firme Impact Social, Montr\u00e9al<\/li><li>Sylvain Gari\u00e9py, pr\u00e9sident, Ordre des urbanistes du Qu\u00e9bec<\/li><li>La CEVES, La Coalition \u00c9tudiante pour un Virage Environnemental et Social<\/li><li>Suzann M\u00e9thot, ex-pr\u00e9sidente, Comit\u00e9 d&rsquo;examen et des r\u00e9percussions sur l&rsquo;environnement et le milieu social (COMEX)<\/li><li>France-Isabelle Langlois, directrice g\u00e9n\u00e9rale, Amnistie internationale Canada francophone<\/li><li>Dre Claudel P\u00e9trin-Desrosiers, pr\u00e9sidente, Association qu\u00e9b\u00e9coise des m\u00e9decins pour l\u2019environnement<\/li><li>Nancy B\u00e9dard, pr\u00e9sidente, F\u00e9d\u00e9ration interprofessionnelle de la sant\u00e9 du Qu\u00e9bec (FIQ)<\/li><li>Alain Saladzius, ing. pr\u00e9sident, Fondation Rivi\u00e8res<\/li><li>Hugo Mailhot Couture, pr\u00e9sident, Association des biologistes du Qu\u00e9bec (ABQ)<\/li><li>Paul MacLean, pr\u00e9sident, \u00c9EM Impact environnemental et social lt\u00e9e<\/li><li>Rodrigue Turgeon, co-porte parole, Comit\u00e9 citoyen de protection de l\u2019esker<\/li><li>S\u00e9bastien Brodeur-Girard, Gazoduq, parlons-en (GPE)<\/li><li>Patrick Bonin, responsable de la campagne Climat-\u00c9nergie, Greenpeace Canada<\/li><li>Carole Dupuis, porte-parole, Mouvement \u00e9cocitoyen UNEplan\u00e8te<\/li><li>Marc Nantel, porte-parole, Regroupement Vigilance Mines Abitibi-T\u00e9miscamingue (REVIMAT)<\/li><li>Maryse Rousseau, vice-pr\u00e9sidente, Syndicat de la fonction publique et parapublique du Qu\u00e9bec (SFPQ)<\/li><li>R\u00e9becca P\u00e9trin, directrice g\u00e9n\u00e9rale, Eau Secours<\/li><li>Catherine Gauthier, directrice g\u00e9n\u00e9rale, ENvironnement JEUnesse (ENJEU)<\/li><li>Val\u00e9rie L\u00e9pine, co-coordonnatrice, Mouvement d\u2019\u00e9ducation populaire et d\u2019action communautaire du Qu\u00e9bec<\/li><li>Alexandre Warnet, porte-parole, Laval en transition<\/li><li>Gabrielle van Durme, coordonnatrice, Solon<\/li><li>Maude Prud\u2019homme, d\u00e9l\u00e9gu\u00e9e \u00e0 la transition \u00e9cologique, R\u00e9seau qu\u00e9b\u00e9cois des groupes \u00e9cologistes (RQGE)<\/li><li>Henri Jacob, pr\u00e9sident, Action bor\u00e9ale<\/li><li>Johanne Dion, directrice, Montr\u00e9al pour tous<\/li><li>Andr\u00e9 B\u00e9lisle, pr\u00e9sident, Association qu\u00e9b\u00e9coise de lutte contre la pollution atmosph\u00e9rique (AQLPA)<\/li><li>Martin Poirier, porte-parole, NON \u00e0 une mar\u00e9e noire dans le Saint-Laurent<\/li><li>Patricia Posadas, porte-parole, Prosp\u00e9rit\u00e9 Sans P\u00e9trole<\/li><li>Andr\u00e9-Yanne Parent, directrice g\u00e9n\u00e9rale, Projet de la r\u00e9alit\u00e9 climatique Canada<\/li><li>Guy Boudreau, membre, Comit\u00e9 Vigilance Hydrocarbures Lavaltrie<\/li><li>Michel Jett\u00e9, co-fondateur, GMob<\/li><li>Andr\u00e9 Beauchamp, ancien pr\u00e9sident 1983-1987, BAPE. Pr\u00e9sident 1999-2000, Commission sur la gestion de l\u2019eau au Qu\u00e9bec&nbsp;<\/li><li>Louis-Marie Kimpton, Comit\u00e9 Vigilance hydrocarbure Berthierville<\/li><li>Dominic Champagne, instigateur et porte-parole, Pacte pour la transition<\/li><li>Louise Morand, pr\u00e9sidente, L\u2019Assomption en transition<\/li><li>Sarah Girard, coordonnatrice, Mouvement d&rsquo;\u00e9ducation populaire autonome de Lanaudi\u00e8re<\/li><li>Odette Sarrazin, coordonnatrice, Regroupement vigilance hydrocarbures Qu\u00e9bec (RVHQ)<\/li><li>Joyce Renaud, pr\u00e9sidente, Mobilisation climat Trois-Rivi\u00e8res<\/li><li>Ga\u00e9tan Lebel, vice-pr\u00e9sident, Association Sportive et \u00c9cologique de la Batiscan<\/li><li>Olena Zotova, pr\u00e9sidente, La Plan\u00e8te s\u2019invite en sant\u00e9<\/li><li>\u00c9lisabeth Patterson, avocate, Dionne Schulze s.e.n.c.<\/li><li>Jacques T\u00e9treault, pr\u00e9sident, Comit\u00e9 des Citoyens et Citoyennes pour la Protection de l&rsquo;Environnement Maskoutain.<\/li><li>Am\u00e9lie Drainville, Comit\u00e9 vigilance hydrocarbures des \u00eeles du Lac-St-Pierre et porteuse d\u2019espoir 2020 du Jour de la Terre Qu\u00e9bec<\/li><li>Denise Laprise, porte-parole, Montmagny en transition<\/li><li>Patrick Provost et Thierry Lef\u00e8vre, Coordonnateurs, Regroupement Des Universitaires (DU)<\/li><li>R\u00e9al Lalande, Coordonnateur, Action Climat Outaouais (ACO)<\/li><li>Maxime Laporte, avocat, Pr\u00e9sident g\u00e9n\u00e9ral de la Soci\u00e9t\u00e9 Saint-Jean-Baptiste (SSJB) de Montr\u00e9al<\/li><li>Normand Gr\u00e9goire, tr\u00e9sorier, Amis de l\u2019environnement de Brandon<\/li><li>Gareth Richardson, pr\u00e9sident, Green Coalition\/Coalition Verte&nbsp;<\/li><li>Lucie Sauv\u00e9, directrice, Centre de recherche en \u00e9ducation et formation relatives \u00e0 l\u2019environnement et \u00e0 l\u2019\u00e9cocitoyennet\u00e9, UQAM<\/li><li>Jonathan Th\u00e9or\u00eat, directeur, Groupe de recommandations et d\u2019actions pour un meilleur environnement, GRAME<\/li><li>Fran\u00e7ois Geoffroy, porte-parole, La Plan\u00e8te s&rsquo;invite au Parlement<\/li><li>Pierre Foisy, porte-parole, Comit\u00e9 Vigilance Hydrocarbures des municipalit\u00e9s de la MRC de Maskinong\u00e9<\/li><li>Lyne Desnoyers, agronome<\/li><li>Marc Beno\u00eet, coordonnateur, Regroupement des organismes d\u2019\u00e9ducation populaire autonome de la Mauricie<\/li><li>Lucie Mass\u00e9, porte-parole, Action Environnement Basses-Laurentides<\/li><li>Ginette Charbonneau et Gilles Provost, porte-paroles, Ralliement contre la pollution radioactive<\/li><li>V\u00e9ronique Fournier, directrice, Centre d\u2019\u00e9cologie urbaine de Montr\u00e9al<\/li><li>Hugo Thibaudeau Robitaille, associ\u00e9, T2 Environnement<\/li><li>\u00c9ric Ferland, directeur g\u00e9n\u00e9ral, Foire \u00c9COSPH\u00c8RE<\/li><li>Alison Hackney, Campbell Stuart, Al Hayek, et Patrick Barnard, directeurs, Fonds d\u2019h\u00e9ritage pour l\u2019Environnement<\/li><li>Jean-Fran\u00e7ois Boisvert, pr\u00e9sident, Coalition climat Montr\u00e9al<\/li><li>David Robitaille, professeur titulaire et avocat-conseil, Facult\u00e9 de droit, uOttawa<\/li><li>Catherine Lussier, Organisatrice communautaire, Front d\u2019action populaire en r\u00e9am\u00e9nagement urbain (FRAPRU)<\/li><li>Ken Wu, directeur ex\u00e9cutif, Alliance des \u00c9cosyst\u00e8mes Menac\u00e9s<\/li><li>Marie Saint-Arnaud, co-coordonnatrice, Collectif scientifique sur la question du gaz de schiste et les enjeux \u00e9nerg\u00e9tiques au Qu\u00e9bec<\/li><li>Julie Corbeil, coordonnatrice, Table r\u00e9gionale des organismes volontaires d\u2019\u00e9ducation populaire (TROVEP) de Montr\u00e9al<\/li><li>Normand L Beaudet, porte-parole, Coalition Alerte \u00e0 l\u2019enfouissement Rivi\u00e8re-du-Nord (CAER)<\/li><li>Richard Janda, professeur agr\u00e9g\u00e9, Facult\u00e9 de droit, Universit\u00e9 McGill<\/li><li>Caroline Voyer, directrice, R\u00e9seau des femmes en environnement<\/li><li>Dimitri Roussopoulos et Isabelle-Anne Bisson, co-pr\u00e9sidents, Sierra Club Qu\u00e9bec<\/li><li>Sophie Paradis, directrice pour le Qu\u00e9bec, Fonds mondial pour la nature (WWF-Canada)<\/li><li>Mouvement citoyen M\u00e8res au front<\/li><li>Dominique Daigneault, pr\u00e9sidente, Conseil central du Montr\u00e9al m\u00e9tropolitain-CSN<\/li><li>St\u00e9phanie Gauthier, pr\u00e9sidente, Les Interieurs Belliss&rsquo;Immo<\/li><li>Jacques Brodeur et Patrick Benoist, directeur et gestionnaire de projets, Institut de recherche en biologie v\u00e9g\u00e9tale<\/li><li>Jesse Shapiro, professeur agr\u00e9g\u00e9, Chaire de recherche du Canada, Sciences biologiques, Universit\u00e9 de Montr\u00e9al<\/li><li>Emmanuel Rondia, directeur g\u00e9n\u00e9ral par int\u00e9rim, Conseil r\u00e9gional de l\u2019environnement de Montr\u00e9al<\/li><li>Adrien Guibert-Barthez, co-porte-parole, Coalition Fjord<\/li><li>Dominique Vigneux-Parent, coordonnatrice, Table ronde des OVEP de l\u2019Estrie<\/li><li>Karel M\u00e9nard, directeur g\u00e9n\u00e9ral, Front commun qu\u00e9b\u00e9cois pour une gestion \u00e9cologique des d\u00e9chets<\/li><li>Jennifer McKenna, coordonnatrice par int\u00e9rim, Mouvement d\u2019\u00e9ducation populaire et d\u2019action communautaire du Saguenay-Lac-Saint-Jean (M\u00c9PAC SLSJ)<\/li><li>Nicolas Chevalier, Saut Montr\u00e9al &#8211; Leap Montreal<\/li><li>Hugo Tremblay, professeur agr\u00e9g\u00e9, Facult\u00e9 de droit, Universit\u00e9 de Montr\u00e9al<\/li><li>Riccardo Bini, directeur, 4Everfood<\/li><li>Marc-Andr\u00e9 No\u00ebl, charg\u00e9 de projets, Comit\u00e9 ZIP Jacques-Cartier<\/li><li>Eric Beaudoin, charg\u00e9 projet pesticides et transition agricole, Vigilance OGM<\/li><li>Ali Khiri, designer de l\u2019environnement, membre des Amis du Champ des possibles<\/li><li>Aur\u00e9lie Sierra, sociologue de l&rsquo;environnement, L\u2019Atelier Social<\/li><li>Kim Marineau, biologiste, Biodiversit\u00e9 conseil<\/li><li>Jonathan Brun, PDG, Nimonik inc.<\/li><li>Alain Marois, vice-pr\u00e9sident \u00e0 la vie politique, F\u00e9d\u00e9ration autonome de l&rsquo;enseignement (FAE)<\/li><li>G\u00e9rald Domon, professeur associ\u00e9, \u00c9cole d&rsquo;urbanisme et d&rsquo;architecture de paysage, Universit\u00e9 de Montr\u00e9al<\/li><li>Anne Plourde, coordonnatrice, Coalition solidarit\u00e9 sant\u00e9<\/li><li>Marie Boirot, porte-parole, Rimouski en TransitionpRI<\/li><li>Priscilla Gareau, directrice g\u00e9n\u00e9rale, Groupe Ambioterra<\/li><li>Marie-Eve Paquette, co-coordonnatrice, Nourrir Notre Monde Haute-Gasp\u00e9sie<\/li><li>Patrick Benoist, gestionnaire de projets et charg\u00e9 d\u2019affaires, Institut de recherche en biologie v\u00e9g\u00e9tale<\/li><li>Jean-Fran\u00e7ois Girard, avocat et biologiste<\/li><li>M\u00e9lanie Busby, Mobilisation environnement Ahuntsic-Cartierville<\/li><li>Laure Waridel, \u00e9cosociologue PhD et co-instigatrice de M\u00e8res au front<\/li><li>Laura Charpentier, directrice g\u00e9n\u00e9rale, Coop\u00e9rative de solidarit\u00e9 Miel Montr\u00e9al&nbsp;<\/li><li>Sylvia Oljemark, pr\u00e9sidente, Le regroupement des citoyens de Saraguay inc.<\/li><li>Roxane L\u2019allier, charg\u00e9 de projet pour l\u2019Association de mise en valeur du secteur Tourelle Ruisseau-Castor&nbsp;<\/li><li>Pascal Huynh, cofondateur, Le Villageois<\/li><li>Fran\u00e7ois Gagn\u00e9, co-porte-parole Coalition Anti-Pipeline de Rouyn-Noranda<\/li><\/ol>\n","protected":false},"excerpt":{"rendered":"<p>Le projet de loi 61 visant la relance de l\u2019\u00e9conomie du Qu\u00e9bec, pr\u00e9sent\u00e9 le 3 juin par le ministre responsable de l\u2019Administration gouvernementale et pr\u00e9sident du Conseil du tr\u00e9sor doit \u00eatre amend\u00e9 afin de renoncer \u00e0 l\u2019assouplissement des r\u00e8gles environnementales. D\u2019autres solutions existent pour assurer une relance rapide : nous sugg\u00e9rons de commencer en misant sur le renforcement des effectifs au sein du gouvernement pour assurer une relance saine et durable qui tienne compte des enjeux sanitaires et \u00e9cologiques auxquels nous faisons face.<\/p>\n","protected":false},"author":19,"featured_media":38750,"comment_status":"open","ping_status":"open","sticky":false,"template":"","format":"standard","meta":{"ep_exclude_from_search":false,"p4_og_title":"","p4_og_description":"","p4_og_image":"","p4_og_image_id":"","p4_seo_canonical_url":"","p4_campaign_name":"not set","p4_local_project":"not set","p4_basket_name":"not set","p4_department":"","footnotes":""},"categories":[21],"tags":[41,43,47,49,83],"p4-page-type":[],"class_list":["post-38739","post","type-post","status-publish","format-standard","has-post-thumbnail","hentry","category-vivre-de-facon-durable","tag-climat","tag-forets","tag-petrole","tag-solutionsenergetiques","tag-consommation"],"_links":{"self":[{"href":"https:\/\/www.greenpeace.org\/canada\/fr\/wp-json\/wp\/v2\/posts\/38739","targetHints":{"allow":["GET"]}}],"collection":[{"href":"https:\/\/www.greenpeace.org\/canada\/fr\/wp-json\/wp\/v2\/posts"}],"about":[{"href":"https:\/\/www.greenpeace.org\/canada\/fr\/wp-json\/wp\/v2\/types\/post"}],"author":[{"embeddable":true,"href":"https:\/\/www.greenpeace.org\/canada\/fr\/wp-json\/wp\/v2\/users\/19"}],"replies":[{"embeddable":true,"href":"https:\/\/www.greenpeace.org\/canada\/fr\/wp-json\/wp\/v2\/comments?post=38739"}],"version-history":[{"count":3,"href":"https:\/\/www.greenpeace.org\/canada\/fr\/wp-json\/wp\/v2\/posts\/38739\/revisions"}],"predecessor-version":[{"id":39914,"href":"https:\/\/www.greenpeace.org\/canada\/fr\/wp-json\/wp\/v2\/posts\/38739\/revisions\/39914"}],"wp:featuredmedia":[{"embeddable":true,"href":"https:\/\/www.greenpeace.org\/canada\/fr\/wp-json\/wp\/v2\/media\/38750"}],"wp:attachment":[{"href":"https:\/\/www.greenpeace.org\/canada\/fr\/wp-json\/wp\/v2\/media?parent=38739"}],"wp:term":[{"taxonomy":"category","embeddable":true,"href":"https:\/\/www.greenpeace.org\/canada\/fr\/wp-json\/wp\/v2\/categories?post=38739"},{"taxonomy":"post_tag","embeddable":true,"href":"https:\/\/www.greenpeace.org\/canada\/fr\/wp-json\/wp\/v2\/tags?post=38739"},{"taxonomy":"p4-page-type","embeddable":true,"href":"https:\/\/www.greenpeace.org\/canada\/fr\/wp-json\/wp\/v2\/p4-page-type?post=38739"}],"curies":[{"name":"wp","href":"https:\/\/api.w.org\/{rel}","templated":true}]}}