{"id":38909,"date":"2020-06-12T18:00:00","date_gmt":"2020-06-12T22:00:00","guid":{"rendered":"https:\/\/www.greenpeace.org\/canada\/?p=38909"},"modified":"2020-06-13T14:34:38","modified_gmt":"2020-06-13T18:34:38","slug":"report-de-ladoption-du-projet-de-loi-61-rassures-les-groupes-environnementaux-reiterent-leur-soutien-a-une-relance-inclusive-juste-et-durable","status":"publish","type":"post","link":"https:\/\/www.greenpeace.org\/canada\/fr\/blog-des-volontaires\/38909\/report-de-ladoption-du-projet-de-loi-61-rassures-les-groupes-environnementaux-reiterent-leur-soutien-a-une-relance-inclusive-juste-et-durable\/","title":{"rendered":"Report de l\u2019adoption du projet de loi 61: rassur\u00e9s, les groupes environnementaux r\u00e9it\u00e8rent leur soutien \u00e0 une relance inclusive, juste et durable"},"content":{"rendered":"\n<p><strong>Montr\u00e9al, Qu\u00e9bec, le 12 juin 2020 &#8211; <\/strong>Le Centre qu\u00e9b\u00e9cois du droit de l\u2019environnement, la Fondation David Suzuki, Nature Qu\u00e9bec, \u00c9quiterre, la SNAP Qu\u00e9bec et Greenpeace Canada se disent rassur\u00e9s par le report des discussions entourant le projet de loi 61 \u00e0 l\u2019automne. Les organisations signataires r\u00e9it\u00e8rent leur soutien \u00e0 une n\u00e9cessaire relance qui soit inclusive, juste et durable.&nbsp;<\/p>\n\n<p>D\u2019embl\u00e9e, nous souhaitons r\u00e9affirmer notre appui \u00e0 une n\u00e9cessaire relance \u00e9conomique suite aux importantes cons\u00e9quences socio\u00e9conomiques que la pand\u00e9mie a eu sur l\u2019ensemble de la soci\u00e9t\u00e9 et en particulier aupr\u00e8s des groupes plus vuln\u00e9rables.&nbsp;<\/p>\n\n<p>Toutefois et au regard des risques environnementaux et sociaux importants que le projet de loi 61 pourrait g\u00e9n\u00e9rer dans sa forme actuelle et de sa tr\u00e8s large port\u00e9e, nous sommes rassur\u00e9\u00b7e\u00b7s que les parlementaires aient privil\u00e9gi\u00e9 une approche prudente en ne pr\u00e9cipitant pas d\u2019entente sur le principe du projet de loi.&nbsp;<\/p>\n\n<p>Pour la sant\u00e9 et le bien-\u00eatre de toutes et tous, nous maintenons qu\u2019il est non seulement possible, mais imp\u00e9ratif de concilier relance, participation citoyenne et respect de l\u2019environnement et des droits d\u00e9mocratiques. L\u2019urgence d\u2019agir ne saurait justifier l\u2019assouplissement des exigences environnementales : au contraire, cela cr\u00e9erait les conditions pour favoriser l\u2019\u00e9mergence d\u2019autres crises sanitaires.<\/p>\n\n<p>Nous encourageons les \u00e9lu\u00b7e\u00b7s \u00e0 poursuivre le dialogue et le travail au cours de la p\u00e9riode estivale afin d\u2019identifier des solutions qui soient \u00e0 la fois efficaces et coh\u00e9rentes tant \u00e0 court qu\u2019\u00e0 long terme pour nous permettre de r\u00e9pondre aux enjeux environnementaux auxquels nous faisons face. Nous restons pleinement dispos\u00e9\u00b7e\u00b7s \u00e0 collaborer afin que toutes et tous puissent b\u00e9n\u00e9ficier d\u2019une relance \u00e9conomique qui s\u2019appuie sur la science et qui garantisse la protection de la sant\u00e9 et du droit de vivre dans un environnement sain et respectueux de la biodiversit\u00e9.&nbsp;<\/p>\n\n<p class=\"has-text-align-center\">-30-<\/p>\n\n<p>Contacts m\u00e9dia:<\/p>\n\n<p><strong>Contacts m\u00e9dia:<\/strong><\/p>\n\n<p>Sophie Turri, Charg\u00e9e des communications, CQDE, Cell: 438-979-7951,&nbsp;<a href=\"mailto:sophie.turri@cqde.org\" target=\"_blank\" rel=\"noreferrer noopener\">sophie.turri@cqde.org<\/a>&nbsp;<\/p>\n\n<p>Charl\u00e8ne Daubenfeld, Responsable des communications, SNAP Qu\u00e9bec, Cell : 514-378-3880,&nbsp;<a href=\"mailto:communications@snapquebec.org\" target=\"_blank\" rel=\"noreferrer noopener\">communications@snapquebec.org<\/a><\/p>\n\n<p>Gabriel Marquis, Responsable des communications, Nature Qu\u00e9bec, 581-307-8613,&nbsp;<a href=\"mailto:Gabriel.Marquis@naturequebec.org\" target=\"_blank\" rel=\"noreferrer noopener\">Gabriel.Marquis@naturequebec.org<\/a><\/p>\n\n<p>Diego Creimer, Affaires publiques et communications, Fondation David Suzuki, 514-999-6743,&nbsp;<a href=\"mailto:dcreimer@davidsuzuki.org\" target=\"_blank\" rel=\"noreferrer noopener\">dcreimer@davidsuzuki.org<\/a>&nbsp;<\/p>\n\n<p>Anthony C\u00f4t\u00e9 Leduc, Charg\u00e9 des relations m\u00e9dias, \u00c9quiterre&nbsp;, 514-605-2000.&nbsp;<a href=\"mailto:acoteleduc@equiterre.org\" target=\"_blank\" rel=\"noreferrer noopener\">acoteleduc@equiterre.org<\/a>&nbsp;<\/p>\n\n<p>Loujain Kurdi&nbsp;, Conseill\u00e8re en communications, Greenpeace Canada, +1 (514) 577-6657,&nbsp;<a href=\"mailto:loujain.kurdi@greenpeace.org\" target=\"_blank\" rel=\"noreferrer noopener\">loujain.kurdi@greenpeace.org<\/a><\/p>\n","protected":false},"excerpt":{"rendered":"<p>Le Centre qu\u00e9b\u00e9cois du droit de l\u2019environnement, la Fondation David Suzuki, Nature Qu\u00e9bec, \u00c9quiterre, la SNAP Qu\u00e9bec et Greenpeace Canada se disent rassur\u00e9s par le report des discussions entourant le projet de loi 61 \u00e0 l\u2019automne. Les organisations signataires r\u00e9it\u00e8rent leur soutien \u00e0 une n\u00e9cessaire relance qui soit inclusive, juste et durable. <\/p>\n","protected":false},"author":19,"featured_media":38750,"comment_status":"open","ping_status":"open","sticky":false,"template":"","format":"standard","meta":{"ep_exclude_from_search":false,"p4_og_title":"","p4_og_description":"","p4_og_image":"","p4_og_image_id":"","p4_seo_canonical_url":"","p4_campaign_name":"not set","p4_local_project":"not set","p4_basket_name":"not set","p4_department":"","footnotes":""},"categories":[21],"tags":[38,40,41,43,46,47,49,83],"p4-page-type":[],"class_list":["post-38909","post","type-post","status-publish","format-standard","has-post-thumbnail","hentry","category-vivre-de-facon-durable","tag-alimentation","tag-autochtones","tag-climat","tag-forets","tag-oceans-fr","tag-petrole","tag-solutionsenergetiques","tag-consommation"],"_links":{"self":[{"href":"https:\/\/www.greenpeace.org\/canada\/fr\/wp-json\/wp\/v2\/posts\/38909","targetHints":{"allow":["GET"]}}],"collection":[{"href":"https:\/\/www.greenpeace.org\/canada\/fr\/wp-json\/wp\/v2\/posts"}],"about":[{"href":"https:\/\/www.greenpeace.org\/canada\/fr\/wp-json\/wp\/v2\/types\/post"}],"author":[{"embeddable":true,"href":"https:\/\/www.greenpeace.org\/canada\/fr\/wp-json\/wp\/v2\/users\/19"}],"replies":[{"embeddable":true,"href":"https:\/\/www.greenpeace.org\/canada\/fr\/wp-json\/wp\/v2\/comments?post=38909"}],"version-history":[{"count":3,"href":"https:\/\/www.greenpeace.org\/canada\/fr\/wp-json\/wp\/v2\/posts\/38909\/revisions"}],"predecessor-version":[{"id":38912,"href":"https:\/\/www.greenpeace.org\/canada\/fr\/wp-json\/wp\/v2\/posts\/38909\/revisions\/38912"}],"wp:featuredmedia":[{"embeddable":true,"href":"https:\/\/www.greenpeace.org\/canada\/fr\/wp-json\/wp\/v2\/media\/38750"}],"wp:attachment":[{"href":"https:\/\/www.greenpeace.org\/canada\/fr\/wp-json\/wp\/v2\/media?parent=38909"}],"wp:term":[{"taxonomy":"category","embeddable":true,"href":"https:\/\/www.greenpeace.org\/canada\/fr\/wp-json\/wp\/v2\/categories?post=38909"},{"taxonomy":"post_tag","embeddable":true,"href":"https:\/\/www.greenpeace.org\/canada\/fr\/wp-json\/wp\/v2\/tags?post=38909"},{"taxonomy":"p4-page-type","embeddable":true,"href":"https:\/\/www.greenpeace.org\/canada\/fr\/wp-json\/wp\/v2\/p4-page-type?post=38909"}],"curies":[{"name":"wp","href":"https:\/\/api.w.org\/{rel}","templated":true}]}}