{"id":394,"date":"2018-05-16T00:00:00","date_gmt":"2018-05-16T00:00:00","guid":{"rendered":"https:\/\/www.greenpeace.org\/canada\/non-classifiee\/394\/greenpeace-reagit-a-la-volonte-du-gouvernement-federal-dindemniser-kinder-morgan-pour-le-projet-de-pipeline-trans-mountain\/"},"modified":"2019-11-06T03:29:09","modified_gmt":"2019-11-06T08:29:09","slug":"greenpeace-reagit-a-la-volonte-du-gouvernement-federal-dindemniser-kinder-morgan-pour-le-projet-de-pipeline-trans-mountain","status":"publish","type":"post","link":"https:\/\/www.greenpeace.org\/canada\/fr\/press-release\/394\/greenpeace-reagit-a-la-volonte-du-gouvernement-federal-dindemniser-kinder-morgan-pour-le-projet-de-pipeline-trans-mountain\/","title":{"rendered":"Greenpeace r\u00e9agit \u00e0 la volont\u00e9 du gouvernement f\u00e9d\u00e9ral d&rsquo;indemniser Kinder Morgan pour le projet de pipeline Trans Mountain"},"content":{"rendered":"<p><strong>16 mai 2018 (Montr\u00e9al)<\/strong> &#8211; En r\u00e9ponse \u00e0 l&rsquo;annonce du gouvernement f\u00e9d\u00e9ral qui souhaite indemniser la compagnie Kinder Morgan pour son projet d\u2019expansion du pipeline Trans Mountain et la pr\u00e9munir contre les risques pos\u00e9s par l&rsquo;opposition du gouvernement de la Colombie-Britannique, le responsable de la campagne Climat-\u00c9nergie, Patrick Bonin, a d\u00e9clar\u00e9:<\/p>\n<p>\u00ab Il semble que m\u00eame Kinder Morgan ne veut pas aller de l&rsquo;avant avec ce projet destructeur. La signature d&rsquo;un ch\u00e8que en blanc \u00e0 Kinder Morgan aux frais des contribuables \u00e9quivaut \u00e0 jeter de l&rsquo;argent par la fen\u00eatre pour un tr\u00e8s mauvais projet et les Canadiens ne devraient pas assumer les lourdes pertes que ce dernier entra\u00eenera. \u00bb<\/p>\n<p>\u00ab Les risques pour ce projet vont bien au-del\u00e0 du gouvernement de la Colombie-Britannique et Kinder Morgan le sait tr\u00e8s bien. En plus de l\u2019opposition de la province, ces risques comprennent les nombreux recours l\u00e9gaux des Premi\u00e8res Nations, des groupes environnementaux et des municipalit\u00e9s, de potentielles l\u00e9gislations aux \u00c9tats-Unis et une opposition croissante de nombreuses personnes qui sont pr\u00eates \u00e0 se faire arr\u00eater pour mettre fin \u00e0 ce projet, et ce, de Vancouver \u00e0 Seattle en passant par le Qu\u00e9bec. Ce projet ne va nulle part. Le gouvernement f\u00e9d\u00e9ral devrait limiter ses pertes plut\u00f4t que de les doubler. \u00bb<\/p>\n<p style=\"text-align: center;\">-30-<\/p>\n<p><strong>Contact:<\/strong><\/p>\n<p>Loujain Kurdi, Conseill\u00e8re aux communications, Greenpeace Canada, <a href=\"mailto:loujain.kurdi@greenpeace.org\">loujain.kurdi@greenpeace.org<\/a>, 514.577.6657<\/p>\n","protected":false},"excerpt":{"rendered":"<p>16 mai 2018 (Montr\u00e9al) &#8211; En r\u00e9ponse \u00e0 l&#8217;annonce du gouvernement f\u00e9d\u00e9ral qui souhaite indemniser la compagnie Kinder Morgan pour son projet d\u2019expansion du pipeline Trans Mountain et la pr\u00e9munir&hellip;<\/p>\n","protected":false},"author":12,"featured_media":1846,"comment_status":"open","ping_status":"open","sticky":false,"template":"","format":"standard","meta":{"ep_exclude_from_search":false,"p4_og_title":"","p4_og_description":"","p4_og_image":"","p4_og_image_id":"","p4_seo_canonical_url":"","p4_campaign_name":"","p4_local_project":"","p4_basket_name":"","p4_department":"","footnotes":""},"categories":[20],"tags":[47],"p4-page-type":[183],"class_list":["post-394","post","type-post","status-publish","format-standard","has-post-thumbnail","hentry","category-climat","tag-petrole","p4-page-type-communique-de-presse"],"_links":{"self":[{"href":"https:\/\/www.greenpeace.org\/canada\/fr\/wp-json\/wp\/v2\/posts\/394","targetHints":{"allow":["GET"]}}],"collection":[{"href":"https:\/\/www.greenpeace.org\/canada\/fr\/wp-json\/wp\/v2\/posts"}],"about":[{"href":"https:\/\/www.greenpeace.org\/canada\/fr\/wp-json\/wp\/v2\/types\/post"}],"author":[{"embeddable":true,"href":"https:\/\/www.greenpeace.org\/canada\/fr\/wp-json\/wp\/v2\/users\/12"}],"replies":[{"embeddable":true,"href":"https:\/\/www.greenpeace.org\/canada\/fr\/wp-json\/wp\/v2\/comments?post=394"}],"version-history":[{"count":3,"href":"https:\/\/www.greenpeace.org\/canada\/fr\/wp-json\/wp\/v2\/posts\/394\/revisions"}],"predecessor-version":[{"id":1997,"href":"https:\/\/www.greenpeace.org\/canada\/fr\/wp-json\/wp\/v2\/posts\/394\/revisions\/1997"}],"wp:featuredmedia":[{"embeddable":true,"href":"https:\/\/www.greenpeace.org\/canada\/fr\/wp-json\/wp\/v2\/media\/1846"}],"wp:attachment":[{"href":"https:\/\/www.greenpeace.org\/canada\/fr\/wp-json\/wp\/v2\/media?parent=394"}],"wp:term":[{"taxonomy":"category","embeddable":true,"href":"https:\/\/www.greenpeace.org\/canada\/fr\/wp-json\/wp\/v2\/categories?post=394"},{"taxonomy":"post_tag","embeddable":true,"href":"https:\/\/www.greenpeace.org\/canada\/fr\/wp-json\/wp\/v2\/tags?post=394"},{"taxonomy":"p4-page-type","embeddable":true,"href":"https:\/\/www.greenpeace.org\/canada\/fr\/wp-json\/wp\/v2\/p4-page-type?post=394"}],"curies":[{"name":"wp","href":"https:\/\/api.w.org\/{rel}","templated":true}]}}