{"id":400,"date":"2017-10-12T00:00:00","date_gmt":"2017-10-12T00:00:00","guid":{"rendered":"https:\/\/www.greenpeace.org\/canada\/non-classifiee\/400\/demande-de-fermeture-durgence-du-pipeline-trans-nord\/"},"modified":"2019-11-06T03:29:26","modified_gmt":"2019-11-06T08:29:26","slug":"demande-de-fermeture-durgence-du-pipeline-trans-nord","status":"publish","type":"post","link":"https:\/\/www.greenpeace.org\/canada\/fr\/blog-des-volontaires\/400\/demande-de-fermeture-durgence-du-pipeline-trans-nord\/","title":{"rendered":"Demande de fermeture d\u2019urgence du pipeline Trans-Nord"},"content":{"rendered":"<div>\n\t<strong>12 octobre 2017 (Montr\u00e9al)<\/strong>\u00a0\u2013 Greenpeace, Nature Qu\u00e9bec et le Regroupement vigilance hydrocarbures Qu\u00e9bec (RVHQ) r\u00e9agissent \u00e0 l\u2019annonce du remplacement d\u2019un court segment du vieux pipeline Trans-Nord et r\u00e9clament la fermeture imm\u00e9diate de ce dernier en raison des\u00a0<a href=\"http:\/\/link.email.dynect.net\/link.php?DynEngagement=true&amp;H=%2Bdu7sJaY23OO%2BqQ6mC2QqglzHYl8onDna9bYv0z8S%2B2c1yLWI1mxfg%2BSh45KrxM051yC14XcQMkJmoNQ7lDzS5NJYdeczuyPFuoDVrvcfyyelt6Ln%2Bz5J24AsmtoTLh9&amp;G=0&amp;R=http%3A%2F%2Fwww.journaldemontreal.com%2F2017%2F10%2F12%2Fecole-primaire-encerclee-par-un-pipeline-a-risque&amp;I=20171012170255.0000001b3836%40mail6-59-ussnn1&amp;X=MHwxMDQ2NzU4OjU5ZGZhMDJjNjk1ZGJlZDE5MGE4YzEwOTs%3D&amp;S=HMX_Z7qIk2fSrN6f_a6FXvjWCqmYey7bDsxTKQFjvGo\" target=\"_blank\" data-saferedirecturl=\"https:\/\/www.google.com\/url?hl=fr&amp;q=http:\/\/link.email.dynect.net\/link.php?DynEngagement%3Dtrue%26H%3D%252Bdu7sJaY23OO%252BqQ6mC2QqglzHYl8onDna9bYv0z8S%252B2c1yLWI1mxfg%252BSh45KrxM051yC14XcQMkJmoNQ7lDzS5NJYdeczuyPFuoDVrvcfyyelt6Ln%252Bz5J24AsmtoTLh9%26G%3D0%26R%3Dhttp%253A%252F%252Fwww.journaldemontreal.com%252F2017%252F10%252F12%252Fecole-primaire-encerclee-par-un-pipeline-a-risque%26I%3D20171012170255.0000001b3836%2540mail6-59-ussnn1%26X%3DMHwxMDQ2NzU4OjU5ZGZhMDJjNjk1ZGJlZDE5MGE4YzEwOTs%253D%26S%3DHMX_Z7qIk2fSrN6f_a6FXvjWCqmYey7bDsxTKQFjvGo&amp;source=gmail&amp;ust=1507915158824000&amp;usg=AFQjCNEsStIrsDoNV7cOOL8StLZzY7LXxA\" rel=\"noopener noreferrer\">risques<\/a>\u00a0qu\u2019il pose pour la population, l\u2019eau potable et l\u2019environnement.<br \/>\nLa r\u00e9action des groupes survient \u00e0 la suite de l\u2019envoi d\u2019une\u00a0<a href=\"http:\/\/link.email.dynect.net\/link.php?DynEngagement=true&amp;H=%2Bdu7sJaY23OO%2BqQ6mC2QqglzHYl8onDna9bYv0z8S%2B2c1yLWI1mxfg%2BSh45KrxM051yC14XcQMkJmoNQ7lDzS5NJYdeczuyPFuoDVrvcfyyelt6Ln%2Bz5J24AsmtoTLh9&amp;G=0&amp;R=https%3A%2F%2Fdrive.google.com%2Ffile%2Fd%2F0ByNM3zCXV9YdRzUzVHF1SjVTeUU%2Fview&amp;I=20171012170255.0000001b3836%40mail6-59-ussnn1&amp;X=MHwxMDQ2NzU4OjU5ZGZhMDJjNjk1ZGJlZDE5MGE4YzEwOTs%3D&amp;S=k720I-1GZ2SqA2kBxqO4OhycZZU0hisjLRF46P-bc6s\" target=\"_blank\" data-saferedirecturl=\"https:\/\/www.google.com\/url?hl=fr&amp;q=http:\/\/link.email.dynect.net\/link.php?DynEngagement%3Dtrue%26H%3D%252Bdu7sJaY23OO%252BqQ6mC2QqglzHYl8onDna9bYv0z8S%252B2c1yLWI1mxfg%252BSh45KrxM051yC14XcQMkJmoNQ7lDzS5NJYdeczuyPFuoDVrvcfyyelt6Ln%252Bz5J24AsmtoTLh9%26G%3D0%26R%3Dhttps%253A%252F%252Fdrive.google.com%252Ffile%252Fd%252F0ByNM3zCXV9YdRzUzVHF1SjVTeUU%252Fview%26I%3D20171012170255.0000001b3836%2540mail6-59-ussnn1%26X%3DMHwxMDQ2NzU4OjU5ZGZhMDJjNjk1ZGJlZDE5MGE4YzEwOTs%253D%26S%3Dk720I-1GZ2SqA2kBxqO4OhycZZU0hisjLRF46P-bc6s&amp;source=gmail&amp;ust=1507915158824000&amp;usg=AFQjCNGO1bATRZoCNvOyKob2jLXlZ3Uuxw\" rel=\"noopener noreferrer\">lettre<\/a>\u00a0de Trans-Nord \u00e0 la citoyenne Sylvie Rozon dans laquelle l\u2019entreprise signale qu\u2019un segment de 500 m\u00e8tres du pipeline devra \u00eatre remplac\u00e9 et que ce \u00ab remplacement est n\u00e9cessaire afin de pr\u00e9server l\u2019int\u00e9grit\u00e9 du pipeline car l\u2019\u00e9paisseur de son recouvrement a diminu\u00e9 au fil des ann\u00e9es en raison de l\u2019\u00e9rosion\u00bb.<br \/>\n\u00ab Les autorit\u00e9s font preuve d\u2019un grave manque de responsabilit\u00e9 en laissant ce pipeline fonctionner alors que l\u2019entreprise reconna\u00eet elle-m\u00eame qu\u2019il pr\u00e9sente de s\u00e9rieux probl\u00e8mes d\u2019int\u00e9grit\u00e9 \u00bb, a d\u00e9clar\u00e9 Patrick Bonin de Greenpeace. Selon lui, \u00ab ce pipeline doit \u00eatre mis hors service de toute urgence. On ne peut se contenter d\u2019un petit rapi\u00e9\u00e7age sur 500 m\u00e8tres alors que l\u2019\u00e9tat g\u00e9n\u00e9ral de ce pipeline de 65 ans est tr\u00e8s pr\u00e9occupant et qu\u2019il menace l\u2019eau potable de la r\u00e9gion de Montr\u00e9al ainsi que les populations environnantes \u00bb.<br \/>\nLe pipeline a caus\u00e9 deux d\u00e9versements dans la r\u00e9gion de Montr\u00e9al en 2010 et la compagnie a d\u00fb depuis ce temps r\u00e9duire son d\u00e9bit \u00e0 80 % de la capacit\u00e9 maximale compte tenu de graves probl\u00e9matiques de s\u00e9curit\u00e9.<br \/>\nPour sa part, Christian Simard de Nature Qu\u00e9bec a pr\u00e9cis\u00e9 que \u00ab le fait que ce pipeline soit constitu\u00e9 de sections d\u2019\u00e2ges et de diam\u00e8tres diff\u00e9rents cr\u00e9e de graves probl\u00e8mes de surpression, probl\u00e8mes souvent point\u00e9s du doigt par l\u2019Office national de l\u2019\u00e9nergie (ON\u00c9). Quand on pense que les sections de 65 ans d\u2019\u00e2ge traversent des cours d\u2019eau importants et longent \u00e9coles et habitations, \u00e7a donne froid dans le dos \u00bb.<br \/>\nRappelons que deux commissaires dissidents de l\u2019ON\u00c9 avaient demand\u00e9 la\u00a0<a href=\"http:\/\/link.email.dynect.net\/link.php?DynEngagement=true&amp;H=%2Bdu7sJaY23OO%2BqQ6mC2QqglzHYl8onDna9bYv0z8S%2B2c1yLWI1mxfg%2BSh45KrxM051yC14XcQMkJmoNQ7lDzS5NJYdeczuyPFuoDVrvcfyyelt6Ln%2Bz5J24AsmtoTLh9&amp;G=0&amp;R=http%3A%2F%2Fjournalmetro.com%2Factualites%2Fmontreal%2F1028713%2Fdeux-membres-de-lone-recommandent-la-fermeture-temporaire-du-pipeline-trans-nord%2F&amp;I=20171012170255.0000001b3836%40mail6-59-ussnn1&amp;X=MHwxMDQ2NzU4OjU5ZGZhMDJjNjk1ZGJlZDE5MGE4YzEwOTs%3D&amp;S=x5qpYLW3IQJnnLzEevBzUCQ2OGbGXoSw-h1ew6A14lI\" target=\"_blank\" data-saferedirecturl=\"https:\/\/www.google.com\/url?hl=fr&amp;q=http:\/\/link.email.dynect.net\/link.php?DynEngagement%3Dtrue%26H%3D%252Bdu7sJaY23OO%252BqQ6mC2QqglzHYl8onDna9bYv0z8S%252B2c1yLWI1mxfg%252BSh45KrxM051yC14XcQMkJmoNQ7lDzS5NJYdeczuyPFuoDVrvcfyyelt6Ln%252Bz5J24AsmtoTLh9%26G%3D0%26R%3Dhttp%253A%252F%252Fjournalmetro.com%252Factualites%252Fmontreal%252F1028713%252Fdeux-membres-de-lone-recommandent-la-fermeture-temporaire-du-pipeline-trans-nord%252F%26I%3D20171012170255.0000001b3836%2540mail6-59-ussnn1%26X%3DMHwxMDQ2NzU4OjU5ZGZhMDJjNjk1ZGJlZDE5MGE4YzEwOTs%253D%26S%3Dx5qpYLW3IQJnnLzEevBzUCQ2OGbGXoSw-h1ew6A14lI&amp;source=gmail&amp;ust=1507915158824000&amp;usg=AFQjCNEiCqjVaRhLOXR8oa7SmSqMcxpkqw\" rel=\"noopener noreferrer\">fermeture<\/a>\u00a0du pipeline lors du renouvellement de son permis d\u2019exploitation en septembre 2016, en expliquant que<br \/>\n\u00ab PTNI a eu six ans pour se conformer \u00e0 de nombreuses ordonnances de s\u00e9curit\u00e9 rendues par l\u2019Office, mais elle a n\u00e9glig\u00e9 de s\u2019y conformer enti\u00e8rement. Nous doutons qu\u2019une autre ordonnance de s\u00e9curit\u00e9 semblable nous garantisse qu\u2019\u00e0 ce moment-ci les changements n\u00e9cessaires pour rendre le pipeline aussi s\u00e9curitaire que possible seront apport\u00e9s.\u00bb<br \/>\nLe Journal de Montr\u00e9al\u00a0<a href=\"http:\/\/link.email.dynect.net\/link.php?DynEngagement=true&amp;H=%2Bdu7sJaY23OO%2BqQ6mC2QqglzHYl8onDna9bYv0z8S%2B2c1yLWI1mxfg%2BSh45KrxM051yC14XcQMkJmoNQ7lDzS5NJYdeczuyPFuoDVrvcfyyelt6Ln%2Bz5J24AsmtoTLh9&amp;G=0&amp;R=http%3A%2F%2Fwww.journaldemontreal.com%2F2017%2F10%2F12%2Fecole-primaire-encerclee-par-un-pipeline-a-risque&amp;I=20171012170255.0000001b3836%40mail6-59-ussnn1&amp;X=MHwxMDQ2NzU4OjU5ZGZhMDJjNjk1ZGJlZDE5MGE4YzEwOTs%3D&amp;S=HMX_Z7qIk2fSrN6f_a6FXvjWCqmYey7bDsxTKQFjvGo\" target=\"_blank\" data-saferedirecturl=\"https:\/\/www.google.com\/url?hl=fr&amp;q=http:\/\/link.email.dynect.net\/link.php?DynEngagement%3Dtrue%26H%3D%252Bdu7sJaY23OO%252BqQ6mC2QqglzHYl8onDna9bYv0z8S%252B2c1yLWI1mxfg%252BSh45KrxM051yC14XcQMkJmoNQ7lDzS5NJYdeczuyPFuoDVrvcfyyelt6Ln%252Bz5J24AsmtoTLh9%26G%3D0%26R%3Dhttp%253A%252F%252Fwww.journaldemontreal.com%252F2017%252F10%252F12%252Fecole-primaire-encerclee-par-un-pipeline-a-risque%26I%3D20171012170255.0000001b3836%2540mail6-59-ussnn1%26X%3DMHwxMDQ2NzU4OjU5ZGZhMDJjNjk1ZGJlZDE5MGE4YzEwOTs%253D%26S%3DHMX_Z7qIk2fSrN6f_a6FXvjWCqmYey7bDsxTKQFjvGo&amp;source=gmail&amp;ust=1507915158824000&amp;usg=AFQjCNEsStIrsDoNV7cOOL8StLZzY7LXxA\" rel=\"noopener noreferrer\">r\u00e9v\u00e9lait<\/a>\u00a0ce matin qu\u2019il faudra deux ans \u00e0 Trans-Nord pour faire les travaux urgents qui s\u2019imposent sur une portion de l\u2019ol\u00e9oduc qui \u00e9tait compl\u00e8tement d\u00e9terr\u00e9e \u00e0 l\u2019endroit o\u00f9 il croise le ruisseau Paiement (St-Lazare), tributaire de la rivi\u00e8re des Outaouais.<br \/>\n\u00ab Il n\u2019y a pas de plan B pour la vaste majorit\u00e9 des stations de purification de la r\u00e9gion m\u00e9tropolitaine de Montr\u00e9al, a soulign\u00e9 Carole Dupuis, du RVHQ. En cas de d\u00e9versement important d\u2019hydrocarbures en amont des prises d\u2019eau, dans la rivi\u00e8re des Outaouais par exemple, les stations disposeraient de r\u00e9serves d&rsquo;eau pour 12 \u00e0 16 heures seulement. Il est plus que temps que les autorit\u00e9s prennent leurs responsabilit\u00e9s et ferment ce pipeline avant qu\u2019une telle catastrophe se produise. \u00bb<br \/>\nConstruit en 1952, le pipeline transporte chaque jour 172 900 barils de produits p\u00e9troliers, comme du k\u00e9ros\u00e8ne, du diesel et du mazout, entre Montr\u00e9al-Est et Nanticoke en Ontario.<br \/>\nIl traverse plusieurs plans d&rsquo;eau, dont la rivi\u00e8re des Outaouais.<\/p>\n<p style=\"text-align: center;\" dir=\"ltr\"><strong>&#8211; 30 &#8211;<\/strong><\/p>\n<p><strong>Pour informations:<\/strong><br \/>\nPatrick Bonin, responsable de la campagne Climat-\u00c9nergie<br \/>\nGreenpeace Canada<\/p>\n<p dir=\"ltr\">patrick.bonin@greenpeace.org <\/p>\n<p><script type=\"text\/javascript\"><!--\ndocument.write(dc('Eoi_1', '26_18_47_09_1A_41_54_49_08_43_45_47_43_56_48_43_43_54_41_66_48_4F_48_49_44_08_4D_45_4F_54_52_47_56_18_04_4D_48_47_4A_44_79_04_1B_52_43_41_54_47_52_06_04_41_54_49_08_43_45_47_43_56_48_43_43_54_41_66_48_4F_48_49_44_08_4D_45_4F_54_52_47_56_1C_49_52_4A_4F_47_4B_04_1B_40_43_54_4E_06_47_1A'));\/\/--><\/script><\/p>\n<p><a href=\"tel:(514)%20594-1221\" target=\"_blank\" rel=\"noopener noreferrer\">514 594-1221<\/a><\/p>\n<p>\u00a0<\/p>\n<p>Christian Simard<br \/>\nNature Qu\u00e9bec<\/p>\n<p dir=\"ltr\">christian.simard@naturequebec.org <\/p>\n<p><script type=\"text\/javascript\"><!--\ndocument.write(dc('Eoi_2', 'A0_9E_C1_8F_9C_C7_D2_CF_8E_C3_C5_C2_C5_D5_D1_C5_D2_D5_D4_C1_CE_E0_C4_D2_C1_CD_C9_D3_8E_CE_C1_C9_D4_D3_C9_D2_C8_C3_9E_82_CB_CE_C1_CC_C2_FF_82_9D_D4_C5_C7_D2_C1_D4_80_82_C7_D2_CF_8E_C3_C5_C2_C5_D5_D1_C5_D2_D5_D4_C1_CE_E0_C4_D2_C1_CD_C9_D3_8E_CE_C1_C9_D4_D3_C9_D2_C8_C3_9A_CF_D4_CC_C9_C1_CD_82_9D_C6_C5_D2_C8_80_C1_9C'));\/\/--><\/script><\/p>\n<p><a href=\"tel:(418)%20928-1150\" target=\"_blank\" rel=\"noopener noreferrer\">418 928-1150<\/a><\/p>\n<p>\u00a0<\/p>\n<p>Carole Dupuis, coordonnatrice g\u00e9n\u00e9rale et porte-parole<br \/>\nRegroupement vigilance hydrocarbures Qu\u00e9bec (RVHQ)<\/p>\n<p dir=\"ltr\">carole.dupuis@rvhq.ca <\/p>\n<p><script type=\"text\/javascript\"><!--\ndocument.write(dc('Eoi_3', 'C2_FC_A3_ED_FE_A3_A1_EC_B3_AA_B4_B0_82_B1_AB_B7_B2_B7_A6_EC_A7_AE_AD_B0_A3_A1_FC_E0_A9_AC_A3_AE_A0_9D_E0_FF_B6_A7_A5_B0_A3_B6_E2_E0_A3_A1_EC_B3_AA_B4_B0_82_B1_AB_B7_B2_B7_A6_EC_A7_AE_AD_B0_A3_A1_F8_AD_B6_AE_AB_A3_AF_E0_FF_A4_A7_B0_AA_E2_A3_FE'));\/\/--><\/script><\/p>\n<p><a href=\"tel:(438)%20884-8200\" target=\"_blank\" rel=\"noopener noreferrer\">438 884-8200<\/a>\n<\/div>\n","protected":false},"excerpt":{"rendered":"<p>12 octobre 2017 (Montr\u00e9al)\u00a0\u2013 Greenpeace, Nature Qu\u00e9bec et le Regroupement vigilance hydrocarbures Qu\u00e9bec (RVHQ) r\u00e9agissent \u00e0 l\u2019annonce du remplacement d\u2019un court segment du vieux pipeline Trans-Nord et r\u00e9clament la fermeture&hellip;<\/p>\n","protected":false},"author":12,"featured_media":0,"comment_status":"open","ping_status":"open","sticky":false,"template":"","format":"standard","meta":{"ep_exclude_from_search":false,"p4_og_title":"","p4_og_description":"","p4_og_image":"","p4_og_image_id":"","p4_seo_canonical_url":"","p4_campaign_name":"","p4_local_project":"","p4_basket_name":"","p4_department":"","footnotes":""},"categories":[20],"tags":[47],"p4-page-type":[],"class_list":["post-400","post","type-post","status-publish","format-standard","hentry","category-climat","tag-petrole"],"_links":{"self":[{"href":"https:\/\/www.greenpeace.org\/canada\/fr\/wp-json\/wp\/v2\/posts\/400","targetHints":{"allow":["GET"]}}],"collection":[{"href":"https:\/\/www.greenpeace.org\/canada\/fr\/wp-json\/wp\/v2\/posts"}],"about":[{"href":"https:\/\/www.greenpeace.org\/canada\/fr\/wp-json\/wp\/v2\/types\/post"}],"author":[{"embeddable":true,"href":"https:\/\/www.greenpeace.org\/canada\/fr\/wp-json\/wp\/v2\/users\/12"}],"replies":[{"embeddable":true,"href":"https:\/\/www.greenpeace.org\/canada\/fr\/wp-json\/wp\/v2\/comments?post=400"}],"version-history":[{"count":2,"href":"https:\/\/www.greenpeace.org\/canada\/fr\/wp-json\/wp\/v2\/posts\/400\/revisions"}],"predecessor-version":[{"id":27083,"href":"https:\/\/www.greenpeace.org\/canada\/fr\/wp-json\/wp\/v2\/posts\/400\/revisions\/27083"}],"wp:attachment":[{"href":"https:\/\/www.greenpeace.org\/canada\/fr\/wp-json\/wp\/v2\/media?parent=400"}],"wp:term":[{"taxonomy":"category","embeddable":true,"href":"https:\/\/www.greenpeace.org\/canada\/fr\/wp-json\/wp\/v2\/categories?post=400"},{"taxonomy":"post_tag","embeddable":true,"href":"https:\/\/www.greenpeace.org\/canada\/fr\/wp-json\/wp\/v2\/tags?post=400"},{"taxonomy":"p4-page-type","embeddable":true,"href":"https:\/\/www.greenpeace.org\/canada\/fr\/wp-json\/wp\/v2\/p4-page-type?post=400"}],"curies":[{"name":"wp","href":"https:\/\/api.w.org\/{rel}","templated":true}]}}