{"id":40389,"date":"2020-06-30T12:46:21","date_gmt":"2020-06-30T16:46:21","guid":{"rendered":"https:\/\/www.greenpeace.org\/canada\/?p=40389"},"modified":"2021-12-06T06:27:27","modified_gmt":"2021-12-06T11:27:27","slug":"quest-ce-quun-changement-systemique-et-comment-pouvons-nous-mieux-reconstruire-apres-la-covid-19","status":"publish","type":"post","link":"https:\/\/www.greenpeace.org\/canada\/fr\/story\/40389\/quest-ce-quun-changement-systemique-et-comment-pouvons-nous-mieux-reconstruire-apres-la-covid-19\/","title":{"rendered":"Qu\u2019est-ce qu\u2019un changement syst\u00e9mique et comment pouvons-nous mieux reconstruire apr\u00e8s la Covid-19 ?"},"content":{"rendered":"\n<figure class=\"wp-block-image size-large  caption-style-blue-overlay caption-alignment-center\"><img loading=\"lazy\" decoding=\"async\" width=\"651\" height=\"373\" src=\"http:\/\/www.greenpeace.org\/canada\/wp-content\/uploads\/2020\/06\/92f35027-screen-shot-2020-06-30-at-9.19.15-am.png\" alt=\"\" class=\"wp-image-40392\" srcset=\"https:\/\/www.greenpeace.org\/static\/planet4-canada-stateless\/2020\/06\/92f35027-screen-shot-2020-06-30-at-9.19.15-am.png 651w, https:\/\/www.greenpeace.org\/static\/planet4-canada-stateless\/2020\/06\/92f35027-screen-shot-2020-06-30-at-9.19.15-am-300x172.png 300w, https:\/\/www.greenpeace.org\/static\/planet4-canada-stateless\/2020\/06\/92f35027-screen-shot-2020-06-30-at-9.19.15-am-510x292.png 510w\" sizes=\"auto, (max-width: 651px) 100vw, 651px\" \/><\/figure>\n\n<p style=\"font-size:11px\" class=\"has-text-align-center\"><a href=\"https:\/\/www.lexpress.fr\/actualite\/societe\/environnement\/des-manifestations-pour-le-climat-dans-toute-la-france_2059524.html\">Source<\/a><\/p>\n\n<p>Ces derniers temps, nous entendons parler partout de changement syst\u00e9mique&#8230;<\/p>\n\n<p><a href=\"http:\/\/www.ceves.ca\/#revendication\">Des mouvements jeunesse pour le climat<\/a>, qui appellent \u00e0 une transition de notre \u00e9conomie bas\u00e9e sur les combustibles fossiles vers les \u00e9nergies propres; aux sympathisant\u00b7es du mouvement Black Lives Matter, qui appellent \u00e0 <a href=\"https:\/\/www.greenpeace.org\/canada\/en\/story\/38896\/3-anti-racist-policies-that-should-be-part-of-the-covid-19-economic-recovery\/?_thumbnail_id=38854\">mettre fin au racisme syst\u00e9mique et \u00e0 d\u00e9financer la police;<\/a> en passant par les travailleuses et travailleurs migrant\u00b7es exploit\u00e9.es qui <a href=\"https:\/\/migrantrights.ca\/\">r\u00e9clament des conditions d&#8217;emploi vivables<\/a>.<\/p>\n\n<p>&#8230;mais qu\u2019est ce que cela signifie en fait?<\/p>\n\n<p>En gros, <strong>le changement de syst\u00e8me <\/strong>vise \u00e0 modifier l&rsquo;organisation, les mod\u00e8les, les structures, les r\u00e8gles ou m\u00eame l&rsquo;objectif d&rsquo;un syst\u00e8me. Il faut \u00eatre conscient\u00b7es que les syst\u00e8mes, comme notre \u00e9conomie, sont con\u00e7us pour <em>accomplir quelque chose<\/em>.<\/p>\n\n<p>Alors que fait notre syst\u00e8me \u00e9conomique? Il g\u00e8re les ressources, les biens et les services de mani\u00e8re \u00e0 concentrer la richesse et le pouvoir entre les mains de quelques privil\u00e9gi\u00e9\u00b7es. La mentalit\u00e9 du \u00ab\u00a0profit \u00e0 tout prix\u00a0\u00bb qui sous-tend ce syst\u00e8me a permis aux grandes entreprises de d\u00e9truire la nature et de mettre en danger notre climat, au nom de la rentabilit\u00e9. Le syst\u00e8me \u00e9conomique en place leur a \u00e9galement permis de s&rsquo;en tirer sans payer aux travailleuses et travailleurs un salaire d\u00e9cent. Il leur a permis d&rsquo;utiliser leur pouvoir et de faire pression sur les gouvernements afin qu&rsquo;ils prennent des d\u00e9cisions qui leur rapportent de l&rsquo;argent au lieu de lutter contre le racisme ou de mettre fin aux in\u00e9galit\u00e9s.&nbsp;<\/p>\n\n<p>Mais les choses sont en train de changer.<\/p>\n\n<p>Des gens de tous les horizons se r\u00e9unissent. Comme l&rsquo;a \u00e9crit mon coll\u00e8gue <a href=\"https:\/\/www.greenpeace.org\/africa\/en\/blogs\/11532\/systems-change-is-the-answer-people-change-is-the-authentic-solution\/?fbclid=IwAR3wUsuuko8mH-RlfTfZSQWHUc41j8118ekGrqeB3p-_h7p1yrvMgOklGuk\">Lagi de Greenpeace Afrique<\/a>, la Covid-19 \u00ab\u00a0est un signal d\u2019alarme qui a \u00e9branl\u00e9 tous les piliers de notre soci\u00e9t\u00e9, y compris notre mode de vie, comme jamais je ne l\u2019ai exp\u00e9riment\u00e9 auparavant\u00a0\u00bb [traduction libre]. Cette pand\u00e9mie a v\u00e9ritablement mis \u00e0 nu et expos\u00e9 les failles de notre syst\u00e8me d\u00e9faillant&#8230; et nous avons maintenant la possibilit\u00e9 de tout r\u00e9imaginer. Un nouveau d\u00e9part. Reconstruire en mieux. Reconstruire ensemble.<\/p>\n\n<p>Les <strong>probl\u00e8mes syst\u00e9miques<\/strong> ne peuvent pas \u00eatre r\u00e9gl\u00e9s en se d\u00e9barrassant simplement des quelques mauvaises pommes dans le panier. Les probl\u00e8mes auxquels nous sommes confront\u00e9s \u2014 changements climatiques, in\u00e9galit\u00e9s, racisme \u2014 sont profonds et complexes. Nous devons reprogrammer les r\u00e8gles, l&rsquo;organisation et les valeurs du syst\u00e8me, parce que faire les choses de la m\u00eame fa\u00e7on \u00e0 r\u00e9p\u00e9tition et esp\u00e9rer des r\u00e9sultats diff\u00e9rents, c\u2019est de la folie, comme le disait Einstein. Il faut arriver \u00e0 de nouveaux, mais surtout, de meilleurs r\u00e9sultats.&nbsp;<\/p>\n\n<figure class=\"wp-block-embed-instagram wp-block-embed is-type-rich is-provider-instagram\"><div class=\"wp-block-embed__wrapper\">\nhttps:\/\/www.instagram.com\/p\/CAtFBAvHRWC\/\n<\/div><\/figure>\n\n<h3 class=\"wp-block-heading\"><strong>Pourquoi Greenpeace d\u00e9fend un changement syst\u00e9mique maintenant?<\/strong><\/h3>\n\n<p>Chez Greenpeace, <a href=\"https:\/\/www.greenpeace.org\/international\/story\/30020\/coronavirus-pandemic-covid-crack-system-economics-future-fairness-recovery-climate\/\">nous croyons<\/a> au pouvoir des gens qui savent \u00e9voluer et changer leurs mentalit\u00e9s, et \u00e0 la remise en question des structures de pouvoir qui pr\u00e9valent dans la soci\u00e9t\u00e9. Nos d\u00e9tracteurs nous critiquent souvent en disant que ces grands syst\u00e8mes tiennent tout ensemble \u2014 que cette normalit\u00e9 est souhaitable et impossible \u00e0 changer. Mais aujourd&rsquo;hui, nous assistons \u00e0 l&rsquo;effondrement soudain de ces syst\u00e8mes.<\/p>\n\n<p>Pour nous assurer que notre plan\u00e8te ne devienne pas une victime collat\u00e9rale de la COVID-19, nous devons nous assurer que les plans de relance \u00e9conomique \u00e0 long terme du gouvernement f\u00e9d\u00e9ral donnent un nouveau d\u00e9part vers une meilleure \u201cnormalit\u00e9\u201d. Cela signifie qu&rsquo;il faut s&rsquo;attaquer aux causes profondes qui nous ont rendues vuln\u00e9rables aux crises comme les pand\u00e9mies et les changements climatiques.<\/p>\n\n<h3 class=\"wp-block-heading\"><strong>Comment une relance verte et juste post Covid-19 peut cr\u00e9er un changement <\/strong><strong>syst\u00e9mique <\/strong><strong>?&nbsp;<\/strong><\/h3>\n\n<p>Alors que la pand\u00e9mie se d\u00e9veloppait, le Premier ministre Trudeau lui-m\u00eame <a href=\"https:\/\/www.rcinet.ca\/fr\/2020\/06\/18\/les-travailleurs-migrants-ne-veulent-pas-de-chemin-vers-la-citoyennete\/\">a pos\u00e9 la question<\/a>: \u00ab Nous devrions toujours profiter des moments de crise pour r\u00e9fl\u00e9chir: Pouvons-nous changer le syst\u00e8me pour faire mieux ? \u00bb.<\/p>\n\n<p>Oui, nous le pouvons. Vous trouverez ci-dessous quelques pistes de solutions qui pourraient d\u00e9clencher un changement de syst\u00e8me et ouvrir la voie \u00e0 une soci\u00e9t\u00e9 saine, \u00e9quitable, durable et pacifique&#8230; si le Premier Ministre Trudeau a le courage de les mettre en pratique, \u00e9videmment.<\/p>\n\n<h4 class=\"wp-block-heading\"><strong>Investir dans les \u00e9nergies vertes et les logements verts et abordables:<\/strong><\/h4>\n\n<p>Le gouvernement f\u00e9d\u00e9ral devrait r\u00e9\u00e9crire les r\u00e8gles qui permettent actuellement de polluer avec pas ou peu de cons\u00e9quences, il devrait investir dans la reconstruction de nos villes afin que nos syst\u00e8mes de transport et nos logements soient z\u00e9ro carbone (pour en savoir plus, voir <a href=\"https:\/\/www.hilltimes.com\/2020\/06\/08\/think-system-change-for-canadas-low-carbon-reboot\/250684\">cet article<\/a> du Hill Times). Les politiques coh\u00e9rentes dans ce domaine comprennent :<\/p>\n\n<ul class=\"wp-block-list\"><li>Le d\u00e9veloppement des infrastructures en transports publics gratuits et \u00e9lectrifi\u00e9s.<\/li><li>Passer \u00e0 100 % d&rsquo;\u00e9nergies renouvelables en investissant dans les \u00e9nergies renouvelables, l&rsquo;efficacit\u00e9 \u00e9nerg\u00e9tique et la satisfaction de la nouvelle demande d&rsquo;\u00e9lectricit\u00e9 (comme pour le e-transit) avec des sources d&rsquo;\u00e9nergie z\u00e9ro carbone.<\/li><li>La constructions et la r\u00e9novation de logements sociaux verts et abordables partout au Canada, et plus particuli\u00e8rement dans les communaut\u00e9s autochtones, M\u00e9tis et Inuits et dans les communaut\u00e9s \u00e0 faible revenu.<\/li><\/ul>\n\n<h4 class=\"wp-block-heading\"><strong>Se concentrer sur la justice socio-\u00e9conomique et sur les \u201cinfrastructures sociales\u201d&nbsp;<\/strong><\/h4>\n\n<p>Cela commence par respecter les droits des communaut\u00e9s \u00e0 faible revenus ou racialis\u00e9es, un point sur lequel notre syst\u00e8me \u00e9conomique actuel \u00e9choue, notamment en favorisant les communaut\u00e9s blanches et riches. Les choix politiques pour y rem\u00e9dier sont notamment les suivants:<\/p>\n\n<ul class=\"wp-block-list\"><li>Instaurer un salaire d\u00e9cent, un revenu de base universel et <a href=\"https:\/\/www.greenpeace.org\/canada\/fr\/histoires\/38457\/allons-chercher-largent-ou-il-se-trouve-en-taxant-les-multimillionaires\/\">un imp\u00f4t sur la fortune<\/a> pour les personnes et les entreprises les plus riches au Canada.<\/li><li>Soutenir les recommandations du mouvement <a href=\"http:\/\/greenpeace.org\/canada\/en\/story\/38896\/3-anti-racist-policies-that-should-be-part-of-the-covid-19-economic-recovery\/\"><em>Black Lives Matter<\/em><\/a><em> <\/em>et du mouvement des travailleuses et travailleurs migrant\u00b7es <a href=\"https:\/\/www.greenpeace.org\/canada\/fr\/histoires\/40122\/migrant-justice-is-climate-justice-greenpeace-canada-support-statusforall\/\"><em>#StatusForAll<\/em><\/a>, incluant la mise en place de filets de s\u00e9curit\u00e9 sociale et de sant\u00e9 ad\u00e9quats.<\/li><li>Respecter les droits autochtones, agir selon les <a href=\"https:\/\/twitter.com\/ChiefsofOntario\/status\/1275846866329010183?s=20\">recommandations<\/a> de la Commission de v\u00e9rit\u00e9 et r\u00e9conciliation du Canada, et l\u00e9gif\u00e9rer sur la D\u00e9claration des Nations Unies sur les droits des peuples autochtones.<\/li><li>Assurer un financement national durable des services de garde d&rsquo;enfants, veiller \u00e0 ce que le travail d\u2019aidant naturel souvent assum\u00e9 par les femmes soit correctement r\u00e9mun\u00e9r\u00e9 et que les mesures de relance incluent les femmes (en particulier les femmes de couleur) les plus touch\u00e9es par la \u00ab\u00a0<a href=\"https:\/\/lmic-cimt.ca\/fr\/les-consequences-de-la-covid-19-sur-les-femmes-travaillant-a-temps-partiel\/\"><em>she-cession<\/em><\/a>\u00ab\u00a0.<\/li><\/ul>\n\n<h4 class=\"wp-block-heading\"><strong>Construire une \u00e9conomie circulaire<\/strong><\/h4>\n\n<p>Actuellement, notre \u00e9conomie est bas\u00e9e sur le mod\u00e8le du \u201cexploiter-fabriquer-jeter\u201d : les entreprises prennent les ressources naturelles qu&rsquo;elles veulent, fabriquent des choses \u00e0 vendre pour faire du profit, et ensuite les consommatrices et consommateurs doivent s\u2019arranger avec&nbsp; l&rsquo;obsolescence et les d\u00e9chets. Une \u00e9conomie circulaire permet d&rsquo;\u00e9viter le consum\u00e9risme effr\u00e9n\u00e9. Elle se concentre sur l&rsquo;utilisation responsable des ressources naturelles, la r\u00e9paration et la r\u00e9utilisation des biens et mat\u00e9riaux existants, et la fin de la consommation jetable \u2014 rien ne va \u00e0 la d\u00e9charge. Pour y parvenir, les gouvernements devraient :<\/p>\n\n<ul class=\"wp-block-list\"><li>Cr\u00e9er des fonds de soutien \u00e0 l\u2019innovation, dans le but de d\u00e9velopper des syst\u00e8mes de consigne et de r\u00e9emploi; des syst\u00e8mes de r\u00e9paration et de r\u00e9usinage; une \u00e9conomie de partage au travers de centres de pr\u00eat d\u2019\u00e9quipements fonctionnant \u00e0 la mani\u00e8re des biblioth\u00e8ques; ainsi que des syst\u00e8mes r\u00e9g\u00e9n\u00e9ratifs capables de restaurer, de r\u00e9nover ou de revitaliser leurs propres intrants.<\/li><li>Soutenir les mesures de transition destin\u00e9es aux travailleuses et travailleurs de l\u2019industrie p\u00e9trochimique, afin de les int\u00e9grer \u00e0 l\u2019\u00e9conomie circulaire de mani\u00e8re juste et \u00e9quitable.<\/li><\/ul>\n\n<h4 class=\"wp-block-heading\"><strong>Investir dans des solutions bas\u00e9es sur la nature:<\/strong><\/h4>\n\n<p>La pr\u00e9servation et la restauration de nos for\u00eats, milieux humides, prairies et oc\u00e9ans, des milieux urbains aux milieux ruraux, est l\u2019occasion tout indiqu\u00e9e de cr\u00e9er des emplois de qualit\u00e9, y compris dans les r\u00e9gions rurales ou \u00e9loign\u00e9es. Un tel programme nous permettrait de stocker plus de carbone dans le sol afin de lutter contre les changements climatiques et prot\u00e9ger la biodiversit\u00e9.&nbsp;<\/p>\n\n<p>Mais quel genre d\u2019emplois verts, vous demanderez-vous? Bonne question! Des projets cl\u00e9-en-main tels que:<\/p>\n\n<ul class=\"wp-block-list\"><li>Cr\u00e9er un programme d\u2019emploi f\u00e9d\u00e9ral ax\u00e9 sur la restauration des \u00e9cosyst\u00e8mes et des habitats essentiels, l\u2019entretien des aires prot\u00e9g\u00e9es, l\u2019\u00e9limination des esp\u00e8ces invasives, ainsi que la collecte et le suivi des donn\u00e9es.<\/li><li>Offrir des pr\u00eats et du financement aux projets d\u2019agroforesterie, aux cultures de couverture v\u00e9g\u00e9tale, \u00e0 l\u2019agriculture biologique r\u00e9g\u00e9n\u00e9rative, ainsi qu\u2019\u00e0 la v\u00e9g\u00e9talisation des milieux humides, des rivages et des terres peu productives.<\/li><\/ul>\n\n<h4 class=\"wp-block-heading\"><strong>Vous voulez aller encore plus loin? Consultez les propositions d\u00e9taill\u00e9es de Greenpeace:&nbsp; <\/strong><\/h4>\n\n<p style=\"font-size:17px\"><a href=\"https:\/\/www.greenpeace.org\/static\/planet4-canada-stateless\/2020\/09\/20200821-Principes-et-parcours-menant-a-une-relance-juste-et-verte.pdf\"><em>Mieux reconstruire : propositions politiques de Greenpeace Canada pour une relance juste et verte<\/em><\/a><\/p>\n<div class=\"EmptyMessage\">Block content is empty. Check the block&rsquo;s settings or remove it.<\/div>","protected":false},"excerpt":{"rendered":"<p>Ces derniers temps, nous entendons parler partout de changement syst\u00e9mique&#8230;<\/p>\n","protected":false},"author":18,"featured_media":40391,"comment_status":"open","ping_status":"open","sticky":false,"template":"","format":"standard","meta":{"ep_exclude_from_search":false,"p4_og_title":"","p4_og_description":"","p4_og_image":"","p4_og_image_id":"","p4_seo_canonical_url":"","p4_campaign_name":"not set","p4_local_project":"not set","p4_basket_name":"not set","p4_department":"","footnotes":""},"categories":[21],"tags":[41,48,72],"p4-page-type":[155],"class_list":["post-40389","post","type-post","status-publish","format-standard","has-post-thumbnail","hentry","category-vivre-de-facon-durable","tag-climat","tag-sante","tag-plastique","p4-page-type-histoire"],"_links":{"self":[{"href":"https:\/\/www.greenpeace.org\/canada\/fr\/wp-json\/wp\/v2\/posts\/40389","targetHints":{"allow":["GET"]}}],"collection":[{"href":"https:\/\/www.greenpeace.org\/canada\/fr\/wp-json\/wp\/v2\/posts"}],"about":[{"href":"https:\/\/www.greenpeace.org\/canada\/fr\/wp-json\/wp\/v2\/types\/post"}],"author":[{"embeddable":true,"href":"https:\/\/www.greenpeace.org\/canada\/fr\/wp-json\/wp\/v2\/users\/18"}],"replies":[{"embeddable":true,"href":"https:\/\/www.greenpeace.org\/canada\/fr\/wp-json\/wp\/v2\/comments?post=40389"}],"version-history":[{"count":7,"href":"https:\/\/www.greenpeace.org\/canada\/fr\/wp-json\/wp\/v2\/posts\/40389\/revisions"}],"predecessor-version":[{"id":51259,"href":"https:\/\/www.greenpeace.org\/canada\/fr\/wp-json\/wp\/v2\/posts\/40389\/revisions\/51259"}],"wp:featuredmedia":[{"embeddable":true,"href":"https:\/\/www.greenpeace.org\/canada\/fr\/wp-json\/wp\/v2\/media\/40391"}],"wp:attachment":[{"href":"https:\/\/www.greenpeace.org\/canada\/fr\/wp-json\/wp\/v2\/media?parent=40389"}],"wp:term":[{"taxonomy":"category","embeddable":true,"href":"https:\/\/www.greenpeace.org\/canada\/fr\/wp-json\/wp\/v2\/categories?post=40389"},{"taxonomy":"post_tag","embeddable":true,"href":"https:\/\/www.greenpeace.org\/canada\/fr\/wp-json\/wp\/v2\/tags?post=40389"},{"taxonomy":"p4-page-type","embeddable":true,"href":"https:\/\/www.greenpeace.org\/canada\/fr\/wp-json\/wp\/v2\/p4-page-type?post=40389"}],"curies":[{"name":"wp","href":"https:\/\/api.w.org\/{rel}","templated":true}]}}