{"id":40477,"date":"2020-07-16T07:00:00","date_gmt":"2020-07-16T11:00:00","guid":{"rendered":"https:\/\/www.greenpeace.org\/canada\/?p=40477"},"modified":"2021-12-06T06:27:08","modified_gmt":"2021-12-06T11:27:08","slug":"resilience-alimentaire-en-temps-de-crise-ca-commence-dans-votre-cuisine","status":"publish","type":"post","link":"https:\/\/www.greenpeace.org\/canada\/fr\/blog-des-volontaires\/40477\/resilience-alimentaire-en-temps-de-crise-ca-commence-dans-votre-cuisine\/","title":{"rendered":"R\u00e9silience alimentaire en temps de crise: \u00c7a commence dans votre cuisine !"},"content":{"rendered":"\n<h3 class=\"wp-block-heading\"><strong>Partie 4 d\u2019une <\/strong><strong>s\u00e9rie<\/strong><strong> de blogue pour vous guider vers <\/strong><strong>une alimentation plus r\u00e9siliente en temps de crise sanitaire\u2026 et environnementale!<\/strong><\/h3>\n\n<p><em>Le confinement forc\u00e9 par la crise du coronavirus a amen\u00e9 plusieurs d\u2019entre nous \u00e0 repenser et modifier notre alimentation. Que ce soit parce que nous disposons de plus de temps pour cuisiner ou encore en raison des questionnements que la crise fait \u00e9merger concernant nos syst\u00e8mes alimentaires, l\u2019alimentation s\u2019est hiss\u00e9e au rang des questions principales. Dans ce blogue, nous explorons des id\u00e9es pour repenser nos syst\u00e8mes alimentaires en profondeur.<\/em><\/p>\n\n<div class=\"wp-block-image  caption-style-medium caption-alignment-center\"><figure class=\"aligncenter size-large is-resized\"><img loading=\"lazy\" decoding=\"async\" src=\"https:\/\/www.greenpeace.org\/static\/planet4-canada-stateless\/2020\/07\/11ec206a-dsc_0082-1024x683.jpg\" alt=\"\" class=\"wp-image-40486\" width=\"657\" height=\"438\" srcset=\"https:\/\/www.greenpeace.org\/static\/planet4-canada-stateless\/2020\/07\/11ec206a-dsc_0082-1024x683.jpg 1024w, https:\/\/www.greenpeace.org\/static\/planet4-canada-stateless\/2020\/07\/11ec206a-dsc_0082-300x200.jpg 300w, https:\/\/www.greenpeace.org\/static\/planet4-canada-stateless\/2020\/07\/11ec206a-dsc_0082-768x512.jpg 768w, https:\/\/www.greenpeace.org\/static\/planet4-canada-stateless\/2020\/07\/11ec206a-dsc_0082-1536x1024.jpg 1536w, https:\/\/www.greenpeace.org\/static\/planet4-canada-stateless\/2020\/07\/11ec206a-dsc_0082-2048x1366.jpg 2048w, https:\/\/www.greenpeace.org\/static\/planet4-canada-stateless\/2020\/07\/11ec206a-dsc_0082-510x340.jpg 510w\" sizes=\"auto, (max-width: 657px) 100vw, 657px\" \/><figcaption>@Marie-Jos\u00e9e B\u00e9liveau<\/figcaption><\/figure><\/div>\n\n<h2 class=\"wp-block-heading\"><strong>Six conseils pour une alimentation r\u00e9siliente chez soi !&nbsp;<\/strong><\/h2>\n\n<p>La crise sanitaire a mis \u00e0 jour les vuln\u00e9rabilit\u00e9 de notre syst\u00e8me alimentaire. Toutefois, il est possible d\u2019agir \u00e0 votre \u00e9chelle pour soutenir une autre agriculture et un syst\u00e8me plus r\u00e9silient, tout en r\u00e9duisant votre impact sur l\u2019environnement et en prenant soin de votre sant\u00e9. Tout cela directement depuis votre cuisine ! Voici six conseils pour am\u00e9liorer votre r\u00e9silience alimentaire personnelle. Puis, vous trouverez plus bas quatre recettes pour pratiquer votre r\u00e9silience alimentaire ! <\/p>\n\n<h3 class=\"wp-block-heading\"><strong>1. Cuisine<\/strong>z <\/h3>\n\n<p>Durant le confinement, vous avez certainement vu sur les r\u00e9seaux sociaux vos ami\u00b7es se mettre \u00e0 cuisiner leur pain ou pr\u00e9parer leur recette de kombucha, et peut-\u00eatre que cela vous donne envie de vous y mettre aussi.&nbsp;<\/p>\n\n<p>Cuisiner \u00e0 partir de z\u00e9ro en utilisant des ingr\u00e9dients crus est moins cher et souvent plus nutritif que les aliments pr\u00e9par\u00e9s. De plus, cela permet de contr\u00f4ler certains intrants, tels le sel ou le sucre, et de prot\u00e9ger ainsi votre sant\u00e9. La pr\u00e9paration de vos repas vous permet \u00e9galement d\u2019apprendre \u00e0 utiliser ce que vous avez, ce qui r\u00e9duit le gaspillage de nourriture.<\/p>\n\n<p>Cuisiner est un art qui se d\u00e9veloppe avec la pratique. Il en est de m\u00eame de l\u2019art de faire un Touski avec touski-reste-dans-le-frigo, tel composer une salade avec les restes de la veille ou transformer des produits qui fl\u00e9trissent en soupe ou en cari. Bref, cuisiner et apprendre \u00e0 cuisiner, permet de sauver les aliments !<\/p>\n\n<h3 class=\"wp-block-heading\">2. <strong>Transformez la pr\u00e9paration des repas en occasion de rapprochement&nbsp;<\/strong><\/h3>\n\n<p>Vous pouvez transformer une journ\u00e9e de pluie en de magnifiques moments en famille ou avec vos proches en exp\u00e9rimentant des recettes et en pr\u00e9parant d\u2019avance les repas de la semaine. C&rsquo;est une excellente mani\u00e8re de passer du temps ensemble et sans \u00e9cran ou encore de rattraper le temps perdu avec vos amis. En plus, cuisiner \u00e0 plusieurs est toujours plus facile !&nbsp;<\/p>\n\n<h3 class=\"wp-block-heading\">3. <strong>R\u00e9duisez le gaspillage alimentaire&nbsp;<\/strong><\/h3>\n\n<p>Savez-vous que de la m\u00eame mani\u00e8re qu\u2019il existe des \u00ab D\u00e9fis z\u00e9ro d\u00e9chet \u00bb, il existe aussi des \u00ab D\u00e9fis Z\u00e9ro gaspi \u00bb ! Alors, prochaine \u00e9tape : on arr\u00eate de jeter ! D\u2019ailleurs, le gaspillage alimentaire nuit \u00e0 la plan\u00e8te et \u00e0 votre budget. Voici quelques astuces pour r\u00e9duire le poid de ce que l\u2019on jette au compost :<\/p>\n\n<p><strong><em>Faites l\u2019inventaire et utilisez ce que vous avez&nbsp;<\/em>: <\/strong>Avant d\u2019acheter de nouveaux aliments, faites l\u2019inventaire et la rotation de ce que vous avez. Vous pouvez, par exemple, diminuer chaque semaine le contenu de votre frigo avant de retourner au march\u00e9. Un autre moyen est de s\u2019assurer de diminuer le contenu de cong\u00e9lateur chaque ann\u00e9e au printemps, en d\u00e9congelant et mangeant un chili que vous avez rang\u00e9 \u00e0 l&rsquo;automne ou le reste d\u2019un potage pr\u00e9par\u00e9 au milieu de l\u2019hiver.&nbsp;<\/p>\n\n<p><strong><em>Rangez<\/em> : <\/strong>Bien ranger vos aliments permet d\u2019am\u00e9liorer votre efficacit\u00e9 en cuisine et d\u2019assurer la rotation des aliments avant qu\u2019ils p\u00e9rissent. Dans le frigo, rangez au fond les aliments avec la date de p\u00e9remption la plus \u00e9loign\u00e9e et devant ceux qui ont les dates les plus proches. Cela \u00e9vite d\u2019oublier au fond quelque chose qui va p\u00e9rimer. Faites de m\u00eame avec les aliments dans les armoires et regroupez les types d\u2019aliments : p\u00e2tes, riz, haricots secs, conserves, etc. Puis, assurez-vous que tout est \u00e0 port\u00e9e de main et visible ais\u00e9ment (dans des bocaux en verre et bien identifi\u00e9s). Ainsi, lorsque vient le moment de composer un repas, vous verrez rapidement vos possibilit\u00e9s.&nbsp;<\/p>\n\n<p><strong><em>Conservez<\/em> : <\/strong>Tous les aliments ne se conservent pas de la m\u00eame mani\u00e8re. Assurez-vous que les aliments&nbsp; soient entrepos\u00e9s efficacement (dans le fond du frigo pour les plus sensibles aux variations de temp\u00e9rature) et s\u00e9parez les fruits des l\u00e9gumes. En outre, si vous voulez que des fruits ou l\u00e9gumes m\u00fbrissent plus vite, conservez-les pr\u00e8s des bananes. Voici des conseils pour prolonger<a href=\"https:\/\/videos.doctissimo.fr\/nutrition\/sante-dans-assiette\/conserver-aliments-frais-plus-longtemps\" target=\"_blank\" rel=\"noreferrer noopener\"> la dur\u00e9e de vos aliments<\/a>.<\/p>\n\n<p><strong><em>Transformez vos restes<\/em> : <\/strong>Tout d\u2019abord, donnez-vous le d\u00e9fi d\u2019aller jusqu\u2019au bout des aliments. Lorsque vous retirez une partie d\u2019un fruit ou d\u2019un l\u00e9gume, questionnez si c\u2019est vraiment n\u00e9cessaire. Vous pouvez&nbsp; par exemple cuisiner des potages avec des pieds de brocolis ou encore des fanes de carottes.<\/p>\n\n<p>Ensuite, un aliment qui semble perdu peut souvent \u00eatre redirig\u00e9 vers d\u2019autres recettes. Ainsi, transformez le pain rassis en pain perdu ou en cro\u00fbtons dans un potage, puis faites de vos fruits trop m\u00fbrs des compotes ou confitures. Voici la recette d\u2019un <a href=\"https:\/\/www.lesoleil.com\/le-mag\/alimentation\/les-ptits-cuistots-cake-vide-frigo-56ba1f9a69fc65db2c09d31cb26fdb2e\" target=\"_blank\" rel=\"noreferrer noopener\">Cake vide frigo<\/a> !<\/p>\n\n<p><strong><em>Replanter : <\/em><\/strong>Pour exp\u00e9rimenter avec les enfants la magie du cycle de la vie potag\u00e8re, replantez certaines parties de vos l\u00e9gumes et fruits. Voici <a href=\"https:\/\/www.fraichementpresse.ca\/cuisine\/trucs-astuces\/10-legumes-faire-repousser-a-la-maison-1.1589885\" target=\"_blank\" rel=\"noreferrer noopener\">10 l\u00e9gumes \u00e0 faire pousser \u00e0 l\u2019infini<\/a> chez soi ! Mettez ainsi vos c\u0153urs de laitues, de poireaux ou de fenouils dans un bocal avec de l\u2019eau dans un endroit ensoleill\u00e9 puis attendez qu\u2019ils fassent de nouvelles racines avant de les replanter.&nbsp;<\/p>\n\n<div class=\"wp-block-image  caption-style-medium caption-alignment-center\"><figure class=\"aligncenter size-large is-resized\"><img loading=\"lazy\" decoding=\"async\" src=\"https:\/\/www.greenpeace.org\/static\/planet4-canada-stateless\/2020\/07\/2d38b517-dsc_0955-1024x683.jpg\" alt=\"\" class=\"wp-image-40491\" width=\"512\" height=\"342\" srcset=\"https:\/\/www.greenpeace.org\/static\/planet4-canada-stateless\/2020\/07\/2d38b517-dsc_0955-1024x683.jpg 1024w, https:\/\/www.greenpeace.org\/static\/planet4-canada-stateless\/2020\/07\/2d38b517-dsc_0955-300x200.jpg 300w, https:\/\/www.greenpeace.org\/static\/planet4-canada-stateless\/2020\/07\/2d38b517-dsc_0955-768x512.jpg 768w, https:\/\/www.greenpeace.org\/static\/planet4-canada-stateless\/2020\/07\/2d38b517-dsc_0955-1536x1024.jpg 1536w, https:\/\/www.greenpeace.org\/static\/planet4-canada-stateless\/2020\/07\/2d38b517-dsc_0955-2048x1366.jpg 2048w, https:\/\/www.greenpeace.org\/static\/planet4-canada-stateless\/2020\/07\/2d38b517-dsc_0955-510x340.jpg 510w\" sizes=\"auto, (max-width: 512px) 100vw, 512px\" \/><figcaption>Acheter directement des paysan.nes est plus \u00e9conomique <br>et permet de tisser des liens avec eux. <em>(Photo MJ B\u00e9liveau)<\/em><\/figcaption><\/figure><\/div>\n\n<h3 class=\"wp-block-heading\">4. <strong>Favorisez le biologique<\/strong><\/h3>\n\n<p>L\u2019agriculture biologique est b\u00e9n\u00e9fique \u00e0 bien des \u00e9gards. Bien que le bio dans la grande distribution peut \u00eatre plus co\u00fbteux, quelques astuces vous permettront d\u2019adopter le bio en respectant vos \u00e9conomies et les revenus des paysan.nes : <\/p>\n\n<ol class=\"wp-block-list\"><li>Opter pour des produits frais et locaux.<\/li><li>Acheter directement du producteur et\/ou \u00e9viter la grande distribution.<\/li><li>R\u00e9duire la consommation de produits transform\u00e9s.<\/li><li>R\u00e9duire la consommation de viande.<\/li><\/ol>\n\n<div class=\"wp-block-image  caption-style-medium caption-alignment-center\"><figure class=\"aligncenter size-large is-resized\"><img loading=\"lazy\" decoding=\"async\" src=\"https:\/\/www.greenpeace.org\/static\/planet4-canada-stateless\/2020\/07\/b1c123a5-dsc_0973-1024x683.jpg\" alt=\"\" class=\"wp-image-40489\" width=\"512\" height=\"342\" srcset=\"https:\/\/www.greenpeace.org\/static\/planet4-canada-stateless\/2020\/07\/b1c123a5-dsc_0973-1024x683.jpg 1024w, https:\/\/www.greenpeace.org\/static\/planet4-canada-stateless\/2020\/07\/b1c123a5-dsc_0973-300x200.jpg 300w, https:\/\/www.greenpeace.org\/static\/planet4-canada-stateless\/2020\/07\/b1c123a5-dsc_0973-768x512.jpg 768w, https:\/\/www.greenpeace.org\/static\/planet4-canada-stateless\/2020\/07\/b1c123a5-dsc_0973-1536x1024.jpg 1536w, https:\/\/www.greenpeace.org\/static\/planet4-canada-stateless\/2020\/07\/b1c123a5-dsc_0973-2048x1366.jpg 2048w, https:\/\/www.greenpeace.org\/static\/planet4-canada-stateless\/2020\/07\/b1c123a5-dsc_0973-510x340.jpg 510w\" sizes=\"auto, (max-width: 512px) 100vw, 512px\" \/><figcaption>Acheter en saison permet d&rsquo;avoir des aliments frais et nutritifs. <em>(Photo MJ B\u00e9liveau)<\/em><\/figcaption><\/figure><\/div>\n\n<h3 class=\"wp-block-heading\">5. <strong>Consommez des fruits et l\u00e9gumes de saison et locaux<\/strong><\/h3>\n\n<p>En saison, les fruits et l\u00e9gumes sont \u00e0 leur apog\u00e9e, plus abondants et moins chers, en plus d\u2019avoir meilleur go\u00fbt, d\u2019\u00eatre plus frais et nutritifs. Raison de plus pour \u00e9viter de manger des aliments hors saison, telles les fraises en janvier !&nbsp;<\/p>\n\n<p><strong><em>Le cycle annuel de l\u2019alimentation<\/em> : <\/strong>Une bonne gestion de vos aliments peut se faire en consid\u00e9rant un cycle annuel. Cela semble complexe au premier abord mais int\u00e9grer cette habitude permet de sauver du temps et de l\u2019argent :&nbsp;<\/p>\n\n<ol class=\"wp-block-list\"><li><strong>en \u00e9t\u00e9 <\/strong>on profite de l\u2019abondance et on ach\u00e8te des produits frais. Pourquoi ne pas transformer des journ\u00e9es pluvieuses en sessions de cuisine et pr\u00e9parer des confitures ou <a href=\"http:\/\/www.nospetitsmangeurs.org\/la-congelation-des-fruits\/\" target=\"_blank\" rel=\"noreferrer noopener\">congeler des petits fruits frais<\/a> par exemple;<\/li><li><strong>\u00e0 l\u2019automne<\/strong> on fait le plein parmi l\u2019abondance des l\u00e9gumes produits locaux et on cuisine. Puis, on en fait toujours un peu plus pour mettre les surplus au cong\u00e9lateur;&nbsp;<\/li><li><strong>\u00e0 l\u2019hiver <\/strong>on se dorlote et on profite de tous les beaux potages et plats congel\u00e9s pr\u00e9par\u00e9s \u00e0 l\u2019automne;&nbsp;<\/li><li><strong>au printemps<\/strong> on termine les restes et on fait du vide dans ses armoires et au frigo avant de les remplir \u00e0 nouveau avec les produits frais de la belle saison;&nbsp;<\/li><\/ol>\n\n<h3 class=\"wp-block-heading\">6. <strong>Diminuez la consommation de viande<\/strong><\/h3>\n\n<p>Les experts rappellent que r\u00e9duire notre consommation de viande est essentielle afin de pr\u00e9server la<a href=\"https:\/\/cdn.greenpeace.fr\/site\/uploads\/2018\/03\/Moins_mais_mieux_BD.pdf?_ga=2.136188724.445083555.1593928213-262539607.1593928213\" target=\"_blank\" rel=\"noreferrer noopener\"> plan\u00e8te et <\/a>la<a href=\"https:\/\/www.journaldemontreal.com\/2020\/01\/05\/remplacer-les-viandes-rouges-diminue-le-risque-de-mort-prematuree?fbclid=IwAR0vi2Gdo7CFrTVSascKmfiY69ThmyYW-s4saQjrFUQy5gHBm1UX4RVtidM\" target=\"_blank\" rel=\"noreferrer noopener\"> sant\u00e9<\/a>). Pour remplacer la viande, les l\u00e9gumineuses sont une alternative tr\u00e8s int\u00e9ressante d\u2019un point de vue nutritionnel. Haricots, lentilles, pois chiches, pois cass\u00e9s et autres f\u00e8ves sont riches en prot\u00e9ines et en fer. En les associant \u00e0 des c\u00e9r\u00e9ales vous obtiendrez les acides amin\u00e9s indispensables \u00e0 un repas \u00e9quilibr\u00e9 et vos besoins en prot\u00e9ines seront satisfaits. Moins chers que la viande, ces aliments permettent de grandes \u00e9conomies. Voici des <a href=\"https:\/\/vegan-pratique.fr\/cote-cuisine\/cuisiner-les-legumineuses\/\" target=\"_blank\" rel=\"noreferrer noopener\">astuces pour cuisiner vos l\u00e9gumineuse<\/a>.&nbsp;<\/p>\n\n<p>Pour vous aider \u00e0 adopter cette alimentation, voici <a href=\"https:\/\/www.fraichementpresse.ca\/cuisine\/trucs-astuces\/devenir-vegetarien-25-trucs-faciles-pour-faciliter-la-transition-1.2387762\" target=\"_blank\" rel=\"noreferrer noopener\">25 trucs pour devenir v\u00e9g\u00e9tarien <\/a>ou encore une<a href=\"https:\/\/www.greenpeace.fr\/tofu-lentilles-amandes-quinoa-les-alternatives-a-la-viande-sont-nombreuses\/\" target=\"_blank\" rel=\"noreferrer noopener\"> liste des alternatives \u00e0 la viande<\/a> ainsi qu\u2019un petit <a href=\"https:\/\/cdn.greenpeace.fr\/site\/uploads\/2018\/10\/PlantAtlas_Refonte_Poster.pdf?_ga=2.216309841.632933861.1585069708-1911005646.1540548749\" target=\"_blank\" rel=\"noreferrer noopener\">guide pour vous aider \u00e0 rep\u00e9rer les sources possibles de prot\u00e9ines v\u00e9g\u00e9tales<\/a>, pr\u00e9par\u00e9 par Greenpeace France. Puis, voici quelques recettes v\u00e9g\u00e9s propos\u00e9es par <a href=\"https:\/\/cdn.greenpeace.fr\/site\/uploads\/2020\/03\/Depliant_recette_printemps_DEF_HD.pdf\" target=\"_blank\" rel=\"noreferrer noopener\">Greenpeace France<\/a> et <a href=\"https:\/\/www.greenpeace.ch\/fr\/agir\/recette-pour-climat\/\" target=\"_blank\" rel=\"noreferrer noopener\">Greenpeace Suisse<\/a>.&nbsp;<\/p>\n\n<p>Vous pouvez aussi consulter <a rel=\"noreferrer noopener\" href=\"https:\/\/www.greenpeace.org\/static\/planet4-canada-stateless\/2020\/01\/76d006ee-eco-menu-french-v5.pdf\" target=\"_blank\">nos 10 conseils pour des choix alimentaires qui respectent le climat<\/a> !&nbsp;<\/p>\n\n<p>Quoi qu\u2019il en soit, n\u2019oubliez pas de mettre de la bonne humeur dans votre cuisine et prenez soin de vous ! <\/p>\n\n<div class=\"wp-block-image  caption-style-medium caption-alignment-center\"><figure class=\"aligncenter size-large is-resized\"><img loading=\"lazy\" decoding=\"async\" src=\"https:\/\/www.greenpeace.org\/static\/planet4-canada-stateless\/2020\/07\/fba4f53b-dsc_0139-1024x683.jpg\" alt=\"\" class=\"wp-image-40493\" width=\"512\" height=\"342\" srcset=\"https:\/\/www.greenpeace.org\/static\/planet4-canada-stateless\/2020\/07\/fba4f53b-dsc_0139-1024x683.jpg 1024w, https:\/\/www.greenpeace.org\/static\/planet4-canada-stateless\/2020\/07\/fba4f53b-dsc_0139-300x200.jpg 300w, https:\/\/www.greenpeace.org\/static\/planet4-canada-stateless\/2020\/07\/fba4f53b-dsc_0139-768x512.jpg 768w, https:\/\/www.greenpeace.org\/static\/planet4-canada-stateless\/2020\/07\/fba4f53b-dsc_0139-1536x1024.jpg 1536w, https:\/\/www.greenpeace.org\/static\/planet4-canada-stateless\/2020\/07\/fba4f53b-dsc_0139-2048x1366.jpg 2048w, https:\/\/www.greenpeace.org\/static\/planet4-canada-stateless\/2020\/07\/fba4f53b-dsc_0139-510x340.jpg 510w\" sizes=\"auto, (max-width: 512px) 100vw, 512px\" \/><figcaption>Les l\u00e9gumes racines ont une tr\u00e8s longue dur\u00e9e de conservation <br>en plus d&rsquo;\u00eatre abondants au Qu\u00e9bec ! <em>(Photo MJ B\u00e9liveau)<\/em><\/figcaption><\/figure><\/div>\n\n<h2 class=\"wp-block-heading\"><strong>Activit\u00e9 : quatre recettes anti-gaspi&nbsp;<\/strong>!<\/h2>\n\n<p>Voici quatre recettes anti-gaspi de mon ami <a rel=\"noreferrer noopener\" href=\"https:\/\/www.facebook.com\/cabaretrouthier\/?eid=ARBWzUZeDavie9jBqAg8dy3T_KtAhiJOGkj7P5hXoYSf96o313EK49oZalP1TDYJFlWSPFjccsR_CPKk&amp;timeline_context_item_type=intro_card_work&amp;timeline_context_item_source=751225119&amp;fref=tag\" target=\"_blank\">Philippe Routhier<\/a>. En plus d&rsquo;\u00eatre un artiste (voir ses clips <a href=\"https:\/\/youtu.be\/oZde-oz7o7w\" target=\"_blank\" rel=\"noreferrer noopener\">Courir apr\u00e8s le temps<\/a> ou <a href=\"https:\/\/youtu.be\/htOfJED4WeY\" target=\"_blank\" rel=\"noreferrer noopener\">\u00c7a ira<\/a>), Phlippe est un cuisinier hors pair pour concocter des repas \u00e0 partir des <em>touskis<\/em>.&nbsp;<\/p>\n\n<p>Philippe propose donc quatre recettes permettent de d\u00e9cliner carottes et l\u00e9gumes racines en: bouch\u00e9es gateau au carottes, potage, craquelins et muffins (\u00e0 partir du potage). Ce sont des recettes simples que vous pouvez tester avec les enfants et pratiquer les notions Z\u00e9ro Gaspi. \u00c0 vos fournaux !!<\/p>\n\n<div class=\"wp-block-image  caption-style-medium caption-alignment-center\"><figure class=\"aligncenter size-large is-resized\"><img loading=\"lazy\" decoding=\"async\" src=\"https:\/\/www.greenpeace.org\/static\/planet4-canada-stateless\/2020\/07\/a3b340ad-capture-d\u2019e\u0301cran-le-2020-07-06-a\u0300-03.11.57.png\" alt=\"\" class=\"wp-image-40478\" width=\"344\" height=\"268\"\/><figcaption>Bouch\u00e9es gateau aux carottes de Philippe <em>(Photo Philppe Routhier)<\/em><\/figcaption><\/figure><\/div>\n\n<h4 class=\"wp-block-heading\">1. <strong><em>Bouch\u00e9es g\u00e2teau aux carottes de Philippe <\/em><\/strong><\/h4>\n\n<p>Ingr\u00e9dients<\/p>\n\n<ul class=\"wp-block-list\"><li>1 tasse de carottes broy\u00e9es ou r\u00e2p\u00e9es<\/li><li>1\/4 tasse de graines de tournesol<\/li><li>1\/2 tasse de farine<\/li><li>1\/2 tasse de flocon d\u2019avoine<\/li><li>1 c. \u00e0 th\u00e9 de poudre \u00e0 p\u00e2te ou bicarbonate de soude<\/li><li>1\/4 tasse de cassonade ou de sirop d\u2019\u00e9rable<\/li><li>1\/2 c. \u00e0 th\u00e9 de cannelle<\/li><li>1\/4 tasse d\u2019huile d\u2019olive<\/li><li>1 c. \u00e0 soupe de graine de lin broy\u00e9 ou de chia non broy\u00e9es ou de chanvres non broy\u00e9es (pas obligatoire)<\/li><li>1\/2 c. \u00e0 th\u00e9 vanille (pas obligatoire)<\/li><\/ul>\n\n<p>Pr\u00e9paration<\/p>\n\n<ol class=\"wp-block-list\"><li>M\u00e9langer tous les ingr\u00e9dients ensemble puis faire des mini boules (avec une demi cuill\u00e8re \u00e0 soupe).&nbsp;<\/li><li>Cuire au four \u00e0 350 jusqu&rsquo;\u00e0 soit dor\u00e9 (de 15 \u00e0 25 minutes).<\/li><\/ol>\n\n<div class=\"wp-block-image  caption-style-medium caption-alignment-center\"><figure class=\"aligncenter size-large is-resized\"><img loading=\"lazy\" decoding=\"async\" src=\"https:\/\/www.greenpeace.org\/static\/planet4-canada-stateless\/2020\/07\/1476956b-capture-d\u2019e\u0301cran-le-2020-07-06-a\u0300-03.19.00.png\" alt=\"\" class=\"wp-image-40480\" width=\"378\" height=\"259\"\/><figcaption>Potage carottes, panais et navets <em>(Photo Philippe Routhier)<\/em><\/figcaption><\/figure><\/div>\n\n<h4 class=\"wp-block-heading\">2. <strong><em>Potage carottes, panais et navets<\/em><\/strong> (Inspir\u00e9 de la <a href=\"http:\/\/www.recettesjecuisine.com\/fr\/recettes\/entrees-et-bouchees\/potage-aux-carottes-et-panais\/\" target=\"_blank\" rel=\"noreferrer noopener\">recette<\/a>)<\/h4>\n\n<ul class=\"wp-block-list\"><li>5 carottes 5 panais et 2 navets<\/li><li>3 tasse de bouillon ou sal\u00e9 \u00e9pic\u00e9 au go\u00fbt<\/li><li>6 c. \u00e0 soupe de levure alimentaire (pas oblig\u00e9)<\/li><li>300 ml de lait d\u2019avoine ou lait de coco<\/li><li>1 c. \u00e0 th\u00e9 de cari (pas oblig\u00e9)<\/li><\/ul>\n\n<p>Pr\u00e9paration&nbsp;<\/p>\n\n<ol class=\"wp-block-list\"><li>Peler les l\u00e9gumes et les couper en morceaux. Dans une casserole, blanchir l\u2019oignon. Ajouter le reste des ingr\u00e9dients. Porter \u00e0 \u00e9bullition et laisser mijoter 25 minutes. Au robot ou \u00e0 l\u2019aide d\u2019un bras m\u00e9langeur, \u00e9mulsionner la pr\u00e9paration jusqu\u2019\u00e0 l\u2019obtention d\u2019un m\u00e9lange onctueux.<\/li><li>Servir ou congeler.<\/li><\/ol>\n\n<div class=\"wp-block-image  caption-style-medium caption-alignment-center\"><figure class=\"aligncenter size-large is-resized\"><img loading=\"lazy\" decoding=\"async\" src=\"https:\/\/www.greenpeace.org\/static\/planet4-canada-stateless\/2020\/07\/e66379c3-capture-d\u2019e\u0301cran-le-2020-07-06-a\u0300-03.12.48.png\" alt=\"\" class=\"wp-image-40482\" width=\"386\" height=\"281\" srcset=\"https:\/\/www.greenpeace.org\/static\/planet4-canada-stateless\/2020\/07\/e66379c3-capture-d\u2019e\u0301cran-le-2020-07-06-a\u0300-03.12.48.png 815w, https:\/\/www.greenpeace.org\/static\/planet4-canada-stateless\/2020\/07\/e66379c3-capture-d\u2019e\u0301cran-le-2020-07-06-a\u0300-03.12.48-300x219.png 300w, https:\/\/www.greenpeace.org\/static\/planet4-canada-stateless\/2020\/07\/e66379c3-capture-d\u2019e\u0301cran-le-2020-07-06-a\u0300-03.12.48-768x561.png 768w, https:\/\/www.greenpeace.org\/static\/planet4-canada-stateless\/2020\/07\/e66379c3-capture-d\u2019e\u0301cran-le-2020-07-06-a\u0300-03.12.48-466x340.png 466w\" sizes=\"auto, (max-width: 386px) 100vw, 386px\" \/><figcaption>Craquelins aux restes de soupe <em>(Photo Philippe Routhier)<\/em><\/figcaption><\/figure><\/div>\n\n<h4 class=\"wp-block-heading\">3. <em style=\"font-weight: bold;\">Craquelins aux restes de potage<\/em> (Inspir\u00e9 de la <a href=\"http:\/\/qc.allrecipes.ca\/recette\/21706\/craquelins-huile-olive.aspx\" target=\"_blank\" rel=\"noreferrer noopener\">recette<\/a> mais remplacer l\u2019eau par le potage)<\/h4>\n\n<p>Ingr\u00e9dients :&nbsp;<\/p>\n\n<ul class=\"wp-block-list\"><li>140 ml de potage<\/li><li>660 ml de farine tout usage<\/li><li>3\/4 c. \u00e0 th\u00e9 de sel<\/li><li>140 ml d\u2019eau<\/li><li>75 ml d\u2019huile d\u2019olive extra vierge de bonne qualit\u00e9<\/li><li>60 ml de graines de s\u00e9same (pas obligatoire)<\/li><li>1 c. \u00e0 soupe de levure alimentaire (pas obligatoire)<\/li><\/ul>\n\n<p>Pr\u00e9paration :<\/p>\n\n<ol class=\"wp-block-list\"><li>Dans un bol, tamiser la farine avec le sel. Faire un puits au centre et y verser le potage et l\u2019huile d\u2019olive. M\u00e9langer jusqu\u2019\u00e0 ce que la p\u00e2te se tienne.<\/li><li>Saupoudrer les graines de s\u00e9same sur une surface de travail propre et y transf\u00e9rer la p\u00e2te. P\u00e9trir jusqu\u2019\u00e0 ce que la p\u00e2te soit souple. Fa\u00e7onner en une boule, couvrir d\u2019un linge et laisser reposer 10 minutes.<\/li><li>Pr\u00e9chauffer le four \u00e0 350\u00b0F (175\u00b0C).&nbsp;<\/li><li>Badigeonner une t\u00f4le \u00e0 biscuits d\u2019huile d\u2019olive. Diviser la p\u00e2te en quatre parts et abaisser chacune d\u2019elles en un grand rectangle de la grandeur de la t\u00f4le (1-2 mm d\u2019\u00e9paisseur). \u00c9tendre sur la t\u00f4le et tailler le rectangle dans des formes \u00e0 votre go\u00fbt de&nbsp; 5&#215;10 cm. Piquer \u00e0 la fourchette.<\/li><li>Cuire au four jusqu\u2019\u00e0 ce que les craquelins soient croquants (12 \u00e0 20 minutes). Laisser refroidir puis transf\u00e9rer les craquelins sur une grille. Proc\u00e9der de la m\u00eame fa\u00e7on avec les trois autres parts de p\u00e2te, une \u00e0 la fois. Conserver herm\u00e9tiquement.<\/li><\/ol>\n\n<div class=\"wp-block-image  caption-style-medium caption-alignment-center\"><figure class=\"aligncenter size-large is-resized\"><img loading=\"lazy\" decoding=\"async\" src=\"https:\/\/www.greenpeace.org\/static\/planet4-canada-stateless\/2020\/07\/b617aa7a-capture-d\u2019e\u0301cran-le-2020-07-06-a\u0300-03.15.35.png\" alt=\"\" class=\"wp-image-40484\" width=\"419\" height=\"262\"\/><figcaption>Muffins sal\u00e9s aux restes de soupe <br><em>(Photo Philippe Routhier)<\/em><\/figcaption><\/figure><\/div>\n\n<h4 class=\"wp-block-heading\">4. <strong><em>Muffins sal\u00e9s aux restes de soupe<\/em><\/strong> (Inspir\u00e9 de la <a href=\"https:\/\/www.elle.fr\/Elle-a-Table\/Recettes-de-cuisine\/Muffins-sales-aux-restes-de-soupe-2028728\" target=\"_blank\" rel=\"noreferrer noopener\">recette<\/a>)<\/h4>\n\n<p>Donne 12 muffins 35 \u00e0 40 minutes de cuisson four \u00e0 350.<\/p>\n\n<ul class=\"wp-block-list\"><li>1 1\/2 tasse de potage froid<\/li><li>1 oeuf<\/li><li>520 ml farine <em>(mon ami Philippe utilise 270 ml blanche bio et 250 ml \u00e9peautre)<\/em><\/li><li>2 c. \u00e0 th\u00e9 poudre \u00e0 p\u00e2te<\/li><li>1\/2 d\u2019huile olive<\/li><li>2 tasses de fromage cheddar (ou <em>faumage<\/em>)<\/li><li>1 tasse d\u2019\u00e9pinard bien tass\u00e9 hach\u00e9<\/li><li>1 c. \u00c0 th\u00e9 d\u2019origan (pas obligatoire)<\/li><li>1 c. \u00c0 th\u00e9 de basilic (pas obligatoire)<\/li><li>4 c. \u00e0 th\u00e9 de chia dans 6 c. \u00e0 soupe d\u2019eau ti\u00e8de (laissez agir pendant 15 \u00e0 20 minutes avant d\u2019ajouter \u00e0 la pr\u00e9paration)<\/li><\/ul>\n\n<p>Pr\u00e9paration&nbsp;<\/p>\n\n<ol class=\"wp-block-list\"><li>Dans un saladier, m\u00e9langer la farine avec la poudre \u00e0 lever, l&rsquo;huile d&rsquo;olive, les herbes et une pinc\u00e9e de sel.<\/li><li>Ajouter le reste de potage ainsi que l&rsquo;\u0153uf, fouetter le tout.<\/li><li>Ajouter le fromage (ou faumage) r\u00e2p\u00e9, le chia et les \u00e9pinards, m\u00e9langer et r\u00e9partir la p\u00e2te dans les moules \u00e0 muffins.<\/li><li>Mettre 20 min au four pr\u00e9chauff\u00e9 \u00e0 350\u00b0F (180\u00b0C).<\/li><\/ol>\n\n<p><strong><a href=\"https:\/\/act.gp\/2YJfxtO\" target=\"_blank\" rel=\"noreferrer noopener\">Cultiver la r\u00e9silience alimentaire: Demandez \u00e0 votre maire\u00b7sse de rendre disponibles plus d\u2019espace et de ressources pour la production alimentaire. Nous avons besoin de terrains, d\u2019outils et de l\u2019information.&nbsp;<\/a><\/strong><\/p>\n\n<div class=\"wp-block-buttons aligncenter is-layout-flex wp-block-buttons-is-layout-flex\">\n<div class=\"wp-block-button is-style-cta\"><a class=\"wp-block-button__link has-background\" href=\"https:\/\/act.gp\/2YJfxtO\" style=\"background-color:#f36d3a\" target=\"_blank\" rel=\"noreferrer noopener\">DEMANDEZ \u00c0 VOTRE VILLE POUR UNE MEILLEURE R\u00c9SILIENCE ALIMENTAIRE<\/a><\/div>\n<\/div>\n\n<hr class=\"wp-block-separator\"\/>\n<div class=\"EmptyMessage\">Block content is empty. Check the block&rsquo;s settings or remove it.<\/div>","protected":false},"excerpt":{"rendered":"<p>Partie 4 d\u2019une s\u00e9rie de blogue pour vous guider vers une alimentation plus r\u00e9siliente en temps de crise sanitaire\u2026 et environnementale!<\/p>\n","protected":false},"author":66,"featured_media":40486,"comment_status":"open","ping_status":"open","sticky":false,"template":"","format":"standard","meta":{"ep_exclude_from_search":false,"p4_og_title":"","p4_og_description":"","p4_og_image":"","p4_og_image_id":"","p4_seo_canonical_url":"","p4_campaign_name":"not set","p4_local_project":"not set","p4_basket_name":"not set","p4_department":"","footnotes":""},"categories":[21],"tags":[38,83],"p4-page-type":[],"class_list":["post-40477","post","type-post","status-publish","format-standard","has-post-thumbnail","hentry","category-vivre-de-facon-durable","tag-alimentation","tag-consommation"],"_links":{"self":[{"href":"https:\/\/www.greenpeace.org\/canada\/fr\/wp-json\/wp\/v2\/posts\/40477","targetHints":{"allow":["GET"]}}],"collection":[{"href":"https:\/\/www.greenpeace.org\/canada\/fr\/wp-json\/wp\/v2\/posts"}],"about":[{"href":"https:\/\/www.greenpeace.org\/canada\/fr\/wp-json\/wp\/v2\/types\/post"}],"author":[{"embeddable":true,"href":"https:\/\/www.greenpeace.org\/canada\/fr\/wp-json\/wp\/v2\/users\/66"}],"replies":[{"embeddable":true,"href":"https:\/\/www.greenpeace.org\/canada\/fr\/wp-json\/wp\/v2\/comments?post=40477"}],"version-history":[{"count":19,"href":"https:\/\/www.greenpeace.org\/canada\/fr\/wp-json\/wp\/v2\/posts\/40477\/revisions"}],"predecessor-version":[{"id":51252,"href":"https:\/\/www.greenpeace.org\/canada\/fr\/wp-json\/wp\/v2\/posts\/40477\/revisions\/51252"}],"wp:featuredmedia":[{"embeddable":true,"href":"https:\/\/www.greenpeace.org\/canada\/fr\/wp-json\/wp\/v2\/media\/40486"}],"wp:attachment":[{"href":"https:\/\/www.greenpeace.org\/canada\/fr\/wp-json\/wp\/v2\/media?parent=40477"}],"wp:term":[{"taxonomy":"category","embeddable":true,"href":"https:\/\/www.greenpeace.org\/canada\/fr\/wp-json\/wp\/v2\/categories?post=40477"},{"taxonomy":"post_tag","embeddable":true,"href":"https:\/\/www.greenpeace.org\/canada\/fr\/wp-json\/wp\/v2\/tags?post=40477"},{"taxonomy":"p4-page-type","embeddable":true,"href":"https:\/\/www.greenpeace.org\/canada\/fr\/wp-json\/wp\/v2\/p4-page-type?post=40477"}],"curies":[{"name":"wp","href":"https:\/\/api.w.org\/{rel}","templated":true}]}}