{"id":40564,"date":"2020-07-07T13:42:01","date_gmt":"2020-07-07T17:42:01","guid":{"rendered":"https:\/\/www.greenpeace.org\/canada\/?p=40564"},"modified":"2025-04-03T03:48:53","modified_gmt":"2025-04-03T07:48:53","slug":"ne-rien-dire-cest-etre-complice-voila-pourquoi-greenpeace-canada-parle-du-racisme","status":"publish","type":"post","link":"https:\/\/www.greenpeace.org\/canada\/fr\/histoire\/40564\/ne-rien-dire-cest-etre-complice-voila-pourquoi-greenpeace-canada-parle-du-racisme\/","title":{"rendered":"Ne rien dire, c\u2019est \u00eatre complice. Voil\u00e0 pourquoi Greenpeace Canada parle du racisme."},"content":{"rendered":"\n<p>Depuis quelques semaines, des sympathisant\u00b7es se demandent pourquoi nous avons pris la parole et avons soutenu le mouvement <em>Black Lives Matter<\/em> (#BLM),&nbsp; et en quoi leur cause rejoint notre mission de prot\u00e9ger l\u2019environnement et de lutter contre les changements climatiques. <strong>La r\u00e9ponse est simple: on ne peut pas tendre vers une v\u00e9ritable justice climatique sans justice sociale, justice \u00e9conomique et justice environnementale. <\/strong>L\u2019une des causes profondes de ces in\u00e9galit\u00e9s est le racisme syst\u00e9mique. Et le racisme environnemental est \u00e9galement un sympt\u00f4me du racisme syst\u00e9mique. Nous devons soutenir les droits des peuples autochtones, nous devons oeuvrer pour une v\u00e9ritable r\u00e9conciliation et nous devons \u00eatre solidaires des travailleu.ses essentiel\u00b7es, pr\u00e9caires et les&nbsp; travailleu.ses&nbsp; migrant\u00b7es. Et pour ce faire, nous devons relier toutes ces luttes, faute de quoi une relance juste et verte restera inaccessible et nous ne pourrons respecter la portion \u201cpaix\u201d qui constitue la moiti\u00e9 de notre notre nom GreenPEACE.&nbsp; Alors \u00e0 travers ce blogue nous allons vous dire pourquoi Greenpeace prend part \u00e0 la conversation sur le racisme ?<\/p>\n\n<h2 class=\"wp-block-heading\"><strong>Pourquoi soutenir <em>#BLM<\/em> et pas&nbsp; <em>#Alllivesmatter ?<\/em><\/strong><\/h2>\n\n<p>Bien s\u00fbr, chaque vie compte. La question ne se pose pas. Lorsque nous choisissons de soutenir \u00a0\u00bbBlack Lives Matter\u00a0\u00bb, \u00e7a ne veut pas dire que les autres vies sont moins importantes ou que nous ne les soutenons pas. Par contre, ce mot-clique et son utilisation expriment un message clair: nous reconnaissons que les adultes et les jeunes Noirs sont affect\u00e9s de mani\u00e8re disproportionn\u00e9e par le racisme syst\u00e9mique. \u00c7a veut dire que la probabilit\u00e9 qu\u2019ils soient arr\u00eat\u00e9s, cibl\u00e9s (par le profilage) et tu\u00e9s par la police est plus \u00e9lev\u00e9e. Cet \u00e9pisode de notre histoire nous rappelle que les communaut\u00e9s autochtones, noires et les minorit\u00e9s visibles sont victimes de discrimination au Canada aussi. Voil\u00e0 pourquoi selon nous, ne rien dire, c\u2019est devenir complice de cette injustice. C\u2019est pourquoi nous prenons prenons la parole et disons \u00ab\u00a0Black Lives Matter\u00a0\u00bb. Nous sommes solidaires de nos alli\u00e9s qui font partie du mouvement \u201cBlack Lives Matter\u201d, qui exigent la fin des meurtres insens\u00e9s et ill\u00e9gaux de personnes noires, l\u2019application de sanctions sur les corps policiers responsables de morts et d&rsquo;autres formes de violence cautionn\u00e9es par l&rsquo;\u00c9tat. \u00a0\u00bbBlack Lives Matter\u00a0\u00bb signifie que toute personne noire qu\u2019elle soit aux \u00c9tats-Unis ou ailleurs a le droit de vivre sans la peur au ventre d\u2019\u00eatre violent\u00e9e \u00e0 tout moment. Malheureusement, dans les semaines qui ont suivi la mort tragique de George Floyd et la vague de protestation qui a suivi, nous continuons d\u2019\u00eatre t\u00e9moins de d\u00e9c\u00e8s aux mains de la police &#8211; qui auraient d\u00fb et pu \u00eatre \u00e9vit\u00e9s &#8211;&nbsp; de personnes autochtones, noires et de couleur au Canada et aux \u00c9tats-Unis.&nbsp;<\/p>\n\n<h2 class=\"wp-block-heading\"><strong>Mais n\u2019excluez-vous pas ainsi les personnes blanches qui soutiennent #BLM ?<\/strong><\/h2>\n\n<p>Le th\u00e8me de #reverseracism (racisme invers\u00e9 ou racisme anti-blanc) est devenu \u201ctendance\u201d pour d\u00e9fendre&nbsp; les personnes blanches. Mais \u00e0 nouveau, d\u00e9mystifions ce qui sous-tend ce concept. La justice raciale c\u2019est avant tout se rendre compte, donc une prise de conscience, puis contester les dynamiques de pouvoir in\u00e9galitaires qui m\u00e8nent \u00e0 l\u2019ostracisation ou la discrimination d\u2019un groupe ethnique. Il s\u2019agit donc de reconna\u00eetre qu\u2019il y a un syst\u00e8me qui privil\u00e9gie les uns aux d\u00e9pens des autres et de verbaliser cette injustice. Pourquoi ? Parce qu\u2019en fait le racisme s\u2019exerce \u00e0 la fois au niveau individuel, mais aussi de mani\u00e8re syst\u00e9mique. Par exemple, des si\u00e8cles d\u2019oppression aux \u00c9tats-Unis on fait que la population noire a \u00e9t\u00e9 touch\u00e9e de mani\u00e8re disproportionn\u00e9e par les cons\u00e9quences de la violence historique et des structures de pouvoir actuelles qui sont construites sur ces m\u00eames principes de racisme et de violence. Et si cela n\u2019\u00e9tait le cas qu\u2019aux \u00c9tats-Unis, il n\u2019y aurait pas eu toutes ces manifestations \u00e0 l\u2019\u00e9chelle de la plan\u00e8te, ainsi qu\u2019ici chez nous au Canada. Clairement, nommer le racisme n\u2019est pas du racisme invers\u00e9. C\u2019est une id\u00e9e fausse bien trop g\u00e9n\u00e9ralis\u00e9e. Cette <a href=\"https:\/\/www.youtube.com\/watch?v=-w0LFYhedo0&amp;feature=youtu.be\">vid\u00e9o<\/a> l\u2019explique bien.<\/p>\n\n<p><strong>Pourquoi soutenez-vous le d\u00e9financement de la police (#Defundthepolice) proclam\u00e9 par d\u2019autres groupes civils ?<\/strong><br>D\u2019abord, parce que nous soutenons et suivons la direction du mouvement BLM. Ensuite, parce que la <a href=\"https:\/\/www.cbc.ca\/radio\/thecurrent\/the-current-for-june-1-2020-1.5592953\/police-brutality-continually-treated-like-a-one-off-in-canada-says-desmond-cole-1.5592954\">brutalit\u00e9 polici\u00e8re<\/a> est aussi une r\u00e9alit\u00e9 bien propre \u00e0 nous au Canada. Les communaut\u00e9s autochtones, noires et de couleur courent un plus grand risque d\u2019\u00eatre violent\u00e9es. En plus, des experts ont d\u00e9montr\u00e9 que le recours aux interventions polici\u00e8res n\u2019est pas le moyen le plus efficace de maintenir l\u2019ordre dans des <a href=\"https:\/\/globalnews.ca\/news\/7068392\/canada-policing-mental-health\/\">situations<\/a> d\u00e9licates. Lorsque la peur ou le pouvoir prend le dessus, les policiers peuvent recourir aux armes \u00e0 feu face \u00e0 des personnes non arm\u00e9es, ce qui, comme nous l&rsquo;avons vu \u00e0 maintes reprises, peut \u00eatre fatal. C\u2019est pourquoi moins financer les corps policiers pour mieux financer les programmes sociaux de sant\u00e9 mentale ou de d\u00e9veloppement communautaire est tr\u00e8s important.<\/p>\n\n<h2 class=\"wp-block-heading\"><strong>En quoi est-ce li\u00e9 \u00e0 notre travail pour une relance juste ?<\/strong><\/h2>\n\n<p>En plus de d\u00e9financer la police et d&rsquo;investir dans des programmes communautaires, rendre les transports publics gratuits est l&rsquo;une des trois politiques antiracistes importantes qui doivent faire partie des plans de relance \u00e9conomique COVID-19.&nbsp; Pourquoi ?&nbsp; Vous pouvez en apprendre plus \u00e0 ce sujet ici. Ce qui motive notre raison d\u2019\u00eatre chez Greenpeace c\u2019est de changer les syst\u00e8mes en place qui d\u00e9truisent l\u2019environnement et font peser un fardeau disproportionn\u00e9 sur les communaut\u00e9s. Nous ne pourrons #mieuxreconstruire ni travailler vers une #RelanceJuste et verte tant et aussi longtemps que les communaut\u00e9s marginalis\u00e9es, souvent les communaut\u00e9s de couleur, souffrent. Voil\u00e0 pourquoi le travail de Greenpeace est profond\u00e9ment li\u00e9 et d\u00e9pendant du succ\u00e8s des groupes de travail qui poussent pour une meilleure justice raciale, sociale et \u00e9galitaire des genres. Les crises sanitaires et \u00e9conomiques actuelles ont d\u00e9voil\u00e9 les in\u00e9galit\u00e9s sociales et raciales que notre syst\u00e8me couve. Les conseils provenant des communaut\u00e9s marginalis\u00e9es doivent \u00eatre entendus pour concevoir un plan de relance qui r\u00e9ponde \u00e0 leurs besoins et r\u00e9duise les in\u00e9galit\u00e9s sociales syst\u00e9miques. C&rsquo;est d\u2019ailleurs l&rsquo;une des recommandations que nous avons officiellement faites aux d\u00e9cideurs politiques au niveau f\u00e9d\u00e9ral.<\/p>\n\n<h2 class=\"wp-block-heading\"><strong>Pouvez-vous me d\u00e9montrer comment la justice raciale et environnementale sont connect\u00e9es ?<\/strong><\/h2>\n\n<p>D\u2019une part, le 21 Juin, nous avons soulign\u00e9 la Journ\u00e9e nationale des peuples autochtones au Canada. Il suffit de peu de choses pour se souvenir et r\u00e9aliser que jusqu&rsquo;\u00e0 ce jour, les communaut\u00e9s autochtones sont parmi les plus vuln\u00e9rables en mati\u00e8re de sant\u00e9, d&rsquo;\u00e9conomie et de prosp\u00e9rit\u00e9. Nous avons eu la chance de recevoir ce <a href=\"https:\/\/www.greenpeace.org\/canada\/en\/story\/39998\/on-2020s-national-indigenous-day-two-anishinabe-grandmothers-warn-us-about-the-three-cs\/\">blogue<\/a> co-\u00e9crit par Carole Brazeau, arri\u00e8re grand-m\u00e8re Anishnabe, et de sa fille Jennifer, grand-m\u00e8re elle-m\u00eame, qui nous illustrent savamment comment elles subissent encore aujourd\u2019hui le racisme syst\u00e9mique dans leur vie de tous les jours et comment ce racisme a un effet sur leur avenir. Finalement, on saisit en quoi le syst\u00e8me colonialiste et capitaliste en place alimente le racisme syst\u00e9mique et le changement climatique dont elles font les frais aussi en tant qu\u2019autochtones.D&rsquo;autre part, la vision de Greenpeace recoupe celle de la #BLM. Elles sont interconnect\u00e9es dans la mesure o\u00f9 les deux mouvements oeuvrent pour une plan\u00e8te plus paisible, juste et plus \u00e9cologique et tout cela ne peut \u00eatre accompli sans une base de justice sociale. La vision de #BLM touche autant au d\u00e9sinvestissement des \u00e9nergies fossiles qu\u2019\u00e0 l\u2019assainissement des eaux, l\u2019acc\u00e8s \u00e0 une eau potable et une qualit\u00e9 d\u2019air respirable. Notre coll\u00e8gue de Greenpeace US a pris le temps d\u2019expliquer en trois temps comment justice raciale et environnementale se chevauchent dans <a href=\"https:\/\/www.greenpeace.org\/usa\/3-ways-racial-and-environmental-justice-are-connected-as-explained-by-the-vision-for-black-lives\/\">ce blogue<\/a>.<\/p>\n\n<h2 class=\"wp-block-heading\"><strong>Alors le racisme d\u00e9truit l\u2019environnement?<\/strong><\/h2>\n\n<p>Oui, c&rsquo;est le cas, et nous le combattons non seulement pour cette raison, mais aussi parce qu&rsquo;il d\u00e9truit des vies humaines. Il nous faut admettre que les <a href=\"https:\/\/www.greenpeace.org\/canada\/fr\/histoires\/38641\/le-racisme-detruit-lenvironnement-mais-ce-nest-pas-pour-cela-que-nous-le-combattons\/\">injustices raciales sont profond\u00e9ment enracin\u00e9es dans la soci\u00e9t\u00e9 canadienne<\/a>. Voil\u00e0 pourquoi Greenpeace l\u00e8ve la voix contre le racisme et la brutalit\u00e9 polici\u00e8re qui vise les Noirs, les autochtones et les minorit\u00e9s visibles. C\u2019est inhumain et \u00e7a suffit. Trop, c\u2019est trop.<\/p>\n\n<p><strong>Le racisme syst\u00e9mique ne d\u00e9truit pas que l\u2019environnement. Il d\u00e9truit des vies.<\/strong><\/p>\n","protected":false},"excerpt":{"rendered":"<p>Depuis quelques semaines, des sympathisant\u00b7es se demandent pourquoi nous avons pris la parole et avons soutenu le mouvement Black Lives Matter (#BLM),  et en quoi leur cause rejoint notre mission de prot\u00e9ger l\u2019environnement et de lutter contre les changements climatiques. <\/p>\n","protected":false},"author":19,"featured_media":40565,"comment_status":"open","ping_status":"open","sticky":false,"template":"","format":"standard","meta":{"ep_exclude_from_search":false,"p4_og_title":"","p4_og_description":"","p4_og_image":"","p4_og_image_id":"","p4_seo_canonical_url":"","p4_campaign_name":"not set","p4_local_project":"not set","p4_basket_name":"not set","p4_department":"","footnotes":""},"categories":[21],"tags":[37,40,104],"p4-page-type":[155],"class_list":["post-40564","post","type-post","status-publish","format-standard","has-post-thumbnail","hentry","category-vivre-de-facon-durable","tag-actionspacifiques","tag-autochtones","tag-desobeissance-civile","p4-page-type-histoire"],"_links":{"self":[{"href":"https:\/\/www.greenpeace.org\/canada\/fr\/wp-json\/wp\/v2\/posts\/40564","targetHints":{"allow":["GET"]}}],"collection":[{"href":"https:\/\/www.greenpeace.org\/canada\/fr\/wp-json\/wp\/v2\/posts"}],"about":[{"href":"https:\/\/www.greenpeace.org\/canada\/fr\/wp-json\/wp\/v2\/types\/post"}],"author":[{"embeddable":true,"href":"https:\/\/www.greenpeace.org\/canada\/fr\/wp-json\/wp\/v2\/users\/19"}],"replies":[{"embeddable":true,"href":"https:\/\/www.greenpeace.org\/canada\/fr\/wp-json\/wp\/v2\/comments?post=40564"}],"version-history":[{"count":3,"href":"https:\/\/www.greenpeace.org\/canada\/fr\/wp-json\/wp\/v2\/posts\/40564\/revisions"}],"predecessor-version":[{"id":46732,"href":"https:\/\/www.greenpeace.org\/canada\/fr\/wp-json\/wp\/v2\/posts\/40564\/revisions\/46732"}],"wp:featuredmedia":[{"embeddable":true,"href":"https:\/\/www.greenpeace.org\/canada\/fr\/wp-json\/wp\/v2\/media\/40565"}],"wp:attachment":[{"href":"https:\/\/www.greenpeace.org\/canada\/fr\/wp-json\/wp\/v2\/media?parent=40564"}],"wp:term":[{"taxonomy":"category","embeddable":true,"href":"https:\/\/www.greenpeace.org\/canada\/fr\/wp-json\/wp\/v2\/categories?post=40564"},{"taxonomy":"post_tag","embeddable":true,"href":"https:\/\/www.greenpeace.org\/canada\/fr\/wp-json\/wp\/v2\/tags?post=40564"},{"taxonomy":"p4-page-type","embeddable":true,"href":"https:\/\/www.greenpeace.org\/canada\/fr\/wp-json\/wp\/v2\/p4-page-type?post=40564"}],"curies":[{"name":"wp","href":"https:\/\/api.w.org\/{rel}","templated":true}]}}