{"id":40930,"date":"2020-07-16T13:08:29","date_gmt":"2020-07-16T17:08:29","guid":{"rendered":"https:\/\/www.greenpeace.org\/canada\/?p=40930"},"modified":"2024-08-01T00:21:50","modified_gmt":"2024-08-01T04:21:50","slug":"lactivisme-en-temps-de-covid-19-la-mobilisation-continue-en-ligne-et-dans-la-rue-voyez-comment","status":"publish","type":"post","link":"https:\/\/www.greenpeace.org\/canada\/fr\/blog-des-volontaires\/40930\/lactivisme-en-temps-de-covid-19-la-mobilisation-continue-en-ligne-et-dans-la-rue-voyez-comment\/","title":{"rendered":"L&rsquo;activisme en temps de COVID-19 : la mobilisation continue en ligne et dans la rue. Voyez comment."},"content":{"rendered":"\n<p>Apr\u00e8s avoir interpell\u00e9 les d\u00e9put\u00e9\u00b7es du caucus lib\u00e9ral en ligne, lors de leurs \u00e9v\u00e9nements virtuels, par t\u00e9l\u00e9phone et par courriel, nous faisons monter la pression dans la rue ! Depuis la semaine derni\u00e8re, nous avons coll\u00e9 des affiches aux alentours des bureaux des d\u00e9put\u00e9\u00b7es partout au Canada pour r\u00e9clamer un plan de relance juste et vert. <strong>Ces affiches amplifient la voix des personnes qui, \u00e0 travers le pays, ont partag\u00e9 leur message en faveur d&rsquo;une relance verte et juste.<\/strong><\/p>\n\n<p>Les affiches politiques ont toujours \u00e9t\u00e9 un moyen important pour diffuser des messages, que ce soit pour mobiliser les gens dans la rue, attirer l&rsquo;attention sur une injustice ou communiquer avec les communaut\u00e9s et les responsables politiques. Aujourd\u2019hui, nous utilisons ce m\u00e9dium pour promouvoirun avenir plus juste et plus pacifique.<\/p>\n\n<p>Lorsque l&rsquo;art et l&rsquo;activisme se compl\u00e8tent, l&rsquo;impact est toujours plus grand !<\/p>\n\n<figure class=\"wp-block-embed-twitter wp-block-embed is-type-rich is-provider-twitter\"><div class=\"wp-block-embed__wrapper\">\n<blockquote class=\"twitter-tweet\" data-width=\"500\" data-dnt=\"true\"><p lang=\"en\" dir=\"ltr\">Hey <a href=\"https:\/\/twitter.com\/Bill_Morneau?ref_src=twsrc%5Etfw\">@Bill_Morneau<\/a> There\u2019s no going back to \u201cnormal\u201d when \u201cnormal\u201d is the problem. I want a <a href=\"https:\/\/twitter.com\/hashtag\/JustRecovery?src=hash&amp;ref_src=twsrc%5Etfw\">#JustRecovery<\/a> plan that respects people and planet. Thnks <a href=\"https:\/\/twitter.com\/GreenpeaceCA?ref_src=twsrc%5Etfw\">@GreenpeaceCA<\/a> Tell your MP &gt;&gt;<a href=\"https:\/\/t.co\/bcGNgOJsTt\">https:\/\/t.co\/bcGNgOJsTt<\/a> <a href=\"https:\/\/t.co\/toy35FgxgS\">pic.twitter.com\/toy35FgxgS<\/a><\/p>&mdash; beth szurpicki (@szurpie) <a href=\"https:\/\/twitter.com\/szurpie\/status\/1283389639143890946?ref_src=twsrc%5Etfw\">July 15, 2020<\/a><\/blockquote><script async src=\"https:\/\/platform.twitter.com\/widgets.js\" charset=\"utf-8\"><\/script>\n<\/div><\/figure>\n\n<p>Jusqu&rsquo;\u00e0 pr\u00e9sent :<\/p>\n\n<ul class=\"wp-block-list\"><li>Nous avons couvert d\u2019affiches 22 bureaux de d\u00e9put\u00e9\u00b7es, et ce n&rsquo;est pas fini !<\/li><li>Des dizaines de b\u00e9n\u00e9voles sont pass\u00e9\u00b7es \u00e0 l\u2019action (en respectant les distances physiques et les directives COVID-19 bien s\u00fbr) !<\/li><li>Nous avons couvert neuf villes canadiennes d&rsquo;un oc\u00e9an \u00e0 l&rsquo;autre, et ce n&rsquo;est pas fini !<\/li><\/ul>\n\n<figure class=\"wp-block-image  caption-style-blue-overlay caption-alignment-center\"><img decoding=\"async\" src=\"https:\/\/lh5.googleusercontent.com\/fEVJqVaFlcquX1oflUJI73JmEsvVVzHxe5VqqXzBhIW3r5t84han_TKIMDTmOeSjKAIRo45FKhyC28I1HUzuGeI9tXtfQe37ERN9iz0PvTVDuOcy8wLs-gktN7xhyL8s05GoBLp9\" alt=\"\"\/><\/figure>\n\n<p><strong>Un grand bravo aux incroyables b\u00e9n\u00e9voles qui rendent cette campagne visible !<\/strong><\/p>\n\n<figure class=\"wp-block-image  caption-style-blue-overlay caption-alignment-center\"><img decoding=\"async\" src=\"https:\/\/lh6.googleusercontent.com\/SCkGx9-8SXMY5A7bF4pGc9P93-Hk3Ryh5Rq6YvFD6Sszz_J07V167ll9O6iQmPxbqyo-zP-bTRCp7AfF_d4U0MeEtuxuTNf4Lpcjy-VzIoAn-YoBmsEU6FHn3WbivVw71YFPQ0ab\" alt=\"\"\/><\/figure>\n\n<p><em>\u00ab\u00a0L&rsquo;installation des affiches a \u00e9t\u00e9 tr\u00e8s stimulante, rapide et facile. C&rsquo;\u00e9tait un bon moyen pour moi d&rsquo;exprimer les changements que je veux aux personnes qui peuvent le mettre en oeuvre. C&rsquo;\u00e9tait un petit geste qui peut aller loin, d&rsquo;autant plus que nous nous unissons pour rappeler aux responsables politiques ce qui est important. Je me suis sentie r\u00e9confort\u00e9e de savoir que Greenpeace, une organisation en laquelle j&rsquo;ai confiance et que j&rsquo;admire, soutenait mes actions\u00a0\u00bb.&nbsp;<\/em>Eva Bernal, b\u00e9n\u00e9vole \u00e0 Toronto.<\/p>\n\n<p><em>\u00ab\u00a0Avec les nombreuses actions en ligne qui ont lieu en raison de la pand\u00e9mie, je me rends compte \u00e0 quel point j&rsquo;aime sortir pour pour poursuivre mon activisme. L&rsquo;affichage m&rsquo;aide \u00e0 me sentir plus connect\u00e9 \u00e0 la campagne actuelle\u00a0\u00bb.&nbsp;<\/em>Trevor, volontaire \u00e0 Whitby.<\/p>\n\n<p><em>\u00ab\u00a0Les vagues de demandes ainsi que de manifestations concernant les probl\u00e8mes sociaux et environnementaux qui touchent notre soci\u00e9t\u00e9 se sont multipli\u00e9es au cours des derniers mois et elles prouvent que le syst\u00e8me en place avant la pand\u00e9mie \u00e9tait injuste et destructif. C&rsquo;est pour cette raison que je trouve qu&rsquo;une relance juste et verte devrait \u00eatre une priorit\u00e9 dans les plans de relance \u00e9conomique, puisque si nous devons reconstruire notre syst\u00e8me, pourquoi ne pas le rendre meilleur que le pr\u00e9c\u00e9dent?\u00a0\u00bb<\/em> Camille, b\u00e9n\u00e9vole \u00e0 Montr\u00e9al.<\/p>\n\n<p>Si notre premi\u00e8re semaine d&rsquo;affichage a \u00e9t\u00e9 un succ\u00e8ssuccs, nous devons maintenir nos efforts pendant l\u2019\u00e9t\u00e9. <strong>Nous avons besoin que davantage de d\u00e9put\u00e9\u00b7es se mobilisent et se prononcent publiquement en faveur d&rsquo;une relance juste et verte. <\/strong><a href=\"https:\/\/www.greenpeace.org\/canada\/fr\/histoires\/40027\/5-bonnes-raisons-pour-lesquelles-votre-depute%c2%b7e-doit-soutenir-une-relance-verte-et-juste\/\"><strong>Voici 5 raisons principales pour lesquelles votre d\u00e9put\u00e9\u00b7e devrait soutenir cette initiative.&nbsp;&nbsp;<\/strong><\/a><\/p>\n\n<p><strong>Vous aussi, vous voulez vous impliquer et afficher dans votre ville ?<\/strong><\/p>\n\n<div class=\"wp-block-image  caption-style-blue-overlay caption-alignment-center\"><figure class=\"aligncenter\"><img decoding=\"async\" src=\"https:\/\/lh4.googleusercontent.com\/DImbsKGyTBK0QYJuu5JdGTpB1GcjADwGD8WVa-wAqXskvhFFmM4EX0MhI6EU0yhW9sMKxNqSExlWHHrQXe4sL5YO2gqnID9xyWlDNX9qUfCkak2Siskykmjyeg4lx2i-jQ9FTUVb\" alt=\"\"\/><\/figure><\/div>\n\n<p class=\"has-text-align-center\"><strong>T\u00c9L\u00c9CHARGEZ L&rsquo;AFFICHE :<\/strong><br><strong><a href=\"https:\/\/drive.google.com\/file\/d\/1cNet9RphIlrcJkG-VO0IYot3Zffzfutz\/view?usp=sharing\">Grande affiche en couleur<\/a><\/strong><br><a href=\"https:\/\/drive.google.com\/file\/d\/1BuHRv_fKVbjKZG-tbiCav9uUy4kgOL8D\/view?usp=sharing\"><strong>Petite affiche en noir &amp; blanc<\/strong><\/a><\/p>\n\n<p>Utilisez <a href=\"https:\/\/drive.google.com\/file\/d\/1uRxALRuLeAAHKR_GIbkBRnVJHyT5QPec\/view?usp=sharing\">ces lignes directrices<\/a> pour passer \u00e0 l\u2019action et afficher dans votre communaut\u00e9.<\/p>\n\n<p>Vous avez des questions ou besoin d&rsquo;aide ? Contactez <a href=\"mailto:actions@greenpeace.ca\">actions@greenpeace.ca<\/a>&nbsp;<\/p>\n\n<figure class=\"wp-block-embed-twitter wp-block-embed is-type-rich is-provider-twitter\"><div class=\"wp-block-embed__wrapper\">\n<blockquote class=\"twitter-tweet\" data-width=\"500\" data-dnt=\"true\"><p lang=\"en\" dir=\"ltr\">.<a href=\"https:\/\/twitter.com\/JonathanWNV?ref_src=twsrc%5Etfw\">@JonathanWNV<\/a>: We visited your office to deliver a shared message that we want a Green and <a href=\"https:\/\/twitter.com\/hashtag\/JustRecovery?src=hash&amp;ref_src=twsrc%5Etfw\">#JustRecovery<\/a> for all! We are asking you to lead the way to publicly support a <a href=\"https:\/\/twitter.com\/hashtag\/Covid19?src=hash&amp;ref_src=twsrc%5Etfw\">#Covid19<\/a> recovery that puts people and nature first. <a href=\"https:\/\/twitter.com\/hashtag\/cdnpoli?src=hash&amp;ref_src=twsrc%5Etfw\">#cdnpoli<\/a> <a href=\"https:\/\/t.co\/eSjh0mJ94I\">https:\/\/t.co\/eSjh0mJ94I<\/a> <a href=\"https:\/\/t.co\/3AdTSEQkTQ\">pic.twitter.com\/3AdTSEQkTQ<\/a><\/p>&mdash; Greenpeace Canada (@GreenpeaceCA) <a href=\"https:\/\/twitter.com\/GreenpeaceCA\/status\/1282700607015583748?ref_src=twsrc%5Etfw\">July 13, 2020<\/a><\/blockquote><script async src=\"https:\/\/platform.twitter.com\/widgets.js\" charset=\"utf-8\"><\/script>\n<\/div><\/figure>\n\n<p><strong>Les enjeux sont \u00e9lev\u00e9s, l&rsquo;avenir est incertain. Mais des b\u00e9n\u00e9voles et des sympathisant.e.s comme vous font bouger les choses. Merci pour tout ce que vous faites !<\/strong><\/p>\n\n<p><strong><a href=\"https:\/\/act.greenpeace.org\/page\/60162\/action\/1?locale=fr-CA\">Ajoutez votre nom et faites grandir le mouvement pour une relance juste et verte au Canada.<\/a><\/strong><\/p>\n\n<div class=\"wp-block-buttons aligncenter is-layout-flex wp-block-buttons-is-layout-flex\">\n<div class=\"wp-block-button\"><a class=\"wp-block-button__link has-text-color has-background\" href=\"https:\/\/act.greenpeace.org\/page\/60162\/action\/1?locale=fr-CA\" style=\"background-color:#f36d3a;color:#ffffff\"><strong>AJOUTEZ VOTRE NOM<\/strong><\/a><\/div>\n<\/div>\n\n<figure class=\"wp-block-embed-twitter wp-block-embed is-type-rich is-provider-twitter\"><div class=\"wp-block-embed__wrapper\">\n<blockquote class=\"twitter-tweet\" data-width=\"500\" data-dnt=\"true\"><p lang=\"en\" dir=\"ltr\">.<a href=\"https:\/\/twitter.com\/stbstvdan?ref_src=twsrc%5Etfw\">@stbstvdan<\/a>: Did you see the posters at your office? Community members are asking you to PUBLICLY support a Green and <a href=\"https:\/\/twitter.com\/hashtag\/JustRecovery?src=hash&amp;ref_src=twsrc%5Etfw\">#JustRecovery<\/a> after <a href=\"https:\/\/twitter.com\/hashtag\/Covid19?src=hash&amp;ref_src=twsrc%5Etfw\">#Covid19<\/a>. Will you rise to the occasion?  <a href=\"https:\/\/twitter.com\/hashtag\/cdnpoli?src=hash&amp;ref_src=twsrc%5Etfw\">#cdnpoli<\/a>  <a href=\"https:\/\/twitter.com\/GreenpeaceCA?ref_src=twsrc%5Etfw\">@GreenpeaceCA<\/a><br>  &gt;&gt;<a href=\"https:\/\/t.co\/2SGCG9Jy71\">https:\/\/t.co\/2SGCG9Jy71<\/a> <a href=\"https:\/\/t.co\/GKrfTR1jSm\">pic.twitter.com\/GKrfTR1jSm<\/a><\/p>&mdash; GreenpeaceVolunteers (@GPCvolunteers) <a href=\"https:\/\/twitter.com\/GPCvolunteers\/status\/1283233409180016641?ref_src=twsrc%5Etfw\">July 15, 2020<\/a><\/blockquote><script async src=\"https:\/\/platform.twitter.com\/widgets.js\" charset=\"utf-8\"><\/script>\n<\/div><\/figure>\n<div class=\"EmptyMessage\">Block content is empty. Check the block&rsquo;s settings or remove it.<\/div>","protected":false},"excerpt":{"rendered":"<p>Apr\u00e8s avoir interpell\u00e9 les d\u00e9put\u00e9\u00b7es lib\u00e9raux en ligne, lors de leurs \u00e9v\u00e9nements virtuels, par t\u00e9l\u00e9phone et par courriel, nous faisons monter la pression dans la rue ! Depuis la semaine&hellip;<\/p>\n","protected":false},"author":39,"featured_media":40933,"comment_status":"open","ping_status":"open","sticky":false,"template":"","format":"standard","meta":{"ep_exclude_from_search":false,"p4_og_title":"","p4_og_description":"","p4_og_image":"","p4_og_image_id":"","p4_seo_canonical_url":"","p4_campaign_name":"not set","p4_local_project":"not set","p4_basket_name":"not set","p4_department":"","footnotes":""},"categories":[18,21],"tags":[104,49,41],"p4-page-type":[130],"class_list":["post-40930","post","type-post","status-publish","format-standard","has-post-thumbnail","hentry","category-notre-travail","category-vivre-de-facon-durable","tag-desobeissance-civile","tag-solutionsenergetiques","tag-climat","p4-page-type-blog-des-volontaires"],"_links":{"self":[{"href":"https:\/\/www.greenpeace.org\/canada\/fr\/wp-json\/wp\/v2\/posts\/40930","targetHints":{"allow":["GET"]}}],"collection":[{"href":"https:\/\/www.greenpeace.org\/canada\/fr\/wp-json\/wp\/v2\/posts"}],"about":[{"href":"https:\/\/www.greenpeace.org\/canada\/fr\/wp-json\/wp\/v2\/types\/post"}],"author":[{"embeddable":true,"href":"https:\/\/www.greenpeace.org\/canada\/fr\/wp-json\/wp\/v2\/users\/39"}],"replies":[{"embeddable":true,"href":"https:\/\/www.greenpeace.org\/canada\/fr\/wp-json\/wp\/v2\/comments?post=40930"}],"version-history":[{"count":5,"href":"https:\/\/www.greenpeace.org\/canada\/fr\/wp-json\/wp\/v2\/posts\/40930\/revisions"}],"predecessor-version":[{"id":51251,"href":"https:\/\/www.greenpeace.org\/canada\/fr\/wp-json\/wp\/v2\/posts\/40930\/revisions\/51251"}],"wp:featuredmedia":[{"embeddable":true,"href":"https:\/\/www.greenpeace.org\/canada\/fr\/wp-json\/wp\/v2\/media\/40933"}],"wp:attachment":[{"href":"https:\/\/www.greenpeace.org\/canada\/fr\/wp-json\/wp\/v2\/media?parent=40930"}],"wp:term":[{"taxonomy":"category","embeddable":true,"href":"https:\/\/www.greenpeace.org\/canada\/fr\/wp-json\/wp\/v2\/categories?post=40930"},{"taxonomy":"post_tag","embeddable":true,"href":"https:\/\/www.greenpeace.org\/canada\/fr\/wp-json\/wp\/v2\/tags?post=40930"},{"taxonomy":"p4-page-type","embeddable":true,"href":"https:\/\/www.greenpeace.org\/canada\/fr\/wp-json\/wp\/v2\/p4-page-type?post=40930"}],"curies":[{"name":"wp","href":"https:\/\/api.w.org\/{rel}","templated":true}]}}