{"id":41501,"date":"2020-08-21T07:00:00","date_gmt":"2020-08-21T11:00:00","guid":{"rendered":"https:\/\/www.greenpeace.org\/canada\/communique-de-presse\/41501\/false-solutions-dont-let-covid-19-recovery-bulldoze-forests\/"},"modified":"2021-12-06T06:26:36","modified_gmt":"2021-12-06T11:26:36","slug":"false-solutions-dont-let-covid-19-recovery-bulldoze-forests","status":"publish","type":"post","link":"https:\/\/www.greenpeace.org\/canada\/fr\/story\/41501\/false-solutions-dont-let-covid-19-recovery-bulldoze-forests\/","title":{"rendered":"Emp\u00eachez la Relance post Covid-19 de Ravager les For\u00eats avec des Fausses Solutions"},"content":{"rendered":"\n<p>Ces derniers mois il n\u2019y a pas eu de p\u00e9nurie de lobbying du secteur forestier.&nbsp;<a rel=\"noreferrer noopener\" href=\"https:\/\/www.hilltimes.com\/2020\/06\/24\/lobby-groups-push-feds-to-pivot-to-recovery-phase-say-more-cash-needed-for-key-sectors\/253981\" target=\"_blank\">\u00c0 c\u00f4t\u00e9 des grandes p\u00e9troli\u00e8res<\/a>, nous trouvons des soci\u00e9t\u00e9s d&rsquo;exploitation foresti\u00e8re recherchant&nbsp;<a rel=\"noreferrer noopener\" href=\"https:\/\/www.newswire.ca\/fr\/news-releases\/l-apres-covid-19-le-secteur-forestier-doit-faire-partie-de-la-relance-verte-d-ottawa-867038600.html\" target=\"_blank\">des frais moins \u00e9lev\u00e9s<\/a>, ainsi que&nbsp;<a rel=\"noreferrer noopener\" href=\"https:\/\/www.fpac.ca\/canadas-forest-sector-calls-107-billion-emergency-aid-package-a-critical-first-step\/%23:~:text%3DCANADA%27S%2520FOREST%2520SECTOR%2520CALLS%2520%2524107%2520BILLION%2520EMERGENCY%2520AID%2520PACKAGE%2520A%2520CRITICAL%2520FIRST%2520STEP,-March%252025%252C%25202020%26text%3DEarlier%2520today%252C%2520the%2520federal%2520government%27s,and%2520businesses%2520received%2520Royal%2520Assent.#:~:text=CANADA'S%20FOREST%20SECTOR%20CALLS%20%24107%20BILLION%20EMERGENCY%20AID%20PACKAGE%20A%20CRITICAL%20FIRST%20STEP,-March%2025%2C%202020&amp;text=Earlier%20today%2C%20the%20federal%20government's,and%20businesses%20received%20Royal%20Assent.\" target=\"_blank\">des subventions gouvernementales<\/a>.&nbsp;Alors que la foresterie est&nbsp;<a rel=\"noreferrer noopener\" href=\"https:\/\/www.newswire.ca\/fr\/news-releases\/l-apres-covid-19-le-secteur-forestier-doit-faire-partie-de-la-relance-verte-d-ottawa-867038600.html\" target=\"_blank\">pr\u00e9sent\u00e9e comme une solution climatique,<\/a>&nbsp;voire m\u00eame une r\u00e9ponse \u00e0 la rel\u00e8ve \u00e9conomique post Covid-19,&nbsp; la question \u00e0 nous poser c\u2019est de quel type de foresterie s\u2019agit-il ?&nbsp;En tant que partie de notre s\u00e9rie \u00abFausses Solutions\u00bb, vous trouverez ci-dessous le&nbsp;<strong>Top&nbsp;5 des fausses solutions&nbsp;<\/strong>associ\u00e9es \u00e0 des pratiques foresti\u00e8res non durables.<\/p>\n\n<figure class=\"wp-block-image size-large  caption-style-blue-overlay caption-alignment-center\"><img loading=\"lazy\" decoding=\"async\" width=\"1024\" height=\"683\" src=\"https:\/\/www.greenpeace.org\/static\/planet4-canada-stateless\/2020\/08\/1c082051-forest-5115937_1280-1024x683.jpg\" alt=\"\" class=\"wp-image-41470\" srcset=\"https:\/\/www.greenpeace.org\/static\/planet4-canada-stateless\/2020\/08\/1c082051-forest-5115937_1280-1024x683.jpg 1024w, https:\/\/www.greenpeace.org\/static\/planet4-canada-stateless\/2020\/08\/1c082051-forest-5115937_1280-300x200.jpg 300w, https:\/\/www.greenpeace.org\/static\/planet4-canada-stateless\/2020\/08\/1c082051-forest-5115937_1280-768x512.jpg 768w, https:\/\/www.greenpeace.org\/static\/planet4-canada-stateless\/2020\/08\/1c082051-forest-5115937_1280-1536x1024.jpg 1536w, https:\/\/www.greenpeace.org\/static\/planet4-canada-stateless\/2020\/08\/1c082051-forest-5115937_1280-510x340.jpg 510w, https:\/\/www.greenpeace.org\/static\/planet4-canada-stateless\/2020\/08\/1c082051-forest-5115937_1280.jpg 1920w\" sizes=\"auto, (max-width: 1024px) 100vw, 1024px\" \/><\/figure>\n\n<h3 class=\"wp-block-heading\"><strong><strong>Mettre les choses en perspective<\/strong><\/strong><\/h3>\n\n<p>Partout sur le territoire canadien, nous assistons \u00e0 une recrudescence&nbsp;<strong>de feux de for\u00eat et d\u2019\u00e9pid\u00e9mies d&rsquo;insectes&nbsp;<\/strong>.&nbsp;Nous constatons que les for\u00eats sont&nbsp;<a rel=\"noreferrer noopener\" href=\"https:\/\/www.nationalobserver.com\/2020\/06\/05\/opinion\/canadas-managed-forests-have-turned-super-emitters-and-2018-set-record\" target=\"_blank\">abattues plus rapidement qu&rsquo;elles ne peuvent repousser<\/a>&nbsp;.&nbsp;Les populations animales, comme celles du caribou, sont en d\u00e9clin rapide par <strong>perte d&rsquo;habitat&nbsp;<\/strong>.&nbsp;De plus,&nbsp;<strong>les connaissances traditionnelles autochtones&nbsp;<\/strong>et les identit\u00e9s li\u00e9es \u00e0 ces terres s&rsquo;\u00e9rodent.&nbsp;De toute \u00e9vidence, quelque chose ne va pas dans nos for\u00eats.&nbsp;Tout \u00e7a sans parler &nbsp;de \u00ab<a rel=\"noreferrer noopener\" href=\"https:\/\/fr.wikipedia.org\/wiki\/Politique_de_la_division\" target=\"_blank\">politique de la division<\/a>\u00bb, du&nbsp;<a rel=\"noreferrer noopener\" href=\"https:\/\/www.ledevoir.com\/societe\/environnement\/568872\/le-ministre-pierre-dufour-critique-un-scientifique-reconnu-pour-son-expertise-sur-le-caribou\" target=\"_blank\">discr\u00e9dit des scientifiques<\/a>&nbsp;, des <a rel=\"noreferrer noopener\" href=\"https:\/\/ipolitics.ca\/2017\/10\/21\/greenpeace-calls-conservative-forestry-motion-inappropriate\/\" target=\"_blank\">boucs \u00e9missaires<\/a>&nbsp;\u00e9cologistes&nbsp;et des&nbsp;<a rel=\"noreferrer noopener\" href=\"https:\/\/wildlife.onlinelibrary.wiley.com\/doi\/pdf\/10.1002\/wsb.891\" target=\"_blank\">campagnes de d\u00e9sinformation <\/a>de<a rel=\"noreferrer noopener\" href=\"https:\/\/wildlife.onlinelibrary.wiley.com\/doi\/pdf\/10.1002\/wsb.891\" target=\"_blank\"> <\/a>l&rsquo;industrie de ces derni\u00e8res ann\u00e9es. Tout cela n\u2019a que rendu un mauvais service \u00e0 l&rsquo;ensemble de la population.&nbsp;&nbsp;<\/p>\n\n<h3 class=\"wp-block-heading\"><strong><strong>TOP 5 FAUSSES SOLUTIONS FORESTI\u00c8RE<\/strong>S<\/strong><\/h3>\n\n<figure class=\"wp-block-image size-large  caption-style-blue-overlay caption-alignment-center\"><img loading=\"lazy\" decoding=\"async\" width=\"1024\" height=\"683\" src=\"https:\/\/www.greenpeace.org\/static\/planet4-canada-stateless\/2020\/08\/78b7c9ed-forest-6-1024x683.jpg\" alt=\"\" class=\"wp-image-41461\" srcset=\"https:\/\/www.greenpeace.org\/static\/planet4-canada-stateless\/2020\/08\/78b7c9ed-forest-6-1024x683.jpg 1024w, https:\/\/www.greenpeace.org\/static\/planet4-canada-stateless\/2020\/08\/78b7c9ed-forest-6-300x200.jpg 300w, https:\/\/www.greenpeace.org\/static\/planet4-canada-stateless\/2020\/08\/78b7c9ed-forest-6-768x512.jpg 768w, https:\/\/www.greenpeace.org\/static\/planet4-canada-stateless\/2020\/08\/78b7c9ed-forest-6-1536x1024.jpg 1536w, https:\/\/www.greenpeace.org\/static\/planet4-canada-stateless\/2020\/08\/78b7c9ed-forest-6-510x340.jpg 510w, https:\/\/www.greenpeace.org\/static\/planet4-canada-stateless\/2020\/08\/78b7c9ed-forest-6.jpg 1920w\" sizes=\"auto, (max-width: 1024px) 100vw, 1024px\" \/><\/figure>\n\n<ol class=\"wp-block-list\"><li><strong>\u00c9nergie de la biomasse: <\/strong>L&rsquo;\u00e9nergie propre ne pousse pas dans les arbres! Br\u00fbler des arbres n&rsquo;est pas neutre en carbone, ni un combustible de transition comme l&rsquo;industrie voudrait vous le faire croire.&nbsp;Comme&nbsp;<a rel=\"noreferrer noopener\" href=\"https:\/\/www.greenpeace.org\/canada\/en\/story\/36930\/the-boreal-forest-our-climate-shield\/\" target=\"_blank\">soulign\u00e9 dans un article scientifique r\u00e9cent<\/a>, le remplacement des combustibles fossiles par la combustion des arbres de nos for\u00eats primaires ne fait pas que d\u00e9placer le probl\u00e8me, au contraire il exacerbe les changements climatiques, tout en portant atteinte aux habitats fauniques.<\/li><li><strong>Captage et stockage du carbone (CSC):&nbsp;<\/strong>Il s&rsquo;agit d&rsquo;un proc\u00e9d\u00e9 con\u00e7u pour capturer et r\u00e9duire les&nbsp;\u00e9missions&nbsp;industrielles de CO<sub>2<\/sub>.&nbsp;Non seulement cela ne parvient pas \u00e0 lutter contre les effets nocifs d&rsquo;autres polluants atmosph\u00e9riques provenant de la combustion, mais le&nbsp;<a rel=\"noreferrer noopener\" href=\"https:\/\/www.ipcc.ch\/sr15\/chapter\/chapter-2\/\" target=\"_blank\">rapport 2018 du GIEC<\/a>&nbsp;met \u00e9galement en garde contre son efficacit\u00e9 r\u00e9elle \u00e0 grande \u00e9chelle.&nbsp;En fait, nous aurions besoin de construire une nouvelle usine chaque jour pendant les 13 prochaines ann\u00e9es pour atteindre nos objectifs climatiques avec cette technologie.&nbsp;Lorsqu&rsquo;elle est combin\u00e9e avec la combustion de la biomasse (BECCS), elle n\u00e9cessiterait des volumes de biomasse provenant de monocultures ou de plantations d&rsquo;arbres cultiv\u00e9es industriellement sur d&rsquo;\u00e9normes superficies de terres.&nbsp;Ces exigences mettent cette technologie en conflit direct avec les besoins alimentaires vitaux et les mesures de restauration des \u00e9cosyst\u00e8mes naturels.&nbsp;Le CSC est une grande distraction, prenant des fonds, du temps et de l&rsquo;\u00e9nergie loin des solutions r\u00e9elles.<\/li><li><strong>Compensation et comptabilisation partielle du carbone:&nbsp;<\/strong>Ces derni\u00e8res ann\u00e9es, nous avons vu les&nbsp;for\u00eats de&nbsp;notre pays&nbsp; <a rel=\"noreferrer noopener\" href=\"https:\/\/www.nationalobserver.com\/2020\/06\/05\/opinion\/canadas-managed-forests-have-turned-super-emitters-and-2018-set-record\" target=\"_blank\">passer d\u2019absorbeurs de carbone \u00e0 des super-\u00e9metteurs de&nbsp;carbone<\/a>&nbsp;&#8211; une mauvaise nouvelle pour les changements climatiques.&nbsp;Au fil du temps, la comptabilit\u00e9 du carbone du Canada a \u00e9t\u00e9 modifi\u00e9e et&nbsp;ignore&nbsp;maintenant de&nbsp;mani\u00e8re s\u00e9lective les \u00e9missions caus\u00e9es par des perturbations naturelles telles que les feux de for\u00eat, on y repousse aussi la comptabilisation du carbone dans les produits du bois, et on observe un affaiblissant de son propre point de r\u00e9f\u00e9rence.&nbsp;Le r\u00e9sultat&nbsp;: le&nbsp;Canada est&nbsp;pass\u00e9 d&rsquo;une bombe de carbone avec&nbsp;<a rel=\"noreferrer noopener\" href=\"https:\/\/www.journaldequebec.com\/2020\/06\/27\/la-pollution-cachee-des-papetieres-quebecoises\" target=\"_blank\">z\u00e9ro&nbsp;cr\u00e9dit de carbone \u00e0 en avoir vingt millions de&nbsp;tonnes<\/a>&nbsp;maintenant.&nbsp;Pour jeter l&rsquo;huile sur le feux, ces cr\u00e9dits sont destin\u00e9s \u00e0 compenser les \u00e9missions d&rsquo;\u00e9nergies fossiles, plut\u00f4t que de traiter leurs \u00e9missions directement.&nbsp;Tout comme le gouvernement f\u00e9d\u00e9ral, l&rsquo;industrie et les gouvernements provinciaux&nbsp;<a rel=\"noreferrer noopener\" href=\"https:\/\/www.journaldequebec.com\/2020\/06\/27\/la-pollution-cachee-des-papetieres-quebecoises\" target=\"_blank\">sous-d\u00e9clarent les \u00e9missions foresti\u00e8res<\/a>.&nbsp;Cela a conduit \u00e0 l&rsquo;affirmation absurde du gouvernement du Qu\u00e9bec que nous devons&nbsp;<a rel=\"noreferrer noopener\" href=\"https:\/\/www.lapresse.ca\/actualites\/environnement\/2019-09-30\/quebec-permettra-plus-de-coupes-forestieres-pour-reduire-les-ges\" target=\"_blank\">abattre plus de for\u00eats pour atteindre nos objectifs climatiques<\/a>.&nbsp;Rien ne pourrait \u00eatre plus faux!<\/li><li><strong>Recul r\u00e9glementaire:&nbsp;<\/strong>Nous avons vu plusieurs de nos gouvernements utiliser la pand\u00e9mie comme excuse pour affaiblir les r\u00e9glementations environnementales cruciales \u00e0 travers le pays, que ce soit en&nbsp;<a rel=\"noreferrer noopener\" href=\"https:\/\/www.nationalobserver.com\/2020\/06\/03\/news\/heres-every-environmental-protection-canada-has-been-suspended-delayed-and-cancelled\" target=\"_blank\">suspendant, en retardant ou en annulant carr\u00e9ment<\/a>&nbsp;les m\u00e9canismes de protection.&nbsp;De plus,&nbsp;<a rel=\"noreferrer noopener\" href=\"https:\/\/www.greenpeace.org\/canada\/en\/story\/7924\/doug-fords-threat-to-endangered-species-and-our-own-survival\/\" target=\"_blank\">depuis 2013<\/a>&nbsp;, les entreprises foresti\u00e8res sont&nbsp;<a rel=\"noreferrer noopener\" href=\"https:\/\/www.ontario.ca\/laws\/regulation\/r13176\" target=\"_blank\">exempt\u00e9es<\/a>&nbsp;de la&nbsp;<em>Loi sur les esp\u00e8ces en voie de disparition&nbsp;<\/em>de l&rsquo;Ontario&nbsp;.&nbsp;C\u2019\u00e9tait une mesure \u00abtemporaire\u00bb devant expirer juin dernier, le gouvernement du premier ministre Ford vient de la&nbsp;<a rel=\"noreferrer noopener\" href=\"https:\/\/www.nationalobserver.com\/2020\/06\/30\/news\/ontario-extends-logging-industry-exemption-endangered-species-law\" target=\"_blank\">prolonger d&rsquo;un an<\/a>, tout en annon\u00e7ant en m\u00eame temps son intention de rendre l&rsquo;exemption permanente.&nbsp;Ce genre de d\u00e9r\u00e9glementation syst\u00e9matique du secteur forestier est quelque chose que l&rsquo;industrie&nbsp;<a rel=\"noreferrer noopener\" href=\"https:\/\/www.theglobeandmail.com\/canada\/article-ontario-proposes-extending-endangered-species-act-exemption-for\/\" target=\"_blank\">s&rsquo;efforce<\/a>&nbsp;de rendre permanent, et il faut que cela cesse!<\/li><li><strong>Planter des arbres pour planter des arbres:&nbsp;<\/strong>Les lib\u00e9raux f\u00e9d\u00e9raux ont&nbsp;<a rel=\"noreferrer noopener\" href=\"https:\/\/2019.liberal.ca\/wp-content\/uploads\/sites\/292\/2019\/09\/Planting-two-billion-trees-and-using-the-power-of-nature-to-fight-climate-change.pdf\" target=\"_blank\">promis de planter deux milliards d&rsquo;arbres<\/a>, mais ils n&rsquo;ont pas encore avanc\u00e9 sur la question du quand et comment cela sera ex\u00e9cut\u00e9.&nbsp;Planter des arbres ici et l\u00e0, ou planter quelques esp\u00e8ces comme le fait l&rsquo;industrie, n&rsquo;est pas la m\u00eame chose que restaurer un&nbsp;<strong>\u00e9cosyst\u00e8me forestier<\/strong>.&nbsp;Comme le&nbsp;professeur Eric&nbsp;Lambin, de l&rsquo; Universit\u00e9 de&nbsp;Stanford, met en&nbsp;<a rel=\"noreferrer noopener\" href=\"https:\/\/www.bbc.com\/news\/science-environment-53138178\" target=\"_blank\">garde<\/a>&nbsp;, \u00ab&nbsp;<em>Si les&nbsp;politiques pour inciter les&nbsp;plantations d&rsquo;arbres sont mal con\u00e7ues ou mal appliqu\u00e9es, il y a un risque \u00e9lev\u00e9 de non seulement gaspiller de l&rsquo;&nbsp;argent public, mais aussi lib\u00e9rer plus de&nbsp;carbone et de <a rel=\"noreferrer noopener\" href=\"https:\/\/www.bloomberg.com\/news\/articles\/2020-06-22\/forestry-giant-discovers-downside-of-planting-millions-of-trees?srnd=green&amp;sref=6ccPn3Dv\" target=\"_blank\">perdre de la&nbsp;biodiversit\u00e9<\/a>.\u00bb&nbsp;<\/em>Si des arbres doivent \u00eatre plant\u00e9s, assurons-nous que cela soit bien fait, et pas juste pour se donner bonne conscience.<\/li><\/ol>\n\n<h3 class=\"wp-block-heading\"><strong>Fini le<\/strong> &lsquo;<strong><strong>Faire comme d&rsquo;habitude<\/strong>&lsquo;<\/strong><\/h3>\n\n<figure class=\"wp-block-image size-large  caption-style-blue-overlay caption-alignment-center\"><img loading=\"lazy\" decoding=\"async\" width=\"1024\" height=\"683\" src=\"https:\/\/www.greenpeace.org\/static\/planet4-canada-stateless\/2020\/08\/bfe37ca0-foret-7-1024x683.jpg\" alt=\"\" class=\"wp-image-41488\" srcset=\"https:\/\/www.greenpeace.org\/static\/planet4-canada-stateless\/2020\/08\/bfe37ca0-foret-7-1024x683.jpg 1024w, https:\/\/www.greenpeace.org\/static\/planet4-canada-stateless\/2020\/08\/bfe37ca0-foret-7-300x200.jpg 300w, https:\/\/www.greenpeace.org\/static\/planet4-canada-stateless\/2020\/08\/bfe37ca0-foret-7-768x512.jpg 768w, https:\/\/www.greenpeace.org\/static\/planet4-canada-stateless\/2020\/08\/bfe37ca0-foret-7-1536x1024.jpg 1536w, https:\/\/www.greenpeace.org\/static\/planet4-canada-stateless\/2020\/08\/bfe37ca0-foret-7-510x340.jpg 510w, https:\/\/www.greenpeace.org\/static\/planet4-canada-stateless\/2020\/08\/bfe37ca0-foret-7.jpg 1920w\" sizes=\"auto, (max-width: 1024px) 100vw, 1024px\" \/><\/figure>\n\n<p>Si les affaires continuent comme d&rsquo;habitude cela signifie que nous&nbsp;<strong>allons perdre nos meilleures chances de lutter contre les changements climatiques, d&rsquo;arr\u00eater l&rsquo;extinction de la faune, et de pouvoir prot\u00e9ger notre sant\u00e9<\/strong>.&nbsp;Alors que beaucoup sont impatients de relancer l&rsquo;\u00e9conomie, ce qui pr\u00e9c\u00e8de est un bon rappel de ce \u00e0 quoi nous pouvons nous attendre si nous ne nous pronon\u00e7ons pas \u00e0 voix haute.&nbsp;L\u2019enjeu d\u00e9passe la simple \u00e9conomie.&nbsp;<strong><a rel=\"noreferrer noopener\" href=\"https:\/\/act.gp\/2Yt2QTa\" target=\"_blank\">Agissez maintenant et dites \u00e0 votre d\u00e9put\u00e9-e de rejeter ces fausses solutions et d&rsquo;investir dans&nbsp;une relance juste et verte<\/a><\/strong>.<\/p>\n\n<div class=\"wp-block-buttons aligncenter is-layout-flex wp-block-buttons-is-layout-flex\">\n<div class=\"wp-block-button is-style-cta\"><a class=\"wp-block-button__link has-background\" href=\"https:\/\/act.gp\/2Yt2QTa\" style=\"background-color:#f36d3a\" target=\"_blank\" rel=\"noreferrer noopener\">DITES \u00c0 VOTRE D\u00c9PUT\u00c9-E QUE VOUS VOULEZ UNE RELANCE JUSTE ET VERTE<\/a><\/div>\n<\/div>\n\n<p><\/p>\n\n<p><strong>Les vraies solutions\u00a0<\/strong>passent par la\u00a0<strong>gu\u00e9rison de la plan\u00e8te et nos relations avec les gens et le territoire<\/strong>.\u00a0Si vous \u00eates impatient d&rsquo;en savoir plus, je vous invite \u00e0 lire <a href=\"https:\/\/www.greenpeace.org\/canada\/fr\/histoires\/42050\/why-we-need-nature-the-abcs-of-a-restoration-economy\/\" target=\"_blank\" rel=\"noreferrer noopener\">le prochain blogue<\/a> sur ce que\u00a0signifie une\u00a0<strong>relance juste et verte<\/strong>, pour les for\u00eats, les peuples et la faune, et comment nous pouvons collectivement\u00a0<strong>#RebatirEnMieux<\/strong><\/p>\n<div class=\"EmptyMessage\">Block content is empty. Check the block&rsquo;s settings or remove it.<\/div>","protected":false},"excerpt":{"rendered":"<p>L&rsquo;industrie foresti\u00e8re se pr\u00e9sente comme une solution climatique, voire une r\u00e9ponse \u00e0 la reprise \u00e9conomique. Voici le Top 5 Fausses Solutions \u00e0 savoir en mati\u00e8re de foresterie.<\/p>\n","protected":false},"author":29,"featured_media":41509,"comment_status":"open","ping_status":"open","sticky":false,"template":"","format":"standard","meta":{"ep_exclude_from_search":false,"p4_og_title":"","p4_og_description":"","p4_og_image":"","p4_og_image_id":"","p4_seo_canonical_url":"","p4_campaign_name":"not set","p4_local_project":"not set","p4_basket_name":"not set","p4_department":"","footnotes":""},"categories":[20,19],"tags":[40,41,43,48],"p4-page-type":[16],"class_list":["post-41501","post","type-post","status-publish","format-standard","has-post-thumbnail","hentry","category-climat","category-nature-fr","tag-autochtones","tag-climat","tag-forets","tag-sante","p4-page-type-story"],"_links":{"self":[{"href":"https:\/\/www.greenpeace.org\/canada\/fr\/wp-json\/wp\/v2\/posts\/41501","targetHints":{"allow":["GET"]}}],"collection":[{"href":"https:\/\/www.greenpeace.org\/canada\/fr\/wp-json\/wp\/v2\/posts"}],"about":[{"href":"https:\/\/www.greenpeace.org\/canada\/fr\/wp-json\/wp\/v2\/types\/post"}],"author":[{"embeddable":true,"href":"https:\/\/www.greenpeace.org\/canada\/fr\/wp-json\/wp\/v2\/users\/29"}],"replies":[{"embeddable":true,"href":"https:\/\/www.greenpeace.org\/canada\/fr\/wp-json\/wp\/v2\/comments?post=41501"}],"version-history":[{"count":16,"href":"https:\/\/www.greenpeace.org\/canada\/fr\/wp-json\/wp\/v2\/posts\/41501\/revisions"}],"predecessor-version":[{"id":51241,"href":"https:\/\/www.greenpeace.org\/canada\/fr\/wp-json\/wp\/v2\/posts\/41501\/revisions\/51241"}],"wp:featuredmedia":[{"embeddable":true,"href":"https:\/\/www.greenpeace.org\/canada\/fr\/wp-json\/wp\/v2\/media\/41509"}],"wp:attachment":[{"href":"https:\/\/www.greenpeace.org\/canada\/fr\/wp-json\/wp\/v2\/media?parent=41501"}],"wp:term":[{"taxonomy":"category","embeddable":true,"href":"https:\/\/www.greenpeace.org\/canada\/fr\/wp-json\/wp\/v2\/categories?post=41501"},{"taxonomy":"post_tag","embeddable":true,"href":"https:\/\/www.greenpeace.org\/canada\/fr\/wp-json\/wp\/v2\/tags?post=41501"},{"taxonomy":"p4-page-type","embeddable":true,"href":"https:\/\/www.greenpeace.org\/canada\/fr\/wp-json\/wp\/v2\/p4-page-type?post=41501"}],"curies":[{"name":"wp","href":"https:\/\/api.w.org\/{rel}","templated":true}]}}