{"id":41738,"date":"2020-09-03T17:44:46","date_gmt":"2020-09-03T21:44:46","guid":{"rendered":"https:\/\/www.greenpeace.org\/canada\/?p=41738"},"modified":"2021-10-28T15:12:31","modified_gmt":"2021-10-28T19:12:31","slug":"amazonie-bolsonaro-cheptel-bovin-abc-de-destruction","status":"publish","type":"post","link":"https:\/\/www.greenpeace.org\/canada\/fr\/story\/41738\/amazonie-bolsonaro-cheptel-bovin-abc-de-destruction\/","title":{"rendered":"Amazonie, Bolsonaro, cheptel bovin : l\u2019ABC de la destruction"},"content":{"rendered":"\n<style>\n  .reference {\n    vertical-align: super;\n    font-size: small;\n  }\n  .references {\n    font-weight: bold;\n  }\n  .references li span {\n    font-weight: normal;\n  }\n<\/style>\n\n<h2 class=\"wp-block-heading\">L\u2019Amazonie en proie aux flammes, <a rel=\"noreferrer noopener\" href=\"https:\/\/act.greenpeace.ca\/fr-ca\/amazonie-accord-libre-echange-mercosur\" data-type=\"URL\" data-id=\"https:\/\/act.greenpeace.ca\/fr-ca\/amazonie-accord-libre-echange-mercosur\" target=\"_blank\">agisse<\/a><a href=\"https:\/\/act.greenpeace.ca\/fr-ca\/amazonie-accord-libre-echange-mercosur\" data-type=\"URL\" data-id=\"https:\/\/act.greenpeace.ca\/fr-ca\/amazonie-accord-libre-echange-mercosur\" target=\"_blank\" rel=\"noreferrer noopener\">z<\/a><a rel=\"noreferrer noopener\" href=\"https:\/\/act.greenpeace.ca\/fr-ca\/amazonie-accord-libre-echange-mercosur\" data-type=\"URL\" data-id=\"https:\/\/act.greenpeace.ca\/fr-ca\/amazonie-accord-libre-echange-mercosur\" target=\"_blank\"> pour la d\u00e9fendre.<\/a><\/h2>\n\n<p>C\u2019est avec effroi que nous avons vu d\u2019immenses brasiers d\u00e9vaster la for\u00eat amazonienne l\u2019ann\u00e9e derni\u00e8re. Mais la saison des incendies risque d\u2019\u00eatre tout aussi catastrophique cette ann\u00e9e.<\/p>\n\n<p>En d\u00e9pit d\u2019un moratoire sur les br\u00fblis agricoles, et malgr\u00e9 les patrouilles de l\u2019arm\u00e9e br\u00e9silienne,<a href=\"#ref-1\" class=\"reference\">[1]<\/a><a href=\"#ref-2\" class=\"reference\">[2]<\/a> le nombre de foyers d\u2019incendie observ\u00e9s au mois d\u2019ao\u00fbt est probablement plus \u00e9lev\u00e9 que l\u2019an dernier.<a href=\"#ref-3\" class=\"reference\">[3]<\/a><\/p>\n\n<div class=\"wp-block-buttons is-content-justification-center is-layout-flex wp-block-buttons-is-layout-flex\">\n<div class=\"wp-block-button is-style-cta\"><a class=\"wp-block-button__link\" href=\"https:\/\/act.greenpeace.ca\/fr-ca\/amazonie-accord-libre-echange-mercosur\" target=\"_blank\" rel=\"noreferrer noopener\">SIGNEZ LA P\u00c9TITION<\/a><\/div>\n<\/div>\n\n<figure class=\"wp-block-image size-large caption-style-medium caption-alignment-center\"><img loading=\"lazy\" decoding=\"async\" width=\"800\" height=\"534\" src=\"https:\/\/www.greenpeace.org\/static\/planet4-canada-stateless\/2020\/09\/77a52fd1-gp0sturqn_web_size.jpg\" alt=\"\" class=\"wp-image-41754\" srcset=\"https:\/\/www.greenpeace.org\/static\/planet4-canada-stateless\/2020\/09\/77a52fd1-gp0sturqn_web_size.jpg 800w, https:\/\/www.greenpeace.org\/static\/planet4-canada-stateless\/2020\/09\/77a52fd1-gp0sturqn_web_size-300x200.jpg 300w, https:\/\/www.greenpeace.org\/static\/planet4-canada-stateless\/2020\/09\/77a52fd1-gp0sturqn_web_size-768x513.jpg 768w, https:\/\/www.greenpeace.org\/static\/planet4-canada-stateless\/2020\/09\/77a52fd1-gp0sturqn_web_size-510x340.jpg 510w\" sizes=\"auto, (max-width: 800px) 100vw, 800px\" \/><figcaption>L\u00e1brea, Amazonas, Br\u00e9sil en ao\u00fbt \u00a9 Christian Braga \/ Greenpeace<\/figcaption><\/figure>\n\n<h3 class=\"wp-block-heading\">Pourquoi l\u2019Amazonie br\u00fble-t-elle?<\/h3>\n\n<p>Les feux de for\u00eat en Amazonie n\u2019ont rien de naturel. Ils sont d\u00e9lib\u00e9r\u00e9ment allum\u00e9s par des agriculteurs et des \u00e9leveurs de b\u00e9tail qui accaparent des terres pour \u00e9tendre l\u2019emprise de l\u2019industrie agroalimentaire.<a href=\"#ref-4\" class=\"reference\">[4]<\/a><\/p>\n\n<p>Le probl\u00e8me ne fait que s\u2019aggraver depuis l\u2019arriv\u00e9e au pouvoir de Jair Bolsonaro en janvier 2019. Le pr\u00e9sident br\u00e9silien fait une promotion active du d\u00e9veloppement industriel de l\u2019Amazonie.<a href=\"#ref-5\" class=\"reference\">[5]<\/a> Son gouvernement emploie toutes sortes de m\u00e9canismes pour affaiblir les lois environnementales du pays. Il coupe le financement de l\u2019agence nationale de protection de l\u2019environnement et se moque des revendications territoriales des peuples autochtones.<a href=\"#ref-6\" class=\"reference\">[6]<\/a><a href=\"#ref-7\" class=\"reference\">[7]<\/a><a href=\"#ref-8\" class=\"reference\">[8]<\/a><\/p>\n\n<p>La destruction de la for\u00eat amazonienne peut donc continuer en toute impunit\u00e9. L\u2019accaparement des terres autochtones se poursuit, et le nombre d\u2019assassinats de gardes forestiers autochtones ne cesse d\u2019augmenter.<a href=\"#ref-9\" class=\"reference\">[9]<\/a><\/p>\n\n<figure class=\"wp-block-image size-large caption-style-medium caption-alignment-center\"><img loading=\"lazy\" decoding=\"async\" width=\"800\" height=\"534\" src=\"https:\/\/www.greenpeace.org\/static\/planet4-canada-stateless\/2020\/09\/8e644e9f-gp0stupvq_web_size.jpg\" alt=\"\" class=\"wp-image-41757\" srcset=\"https:\/\/www.greenpeace.org\/static\/planet4-canada-stateless\/2020\/09\/8e644e9f-gp0stupvq_web_size.jpg 800w, https:\/\/www.greenpeace.org\/static\/planet4-canada-stateless\/2020\/09\/8e644e9f-gp0stupvq_web_size-300x200.jpg 300w, https:\/\/www.greenpeace.org\/static\/planet4-canada-stateless\/2020\/09\/8e644e9f-gp0stupvq_web_size-768x513.jpg 768w, https:\/\/www.greenpeace.org\/static\/planet4-canada-stateless\/2020\/09\/8e644e9f-gp0stupvq_web_size-510x340.jpg 510w\" sizes=\"auto, (max-width: 800px) 100vw, 800px\" \/><figcaption>B\u00e9tail et feu, L\u00e1brea, Amazonas, Br\u00e9sil. \u00a9 Christian Braga \/ Greenpeace<\/figcaption><\/figure>\n\n<h3 class=\"wp-block-heading\">Quels sont les enjeux?<\/h3>\n\n<p>La for\u00eat amazonienne abrite un nombre stup\u00e9fiant d\u2019esp\u00e8ces v\u00e9g\u00e9tales et animales. On y trouve environ 10 pour cent de toutes les esp\u00e8ces de vert\u00e9br\u00e9s de la plan\u00e8te, et plusieurs esp\u00e8ces que l\u2019on ne retrouve nulle part ailleurs.<a href=\"#ref-10\" class=\"reference\">[10]<\/a> Les incendies d\u00e9truisent ces plantes et tuent les animaux trop lents pour s\u2019enfuir. Priv\u00e9s de leur habitat, les animaux les plus rapides finissent par mourir eux aussi.<a href=\"#ref-11\" class=\"reference\">[11]<\/a><\/p>\n\n<p>La combinaison de ces incendies et des politiques g\u00e9nocidaires du gouvernement Bolsonaro menace l\u2019existence m\u00eame des peuples autochtones de l\u2019Amazonie.<a href=\"#ref-12\" class=\"reference\">[12]<\/a> D\u00e9j\u00e0 \u00e9prouv\u00e9es par un taux de mortalit\u00e9 \u00e9lev\u00e9 en raison de la COVID-19, les communaut\u00e9s locales doivent subir les effets de la fum\u00e9e, avec tous les risques sanitaires que cela comporte.<a href=\"#ref-13\" class=\"reference\">[13]<\/a><a href=\"#ref-14\" class=\"reference\">[14]<\/a><\/p>\n\n<p>L\u2019impact de ces incendies se fait sentir bien au-del\u00e0 de la r\u00e9gion elle-m\u00eame. Tous les habitants de cette plan\u00e8te comptent sur la for\u00eat amazonienne pour r\u00e9guler le climat.<a href=\"#ref-15\" class=\"reference\">[15]<\/a> Les for\u00eats tropicales s\u00e9questrent le carbone de l\u2019atmosph\u00e8re et le stockent dans des milliards d\u2019arbres. Cet \u00e9change cr\u00e9e un flux a\u00e9rien de vapeur d\u2019eau qui irrigue toute l\u2019Am\u00e9rique du Sud et va jusqu\u2019\u00e0 influencer le climat des autres continents.<a href=\"#ref-16\" class=\"reference\">[16]<\/a><a href=\"#ref-17\" class=\"reference\">[17]<\/a><\/p>\n\n<p>Si la d\u00e9forestation se poursuit, le biome complet de l\u2019Amazonie risque d\u2019atteindre un point de rupture irr\u00e9versible.<a href=\"#ref-18\" class=\"reference\">[18]<\/a> La for\u00eat restante ne g\u00e9n\u00e9rera pas assez de vapeur d\u2019eau pour la r\u00e9cup\u00e9rer sous forme de pluie, ce qui transformera toute la r\u00e9gion en savane aride. De nombreuses esp\u00e8ces dispara\u00eetront, et des quantit\u00e9s faramineuses de dioxyde de carbone seront lib\u00e9r\u00e9es dans l\u2019atmosph\u00e8re.<\/p>\n\n<figure class=\"wp-block-image size-large caption-style-medium caption-alignment-center\"><img loading=\"lazy\" decoding=\"async\" width=\"799\" height=\"532\" src=\"https:\/\/www.greenpeace.org\/static\/planet4-canada-stateless\/2020\/09\/36230506-gp0stpoe5_web_size.jpg\" alt=\"\" class=\"wp-image-41759\" srcset=\"https:\/\/www.greenpeace.org\/static\/planet4-canada-stateless\/2020\/09\/36230506-gp0stpoe5_web_size.jpg 799w, https:\/\/www.greenpeace.org\/static\/planet4-canada-stateless\/2020\/09\/36230506-gp0stpoe5_web_size-300x200.jpg 300w, https:\/\/www.greenpeace.org\/static\/planet4-canada-stateless\/2020\/09\/36230506-gp0stpoe5_web_size-768x511.jpg 768w, https:\/\/www.greenpeace.org\/static\/planet4-canada-stateless\/2020\/09\/36230506-gp0stpoe5_web_size-510x340.jpg 510w\" sizes=\"auto, (max-width: 799px) 100vw, 799px\" \/><figcaption>For\u00eat pr\u00e8s de la rivi\u00e8re Tapaj\u00f3s, dans le territoire autochtone Sawr\u00e9 Muybu de le peuple Munduruku, Par\u00e1, Br\u00e9sil. \u00a9 Valdemir Cunha \/ Greenpeace.<\/figcaption><\/figure>\n\n<h3 class=\"wp-block-heading\">Que pouvons-nous faire?<\/h3>\n\n<p>Le gouvernement Bolsonaro doit mettre fin \u00e0 ses attaques contre les droits autochtones et les lois environnementales, et poser des gestes concrets pour pr\u00e9server la for\u00eat amazonienne.<\/p>\n\n<p>La seule chose qui a fait plier Bolsonaro jusqu\u2019\u00e0 maintenant est la pression exerc\u00e9e par les entreprises, les investisseurs et les gouvernements \u00e9trangers, qui menacent de rompre leurs liens commerciaux tant que l\u2019Amazonie ne sera pas ad\u00e9quatement prot\u00e9g\u00e9e.<a href=\"#ref-19\" class=\"reference\">[19]<\/a><\/p>\n\n<p>En d\u00e9pit de ces r\u00e9cents d\u00e9veloppements, notre propre gouvernement continue de n\u00e9gocier un accord de libre-\u00e9change entre le Canada et les pays du Mercosur, dont fait partie le Br\u00e9sil. Pis encore, l\u2019industrie agroalimentaire br\u00e9silienne se r\u00e9jouit de la hausse des exportations de viande vers le Canada qu\u2019un tel accord pourrait entra\u00eener.<a href=\"#ref-20\" class=\"reference\">[20]<\/a> C\u2019est exact : la m\u00eame viande d\u2019\u00e9levage qui contribue \u00e0 d\u00e9truire l\u2019Amazonie!<\/p>\n\n<p>Il est hors de question que notre gouvernement encourage la politique anti-environnement de Jair Bolsonaro avec la complicit\u00e9 tacite de toute la population canadienne.<\/p>\n\n<p>Nous devons envoyer un message clair qui parviendra aux oreilles du pr\u00e9sident br\u00e9silien : nous ne signerons aucun accord commercial qui contribue \u00e0 d\u00e9truire l\u2019environnement!<\/p>\n\n<div style=\"height:20px\" aria-hidden=\"true\" class=\"wp-block-spacer\"><\/div>\n\n<div class=\"wp-block-buttons is-content-justification-center is-layout-flex wp-block-buttons-is-layout-flex\">\n<div class=\"wp-block-button is-style-cta\"><a class=\"wp-block-button__link\" href=\"https:\/\/act.greenpeace.ca\/fr-ca\/amazonie-accord-libre-echange-mercosur\" target=\"_blank\" rel=\"noreferrer noopener\">SIGNEZ LA P\u00c9TITION<\/a><\/div>\n<\/div>\n\n<div style=\"height:50px\" aria-hidden=\"true\" class=\"wp-block-spacer\"><\/div>\n\n<p>R\u00e9f\u00e9rences en anglais<\/p>\n\n<ol><li id=\"ref-1\"><span>https:\/\/www.bloomberg.com\/news\/articles\/2020-07-08\/bolsonaro-plans-to-appease-investors-with-ban-on-amazon-fires<\/span><\/li><li id=\"ref-2\"><span>https:\/\/www.thestar.com\/news\/world\/americas\/2020\/08\/28\/ap-finds-brazils-plan-to-protect-amazon-has-opposite-effect.html<\/span><\/li><li id=\"ref-3\"><span>https:\/\/www.reuters.com\/article\/us-brazil-environment-fires-exclusive\/exclusive-brazil-amazon-fires-likely-worst-in-10-years-august-data-incomplete-government-researcher-says-idUSKBN25T349<\/span><\/li><li id=\"ref-4\"><span>https:\/\/news.mongabay.com\/2020\/07\/where-theres-cattle-ranching-and-soybean-farming-theres-fire-study-finds\/<\/span><\/li><li id=\"ref-5\"><span>https:\/\/www.northernminer.com\/news\/brazils-bolsonaro-eyes-amazon-riches\/1003814139\/<\/span><\/li><li id=\"ref-6\"><span>https:\/\/news.mongabay.com\/2020\/08\/brazil-end-runs-environmental-laws-via-huge-surge-in-executive-acts-study\/<\/span><\/li><li id=\"ref-7\"><span>https:\/\/www.reuters.com\/article\/us-brazil-deforestation-climate-change-a\/brazil-slashes-budget-to-fight-climate-change-as-deforestation-spikes-idUSKBN2392LC<\/span><\/li><li id=\"ref-8\"><span>https:\/\/www.nytimes.com\/2020\/04\/19\/world\/americas\/bolsonaro-brazil-amazon-indigenous.html<\/span><\/li><li id=\"ref-9\"><span>https:\/\/www.bbc.com\/news\/world-latin-america-52135362<\/span><\/li><li id=\"ref-10\"><span>https:\/\/www.mdpi.com\/2076-2615\/1\/2\/205<\/span><\/li><li id=\"ref-11\"><span>https:\/\/www.nationalgeographic.com\/animals\/2019\/08\/how-the-amazon-rainforest-wildfires-will-affect-wild-animals\/<\/span><\/li><li id=\"ref-12\"><span>https:\/\/www.nytimes.com\/2020\/04\/19\/world\/americas\/bolsonaro-brazil-amazon-indigenous.html<\/span><\/li><li id=\"ref-13\"><span>https:\/\/www.pri.org\/stories\/2020-07-02\/fires-and-coronavirus-are-deadly-combination-amazon-s-indigenous-people<\/span><\/li><li id=\"ref-14\"><span>https:\/\/www.nationalobserver.com\/2020\/07\/07\/news\/already-fighting-their-lands-and-lives-indigenous-communities-brazil-slammed-covid19<\/span><\/li><li id=\"ref-15\"><span>https:\/\/www.bbc.com\/news\/av\/science-environment-49452736\/amazon-fires-why-the-rainforest-helps-fight-climate-change<\/span><\/li><li id=\"ref-16\"><span>https:\/\/ideas.ted.com\/this-airborne-river-may-be-the-largest-river-on-earth\/<\/span><\/li><li id=\"ref-17\"><span>https:\/\/www.nationalgeographic.com\/environment\/2018\/11\/how-cutting-the-amazon-forest-could-affect-weather\/<\/span><\/li><li id=\"ref-18\"><span>https:\/\/news.mongabay.com\/2019\/12\/the-tipping-point-is-here-it-is-now-top-amazon-scientists-warn\/<\/span><\/li><li id=\"ref-19\"><span>https:\/\/news.mongabay.com\/2020\/07\/brazil-bows-to-pressure-from-business-decrees-120-day-amazon-fire-ban\/<\/span><\/li><li id=\"ref-20\"><span>https:\/\/en.mercopress.com\/2020\/07\/30\/brazil-optimistic-about-a-mercosur-free-trade-accord-with-canada<span><\/li><\/ol>\n","protected":false},"excerpt":{"rendered":"<p>L\u2019Amazonie est attaqu\u00e9e de toutes parts, mais vous pouvez y mettre une fin.<\/p>\n","protected":false},"author":59,"featured_media":41754,"comment_status":"open","ping_status":"open","sticky":false,"template":"","format":"standard","meta":{"ep_exclude_from_search":false,"p4_og_title":"","p4_og_description":"","p4_og_image":"","p4_og_image_id":"","p4_seo_canonical_url":"","p4_campaign_name":"not set","p4_local_project":"not set","p4_basket_name":"not set","p4_department":"","footnotes":""},"categories":[19],"tags":[40,41,43],"p4-page-type":[155],"class_list":["post-41738","post","type-post","status-publish","format-standard","has-post-thumbnail","hentry","category-nature-fr","tag-autochtones","tag-climat","tag-forets","p4-page-type-histoire"],"_links":{"self":[{"href":"https:\/\/www.greenpeace.org\/canada\/fr\/wp-json\/wp\/v2\/posts\/41738","targetHints":{"allow":["GET"]}}],"collection":[{"href":"https:\/\/www.greenpeace.org\/canada\/fr\/wp-json\/wp\/v2\/posts"}],"about":[{"href":"https:\/\/www.greenpeace.org\/canada\/fr\/wp-json\/wp\/v2\/types\/post"}],"author":[{"embeddable":true,"href":"https:\/\/www.greenpeace.org\/canada\/fr\/wp-json\/wp\/v2\/users\/59"}],"replies":[{"embeddable":true,"href":"https:\/\/www.greenpeace.org\/canada\/fr\/wp-json\/wp\/v2\/comments?post=41738"}],"version-history":[{"count":20,"href":"https:\/\/www.greenpeace.org\/canada\/fr\/wp-json\/wp\/v2\/posts\/41738\/revisions"}],"predecessor-version":[{"id":50535,"href":"https:\/\/www.greenpeace.org\/canada\/fr\/wp-json\/wp\/v2\/posts\/41738\/revisions\/50535"}],"wp:featuredmedia":[{"embeddable":true,"href":"https:\/\/www.greenpeace.org\/canada\/fr\/wp-json\/wp\/v2\/media\/41754"}],"wp:attachment":[{"href":"https:\/\/www.greenpeace.org\/canada\/fr\/wp-json\/wp\/v2\/media?parent=41738"}],"wp:term":[{"taxonomy":"category","embeddable":true,"href":"https:\/\/www.greenpeace.org\/canada\/fr\/wp-json\/wp\/v2\/categories?post=41738"},{"taxonomy":"post_tag","embeddable":true,"href":"https:\/\/www.greenpeace.org\/canada\/fr\/wp-json\/wp\/v2\/tags?post=41738"},{"taxonomy":"p4-page-type","embeddable":true,"href":"https:\/\/www.greenpeace.org\/canada\/fr\/wp-json\/wp\/v2\/p4-page-type?post=41738"}],"curies":[{"name":"wp","href":"https:\/\/api.w.org\/{rel}","templated":true}]}}