{"id":42050,"date":"2020-09-14T06:00:00","date_gmt":"2020-09-14T10:00:00","guid":{"rendered":"https:\/\/www.greenpeace.org\/canada\/communique-de-presse\/42050\/why-we-need-nature-the-abcs-of-a-restoration-economy\/"},"modified":"2021-12-06T06:26:18","modified_gmt":"2021-12-06T11:26:18","slug":"why-we-need-nature-the-abcs-of-a-restoration-economy","status":"publish","type":"post","link":"https:\/\/www.greenpeace.org\/canada\/fr\/story\/42050\/why-we-need-nature-the-abcs-of-a-restoration-economy\/","title":{"rendered":"Pourquoi nous avons besoin de la Nature : L&rsquo;ABC d&rsquo;une \u00e9conomie de restauration"},"content":{"rendered":"\n<p>Un des le\u00e7ons \u00e0 retenir de la pand\u00e9mie du COVID-19, c&rsquo;est que notre <a rel=\"noreferrer noopener\" href=\"https:\/\/ipbes.net\/news\/media-release-updated-biodiversity-nature%E2%80%99s-contributions-continue-dangerous-decline-scientists\" target=\"_blank\">sant\u00e9, nos moyens de subsistance et notre bien-\u00eatre<\/a> sont intrins\u00e8quement li\u00e9s \u00e0 la sant\u00e9 de la Nature. <strong>La destruction de la Nature<\/strong> a \u00e9t\u00e9 \u00e0 l&rsquo;origine de <a rel=\"noreferrer noopener\" href=\"https:\/\/www.unenvironment.org\/news-and-stories\/press-release\/unite-human-animal-and-environmental-health-prevent-next-pandemic-un\" target=\"_blank\">nombreuses \u00e9pid\u00e9mies<\/a> ant\u00e9rieures, le moteur du <a rel=\"noreferrer noopener\" href=\"https:\/\/www.pnas.org\/content\/114\/30\/E6089\" target=\"_blank\">d\u00e9clin de la faune<\/a> et d&rsquo;une augmentation des <a rel=\"noreferrer noopener\" href=\"https:\/\/www.greenpeace.org\/canada\/en\/story\/36930\/the-boreal-forest-our-climate-shield\/\" target=\"_blank\">\u00e9v\u00e9nements m\u00e9t\u00e9orologiques extr\u00eames<\/a> comme les <a rel=\"noreferrer noopener\" href=\"https:\/\/www.greenpeace.org\/canada\/fr\/histoires\/41738\/amazonie-bolsonaro-cheptel-bovin-abc-de-destruction\/\" target=\"_blank\">incendies de for\u00eat<\/a>.<\/p>\n\n<p>Dans mon blogue pr\u00e9c\u00e9dent, j\u2019ai explor\u00e9 le <strong><a rel=\"noreferrer noopener\" href=\"https:\/\/www.greenpeace.org\/canada\/fr\/histoires\/41501\/false-solutions-dont-let-covid-19-recovery-bulldoze-forests\/\" target=\"_blank\">Top 5 des Fausses Solutions<\/a><\/strong> li\u00e9es \u00e0 la foresterie et \u00e0 la gestion des terres non durables \u2013 notant que nous avons besoin d\u2019\u00eatre aux aguets du blanchiment-vert alors que le gouvernement f\u00e9d\u00e9ral \u00e9labore ses plans pour une relance \u00e9conomique \u00e0 long terme apr\u00e8s la r\u00e9cession du COVID-19. Nous avons \u00e9galement besoin d\u2019aider les gens \u00e0 imaginer ce qui est possible. En cons\u00e9quence, je vous invite \u00e0 explorer des solutions bas\u00e9es sur la Nature qui peuvent servir de fondement \u00e0 ce que nous appelons une <a rel=\"noreferrer noopener\" href=\"https:\/\/www.wri.org\/our-work\/project\/new-restoration-economy\" target=\"_blank\">\u00e9conomie de restauration<\/a>. Une \u00e9conomie de restauration, dans le contexte d&rsquo;une relance juste et verte au Canada, nous \u00e9loigne d\u2019une \u00e9conomie bas\u00e9 sur l&rsquo;extraction des ressources, et se concentre sur la reconstruction, protection et gestion des \u00e9cosyst\u00e8mes naturels \u2013 nos syst\u00e8mes de survie.<\/p>\n\n<h3 class=\"wp-block-heading\"><strong><strong>LES 4 PILIERS D&rsquo;UNE \u00c9CONOMIE<\/strong><\/strong> DE RESTAURATION<\/h3>\n\n<figure class=\"wp-block-image size-large  caption-style-medium caption-alignment-center\"><img loading=\"lazy\" decoding=\"async\" width=\"1024\" height=\"683\" src=\"https:\/\/www.greenpeace.org\/static\/planet4-canada-stateless\/2020\/09\/8a6f4f46-caribou2-1024x683.jpg\" alt=\"\" class=\"wp-image-41994\" srcset=\"https:\/\/www.greenpeace.org\/static\/planet4-canada-stateless\/2020\/09\/8a6f4f46-caribou2-1024x683.jpg 1024w, https:\/\/www.greenpeace.org\/static\/planet4-canada-stateless\/2020\/09\/8a6f4f46-caribou2-300x200.jpg 300w, https:\/\/www.greenpeace.org\/static\/planet4-canada-stateless\/2020\/09\/8a6f4f46-caribou2-768x512.jpg 768w, https:\/\/www.greenpeace.org\/static\/planet4-canada-stateless\/2020\/09\/8a6f4f46-caribou2-1536x1024.jpg 1536w, https:\/\/www.greenpeace.org\/static\/planet4-canada-stateless\/2020\/09\/8a6f4f46-caribou2-510x340.jpg 510w, https:\/\/www.greenpeace.org\/static\/planet4-canada-stateless\/2020\/09\/8a6f4f46-caribou2.jpg 1920w\" sizes=\"auto, (max-width: 1024px) 100vw, 1024px\" \/><\/figure>\n\n<h4 class=\"wp-block-heading\"><strong><strong>Atteindre les objectifs de protection de la Nature<\/strong> &nbsp; <\/strong><\/h4>\n\n<p>Seriez-vous surpris si je disais que la protection et la restauration des for\u00eats est probablement l&rsquo;une de nos plus grandes opportunit\u00e9s de faire face aux nombreuses crises actuelles auxquelles nous sommes confront\u00e9s aujourd\u2019hui ? On estime que les for\u00eats abritent environ <a rel=\"noreferrer noopener\" href=\"https:\/\/www.un.org\/sustainabledevelopment\/biodiversity\/\" target=\"_blank\">80% de la vie terrestre<\/a>, et sont dits capables de fournir <a rel=\"noreferrer noopener\" href=\"https:\/\/www.pnas.org\/content\/114\/44\/11645\" target=\"_blank\">au moins un tiers de l&rsquo;att\u00e9nuation climatique rentable<\/a>.  Des \u00e9tudes scientifiques sugg\u00e8rent que nous devons prot\u00e9ger en moyenne 50% de nos terres. Avec seulement <a rel=\"noreferrer noopener\" href=\"https:\/\/www.canada.ca\/en\/environment-climate-change\/services\/environmental-indicators\/conserved-areas.html\" target=\"_blank\">11.4% de terres prot\u00e9g\u00e9es au Canada,<\/a> nous avons vraiment besoin d\u2019intensifier et investir dans une meilleure protection qui va aider le Canada \u00e0 atteindre son objectif international en prot\u00e9geant au <strong>minimum<\/strong> 30% de ses habitats terrestres d&rsquo;ici 2030.<\/p>\n\n<p>La protection ne consiste pas \u00e0 exclure les personnes d&rsquo;une <a href=\"https:\/\/www.climatelandambitionrightsalliance.org\/report\" target=\"_blank\" rel=\"noreferrer noopener\">utilisation durable \u00e0 faible impact <\/a>de la Nature. En fait, de nombreux \u00e9cosyst\u00e8mes d\u00e9pendent des activit\u00e9s de gestion des Peuples Autochtones et d&rsquo;autres communaut\u00e9s locales. L&rsquo;acc\u00e8s et les droits de ces communaut\u00e9s doivent cependant \u00eatre int\u00e9gr\u00e9s dans un concept de protection.<\/p>\n\n<h4 class=\"wp-block-heading\"><strong><strong>Restauration des \u00e9cosyst\u00e8mes<\/strong><\/strong><\/h4>\n\n<p>Ce n&rsquo;est pas un hasard si les Nations Unies ont surnomm\u00e9 cette d\u00e9cennie \u00e0 venir la <a rel=\"noreferrer noopener\" href=\"https:\/\/www.decadeonrestoration.org\/\" target=\"_blank\">D\u00e9cennie des Nations Unies pour la Restauration des \u00c9cosyst\u00e8mes<\/a>. En outre des mesures de protection solides, la restauration des <a rel=\"noreferrer noopener\" href=\"https:\/\/www.nrcan.gc.ca\/our-natural-resources\/forests-forestry\/state-canadas-forests-report\/how-much-forest-does-canada-have\/indicator-deforestation-afforestation\/16546\" target=\"_blank\">terres d\u00e9truites<\/a> ou d\u00e9grad\u00e9es est une excellente occasion d\u2019am\u00e9liorer la capacit\u00e9 de la Nature \u00e0 emmagasiner et stocker du carbone, \u00e0 aider \u00e0 contr\u00f4ler les inondations, \u00e0 att\u00e9nuer les vagues de chaleur et \u00e0 inverser la tendance \u00e0 l\u2019extinction des esp\u00e8ces. Les villes doivent \u00e9galement repenser leur am\u00e9nagement paysager et cr\u00e9er un environnement plus sain et plus vert. En restaurant les \u00e9cosyst\u00e8mes forestiers et en investissant dans des jardins, des syst\u00e8mes de polyculture et d\u2019agroforesterie, des centres urbains&nbsp;; cela peut am\u00e9liorer la qualit\u00e9 de l&rsquo;air, la sant\u00e9 mentale et physique et r\u00e9soudre potentiellement les probl\u00e8mes de s\u00e9curit\u00e9 alimentaire.<\/p>\n\n<p>Alors que les parcs nationaux du Canada <a rel=\"noreferrer noopener\" href=\"https:\/\/greenbudget.ca\/wp-content\/uploads\/sites\/4\/2020\/04\/Coalition-du-budget-vert-Recommandations-finales-relatives-au-budget-de-2018-14-septembre-2017.pdf\" target=\"_blank\">rapportent 6 $ pour chaque dollar d\u00e9pens\u00e9<\/a>, la restauration des \u00e9cosyst\u00e8mes naturels a un potentiel encore plus important, rapportant <a rel=\"noreferrer noopener\" href=\"https:\/\/www.weforum.org\/agenda\/2020\/05\/5-reasons-why-biodiversity-matters-human-health-economies-business-wellbeing-coronavirus-covid19-animals-nature-ecosystems\/\" target=\"_blank\">9$ en b\u00e9n\u00e9fices pour chaque dollar d\u00e9pens\u00e9<\/a>. Avec autant de mines laiss\u00e9es \u00e0 l\u2019abandon, de sites contamin\u00e9s et de for\u00eats en voie de disparition ou d\u00e9grad\u00e9es, il existe un important potentiel de cr\u00e9ation d&#8217;emplois dans la restauration de ces terres. De plus, nous avons l\u2019occasion de nous sp\u00e9cialiser dans quelque chose qui deviendra de plus en plus en demande dans le monde entier.  Maintenant le moment est venu de mettre en place des politiques et des fonds pour soutenir une relance \u00e9conomique.<\/p>\n\n<h4 class=\"wp-block-heading\"><strong><strong>Soutenir les communaut\u00e9s en transition<\/strong><\/strong><\/h4>\n\n<p>Une relance juste et verte signifie ne laisser personne de c\u00f4t\u00e9, ce qui veut dire aider \u00e0 autonomiser les communaut\u00e9s \u00e0 effectuer une transition \u00e9quitable vers des opportunit\u00e9s plus diversifi\u00e9es, durables et cr\u00e9atrices d&#8217;emplois. Cela peut prendre la forme d&rsquo;un soutien \u00e0 la formation dans les communaut\u00e9s autochtones et mono-industrielles, d&rsquo;investir dans la recherche et le d\u00e9veloppement de <a rel=\"noreferrer noopener\" href=\"https:\/\/www.rncan.gc.ca\/nos-ressources-naturelles\/forets-foresterie\/industrie-commerce-forestiere\/demandes-en-produits-forestiers\/produits-forestiers-non-ligneux\/13204?_ga=2.246651652.1813155633.1600083485-1242723290.1592540259\" target=\"_blank\">produits forestiers non ligneux<\/a> (ex : champignons, baies, tisanes, farine de noix), d&rsquo;explorer de <a href=\"https:\/\/www.cbc.ca\/news\/canada\/british-columbia\/pot-production-plant-could-create-cannabis-jobs-in-northern-mill-town-1.5115480\" target=\"_blank\" rel=\"noreferrer noopener\">nouvelles utilisations des scieries laiss\u00e9es \u00e0 l\u2019abandon<\/a>, de gestion des \u00e9cosyst\u00e8mes et, dans l\u2019ensemble, d\u2019aider globalement \u00e0 diversifier les \u00e9conomies locales.<\/p>\n\n<h4 class=\"wp-block-heading\"><strong><strong>Respecter les droits et connaissances autochtones<\/strong><\/strong><\/h4>\n\n<p>Le Canada a sign\u00e9 la <a rel=\"noreferrer noopener\" href=\"https:\/\/www.aadnc-aandc.gc.ca\/fra\/1309374407406\/1309374458958\" target=\"_blank\">D\u00e9claration des Nations Unies sur les Droits des Peuples Autochtones<\/a>, mais a \u00e9t\u00e9 frein\u00e9 par un syst\u00e8me colonial,un racisme syst\u00e9mique et une \u00e9conomie bas\u00e9e sur l&rsquo;extraction intensive de ressources naturelles. Les peuples autochtones sont les gardiens de ces terres depuis des temps imm\u00e9moriaux. L&rsquo;\u00e9laboration de programmes de planification et d&rsquo;intendance d&rsquo;aires de conservation dirig\u00e9s par des autochtones, comme les <a rel=\"noreferrer noopener\" href=\"https:\/\/www.canada.ca\/fr\/environnement-changement-climatique\/services\/financement-environnement\/gardiens-autochtones-programme-pilote\/carte.html\" target=\"_blank\">Gardiens Autochtones<\/a>, est une cible id\u00e9ale pour le financement public et la cr\u00e9ation d&#8217;emplois. En fait, cela ne fonctionne que si nous int\u00e9grons, de mani\u00e8re holistique, les droits, lois, trait\u00e9s, et connaissances avec un financement appropri\u00e9, pour s&rsquo;engager de mani\u00e8re juste, en tant que d\u00e9cideurs, dans tous les processus de planification de l&rsquo;utilisation des terres. C&rsquo;est un pilier vital de notre cheminement collectif vers la r\u00e9conciliation.<\/p>\n\n<h3 class=\"wp-block-heading\">Prot\u00e9ger ce qui nous prot\u00e8ge<\/h3>\n\n<p>Selon un r\u00e9cent <a rel=\"noreferrer noopener\" href=\"https:\/\/static1.squarespace.com\/static\/5a2ef5702278e792c098cc02\/t\/5f03b4cc8e53972d0469da34\/1594078414142\/IBCC+ILI+June+Poll+Key+Findings.pdf\" target=\"_blank\">sondage<\/a> Pollarat, les Canadiens soutiennent sans r\u00e9serve la r\u00e9alisation des cibles de protection, ainsi qu&rsquo;un large soutien \u00e0 la conservation de la nature dans le cadre de la relance \u00e9conomique du COVID-19. De plus, la conservation men\u00e9e par les autochtones est consid\u00e9r\u00e9e par une majorit\u00e9 comme un avantage important pour l&rsquo;\u00e9conomie.<\/p>\n\n<p>Greenpeace demande au gouvernement de mettre en place des solutions bas\u00e9e sur la Nature au c\u0153ur du plan de relance du COVID-19, afin que nous puissions commencer \u00e0 \u00e9tablir une \u00e9conomie de restauration qui valorise une protection de notre \u00ab&nbsp;infrastructure naturelle&nbsp;\u00bb. Une relance \u00e9conomique consiste \u00e0 soigner la Terre et \u00e0 soigner nos relations les uns avec les autres et avec le territoire sur lequel nous vivons. Il s&rsquo;agit de prot\u00e9ger ce qui nous prot\u00e8ge. Nous devons pr\u00e9server la Nature avec compassion, intention et ambition. C&rsquo;est ainsi que nous pouvons #Reb\u00e2tirEnMieux.<\/p>\n\n<p><strong><a rel=\"noreferrer noopener\" href=\"https:\/\/act.gp\/32A3D7z\" target=\"_blank\">Passez \u00e0 l&rsquo;action: dites \u00e0 nos dirigeants de faire l<\/a><a href=\"https:\/\/act.gp\/32A3D7z\" target=\"_blank\" rel=\"noreferrer noopener\">a<\/a><a rel=\"noreferrer noopener\" href=\"https:\/\/act.gp\/32A3D7z\" target=\"_blank\"> #RelanceVerte une r\u00e9alit\u00e9, dites-leur d&rsquo;investir dans des solutions bas\u00e9es sur la Nature!<\/a><\/strong><\/p>\n\n<div class=\"wp-block-buttons is-layout-flex wp-block-buttons-is-layout-flex\">\n<div class=\"wp-block-button is-style-cta\"><a class=\"wp-block-button__link\" href=\"https:\/\/act.gp\/32A3D7z\" target=\"_blank\" rel=\"noreferrer noopener\">DITES \u00c0 NOS DIRIGEANTS D&rsquo;INVESTIR DANS UNE RELANCE VERTE <\/a><\/div>\n<\/div>\n\n<p><\/p>\n\t\t\t<section\n\t\t\tclass=\"boxout post-2174 \"\n\t\t\t\n\t\t>\n\t\t\t<a\n\t\t\t\tdata-ga-category=\"Take Action Boxout\"\n\t\t\t\tdata-ga-action=\"Image\"\n\t\t\t\tdata-ga-label=\"n\/a\"\n\t\t\t\tclass=\"cover-card-overlay\"\n\t\t\t\thref=\"https:\/\/www.greenpeace.org\/canada\/fr\/agir\/faites-un-don-par-testament\/\" \n\t\t\t><\/a>\n\t\t\t\t\t\t\t<img\n\t\t\t\t\t\tsrc=\"https:\/\/www.greenpeace.org\/static\/planet4-canada-stateless\/2019\/07\/c42fdfbb-gp0strzzc_pressmedia-1024x509.jpg\"\n\t\t\t\t\t\tsrcset=\"https:\/\/www.greenpeace.org\/static\/planet4-canada-stateless\/2019\/07\/c42fdfbb-gp0strzzc_pressmedia-300x149.jpg 300w, https:\/\/www.greenpeace.org\/static\/planet4-canada-stateless\/2019\/07\/c42fdfbb-gp0strzzc_pressmedia-768x381.jpg 768w, https:\/\/www.greenpeace.org\/static\/planet4-canada-stateless\/2019\/07\/c42fdfbb-gp0strzzc_pressmedia-1024x509.jpg 1024w, https:\/\/www.greenpeace.org\/static\/planet4-canada-stateless\/2019\/07\/c42fdfbb-gp0strzzc_pressmedia-2048x1017.jpg 2048w, https:\/\/www.greenpeace.org\/static\/planet4-canada-stateless\/2019\/07\/c42fdfbb-gp0strzzc_pressmedia-510x253.jpg 510w\"\n\t\t\t\t\t\tsizes=\"(min-width: 1000px) 358px, (min-width: 780px) 313px, 88px\"\n\t\t\t\t\t\talt=\"\" title=\"\"\n\t\t\t\t\/>\n            \t\t\t<div class=\"boxout-content\">\n\t\t\t\t\t\t\t\t\t<a\n\t\t\t\t\t\tclass=\"boxout-heading medium\"\n\t\t\t\t\t\tdata-ga-category=\"Take Action Boxout\"\n\t\t\t\t\t\tdata-ga-action=\"Title\"\n\t\t\t\t\t\tdata-ga-label=\"n\/a\"\n\t\t\t\t\t\thref=\"https:\/\/www.greenpeace.org\/canada\/fr\/agir\/faites-un-don-par-testament\/\"\n\t\t\t\t\t\t\n\t\t\t\t\t>\n\t\t\t\t\t\tFaites un don par testament\n\t\t\t\t\t<\/a>\n\t\t\t\t\t\t\t\t\t\t\t\t\t<p class=\"boxout-excerpt\">En plus d\u2019\u00eatre un symbole d\u2019espoir, l\u2019histoire de Greenpeace t\u00e9moigne du formidable impact que les gens ordinaires peuvent avoir lorsqu\u2019ils se mobilisent pour prot\u00e9ger la Terre et sa pr\u00e9cieuse biodiversit\u00e9.<\/p>\n\t\t\t\t                                    <a\n                        class=\"btn btn-primary\"\n                        data-ga-category=\"Take Action Boxout\"\n                        data-ga-action=\"Call to Action\"\n                        data-ga-label=\"n\/a\"\n                        href=\"https:\/\/www.greenpeace.org\/canada\/fr\/agir\/faites-un-don-par-testament\/\"\n                        \n                    >\n                        Passer \u00e0 l&#039;action\n                    <\/a>\n                \t\t\t<\/div>\n\t\t\t\t\t<\/section>\n\t","protected":false},"excerpt":{"rendered":"<p>Alors que nous nous remettons de la pand\u00e9mie, il est essentiel que nous investissions dans des solutions fond\u00e9es sur la Nature. D\u00e9couvrez les quatre piliers d&rsquo;une \u00e9conomie de restauration.<\/p>\n","protected":false},"author":29,"featured_media":42051,"comment_status":"open","ping_status":"open","sticky":false,"template":"","format":"standard","meta":{"ep_exclude_from_search":false,"p4_og_title":"","p4_og_description":"","p4_og_image":"","p4_og_image_id":"","p4_seo_canonical_url":"","p4_campaign_name":"not set","p4_local_project":"not set","p4_basket_name":"not set","p4_department":"","footnotes":""},"categories":[19,21],"tags":[40,41,43],"p4-page-type":[16],"class_list":["post-42050","post","type-post","status-publish","format-standard","has-post-thumbnail","hentry","category-nature-fr","category-vivre-de-facon-durable","tag-autochtones","tag-climat","tag-forets","p4-page-type-story"],"_links":{"self":[{"href":"https:\/\/www.greenpeace.org\/canada\/fr\/wp-json\/wp\/v2\/posts\/42050","targetHints":{"allow":["GET"]}}],"collection":[{"href":"https:\/\/www.greenpeace.org\/canada\/fr\/wp-json\/wp\/v2\/posts"}],"about":[{"href":"https:\/\/www.greenpeace.org\/canada\/fr\/wp-json\/wp\/v2\/types\/post"}],"author":[{"embeddable":true,"href":"https:\/\/www.greenpeace.org\/canada\/fr\/wp-json\/wp\/v2\/users\/29"}],"replies":[{"embeddable":true,"href":"https:\/\/www.greenpeace.org\/canada\/fr\/wp-json\/wp\/v2\/comments?post=42050"}],"version-history":[{"count":8,"href":"https:\/\/www.greenpeace.org\/canada\/fr\/wp-json\/wp\/v2\/posts\/42050\/revisions"}],"predecessor-version":[{"id":51233,"href":"https:\/\/www.greenpeace.org\/canada\/fr\/wp-json\/wp\/v2\/posts\/42050\/revisions\/51233"}],"wp:featuredmedia":[{"embeddable":true,"href":"https:\/\/www.greenpeace.org\/canada\/fr\/wp-json\/wp\/v2\/media\/42051"}],"wp:attachment":[{"href":"https:\/\/www.greenpeace.org\/canada\/fr\/wp-json\/wp\/v2\/media?parent=42050"}],"wp:term":[{"taxonomy":"category","embeddable":true,"href":"https:\/\/www.greenpeace.org\/canada\/fr\/wp-json\/wp\/v2\/categories?post=42050"},{"taxonomy":"post_tag","embeddable":true,"href":"https:\/\/www.greenpeace.org\/canada\/fr\/wp-json\/wp\/v2\/tags?post=42050"},{"taxonomy":"p4-page-type","embeddable":true,"href":"https:\/\/www.greenpeace.org\/canada\/fr\/wp-json\/wp\/v2\/p4-page-type?post=42050"}],"curies":[{"name":"wp","href":"https:\/\/api.w.org\/{rel}","templated":true}]}}