{"id":42268,"date":"2020-09-21T08:36:44","date_gmt":"2020-09-21T12:36:44","guid":{"rendered":"https:\/\/www.greenpeace.org\/canada\/?p=42268"},"modified":"2020-11-25T10:48:17","modified_gmt":"2020-11-25T15:48:17","slug":"six-types-demplois-convoites-en-prevision-dune-relance-juste-et-verte","status":"publish","type":"post","link":"https:\/\/www.greenpeace.org\/canada\/fr\/story\/42268\/six-types-demplois-convoites-en-prevision-dune-relance-juste-et-verte\/","title":{"rendered":"Six types d\u2019emplois convoit\u00e9s en pr\u00e9vision d\u2019une relance juste et verte"},"content":{"rendered":"\n<figure class=\"wp-block-image size-large  caption-style-medium caption-alignment-center\"><img loading=\"lazy\" decoding=\"async\" width=\"1024\" height=\"683\" src=\"https:\/\/www.greenpeace.org\/static\/planet4-canada-stateless\/2018\/06\/GP0STQ0U6-1024x683.jpg\" alt=\"Amsterdam Citizens Holding a Solar Panel\" class=\"wp-image-2164\" srcset=\"https:\/\/www.greenpeace.org\/static\/planet4-canada-stateless\/2018\/06\/GP0STQ0U6-1024x683.jpg 1024w, https:\/\/www.greenpeace.org\/static\/planet4-canada-stateless\/2018\/06\/GP0STQ0U6-300x200.jpg 300w, https:\/\/www.greenpeace.org\/static\/planet4-canada-stateless\/2018\/06\/GP0STQ0U6-768x512.jpg 768w, https:\/\/www.greenpeace.org\/static\/planet4-canada-stateless\/2018\/06\/GP0STQ0U6-510x340.jpg 510w, https:\/\/www.greenpeace.org\/static\/planet4-canada-stateless\/2018\/06\/GP0STQ0U6.jpg 1200w\" sizes=\"auto, (max-width: 1024px) 100vw, 1024px\" \/><\/figure>\n\n<p>Les plus belles journ\u00e9es de l\u2019\u00e9t\u00e9 sont derri\u00e8re nous, mais une <a href=\"https:\/\/act.greenpeace.org\/page\/60162\/action\/1?locale=fr-CA\">relance verte<\/a> nous attend au prochain tournant.<\/p>\n\n<p>Le premier ministre Justin Trudeau et la ministre des Finances Chrystia Freeland nous ont en effet promis une \u00ab&nbsp;relance juste et \u00e9quitable&nbsp;\u00bb au sortir de la pand\u00e9mie de la Covid-19. La cr\u00e9ation d\u2019emplois sera la pierre angulaire de ce programme, dont les d\u00e9tails seront divulgu\u00e9s lors du discours du Tr\u00f4ne du 23 septembre prochain. Nous ne pouvons pas manquer cette occasion extraordinaire de r\u00e9outiller notre \u00e9conomie.<\/p>\n\n<div class=\"wp-block-buttons aligncenter is-layout-flex wp-block-buttons-is-layout-flex\">\n<div class=\"wp-block-button is-style-cta\"><a class=\"wp-block-button__link\" href=\"https:\/\/act.greenpeace.org\/page\/60162\/action\/1?locale=fr-CA\">SIGNEZ LA P\u00c9TITION<\/a><\/div>\n<\/div>\n\n<p><strong>Voici donc six types d\u2019emplois convoit\u00e9s pouvant contribuer \u00e0 ce plan de relance.<\/strong><\/p>\n\n<h2 class=\"wp-block-heading\">1. Emplois li\u00e9s \u00e0 la r\u00e9habilitation des milieux naturels<\/h2>\n\n<figure class=\"wp-block-image size-large  caption-style-medium caption-alignment-center\"><img loading=\"lazy\" decoding=\"async\" width=\"1024\" height=\"683\" src=\"https:\/\/www.greenpeace.org\/static\/planet4-canada-stateless\/2020\/09\/89aec794-gp1su5zp_medium_res-1024x683.jpg\" alt=\"\" class=\"wp-image-42270\" srcset=\"https:\/\/www.greenpeace.org\/static\/planet4-canada-stateless\/2020\/09\/89aec794-gp1su5zp_medium_res-1024x683.jpg 1024w, https:\/\/www.greenpeace.org\/static\/planet4-canada-stateless\/2020\/09\/89aec794-gp1su5zp_medium_res-300x200.jpg 300w, https:\/\/www.greenpeace.org\/static\/planet4-canada-stateless\/2020\/09\/89aec794-gp1su5zp_medium_res-768x512.jpg 768w, https:\/\/www.greenpeace.org\/static\/planet4-canada-stateless\/2020\/09\/89aec794-gp1su5zp_medium_res-510x340.jpg 510w, https:\/\/www.greenpeace.org\/static\/planet4-canada-stateless\/2020\/09\/89aec794-gp1su5zp_medium_res.jpg 1200w\" sizes=\"auto, (max-width: 1024px) 100vw, 1024px\" \/><figcaption>A Greenpeace expert takes water samples to perform nitrate and phosphate measurements. There is a bathing ban in the Bad Zwischenahn Lake because of blue-green algae.\nEine Greenpeace Expertin nimmt Wasserproben, um Nitrat- und Phosphat-Messungen durchzufuehren. Im Bad Zwischenahner See gibt es eine Badeverbot wegen Blaualgen.<\/figcaption><\/figure>\n\n<p>&nbsp;Vous aimez travailler en plein-air? Cela tombe bien, puisque Greenpeace Canada propose la cr\u00e9ation d\u2019un <a href=\"https:\/\/www.greenpeace.org\/canada\/fr\/histoires\/40389\/quest-ce-quun-changement-systemique-et-comment-pouvons-nous-mieux-reconstruire-apres-la-covid-19\/\">programme f\u00e9d\u00e9ral<\/a>&nbsp; de r\u00e9habilitation des milieux naturels. Nous avons tendance \u00e0 oublier les immenses services accomplis par nos \u00e9cosyst\u00e8mes, que ce soit en mati\u00e8re de filtration de l\u2019eau, de contr\u00f4le des inondations, de gestion des ravageurs ou de s\u00e9curit\u00e9 alimentaire.<\/p>\n\n<p>Comme nous l\u2019avons <a href=\"https:\/\/www.greenpeace.org\/static\/planet4-canada-stateless\/2020\/07\/541cbcf3-wilkinson-critics-nature-based-solutions-letter.pdf\">\u00e9crit<\/a> au ministre de l\u2019Environnement Jonathan Wilkinson ce printemps, \u00ab&nbsp;la restauration des for\u00eats, tourbi\u00e8res, herbiers marins et milieux humides c\u00f4tiers, ainsi qu\u2019une meilleure capacit\u00e9 d\u2019absorption du carbone des p\u00e2turages et terres agricoles, doivent \u00eatre consid\u00e9r\u00e9s comme des \u00e9l\u00e9ments de r\u00e9habilitation prioritaires&nbsp;\u00bb. Des emplois pourraient \u00eatre cr\u00e9\u00e9s dans le but de restaurer le littoral, de replanter des esp\u00e8ces d\u2019arbres indig\u00e8nes, d\u2019\u00e9tablir des aires prot\u00e9g\u00e9es en territoire autochtone, d\u2019entretenir les aires prot\u00e9g\u00e9es existantes, de collecter des donn\u00e9es et d\u2019en assurer le suivi. <a href=\"https:\/\/www.weforum.org\/press\/2020\/07\/395-million-new-jobs-by-2030-if-businesses-prioritize-nature-says-world-economic-forum\/\">Selon le Forum \u00e9conomique mondial<\/a>, la valeur totale de ces solutions fond\u00e9es sur la nature s\u2019\u00e9l\u00e8ve \u00e0 10 billions de dollars. C\u2019est \u00e9norme!<\/p>\n\n<h2 class=\"wp-block-heading\">2.&nbsp; Emplois li\u00e9s \u00e0 l\u2019agriculture r\u00e9g\u00e9n\u00e9rative et de proximit\u00e9<\/h2>\n\n<figure class=\"wp-block-image size-large  caption-style-medium caption-alignment-center\"><img loading=\"lazy\" decoding=\"async\" width=\"800\" height=\"600\" src=\"http:\/\/www.greenpeace.org\/canada\/wp-content\/uploads\/2020\/07\/c1765972-gp0stp6tf_web_size_with_credit_line.jpg\" alt=\"\" class=\"wp-image-40951\" srcset=\"https:\/\/www.greenpeace.org\/static\/planet4-canada-stateless\/2020\/07\/c1765972-gp0stp6tf_web_size_with_credit_line.jpg 800w, https:\/\/www.greenpeace.org\/static\/planet4-canada-stateless\/2020\/07\/c1765972-gp0stp6tf_web_size_with_credit_line-300x225.jpg 300w, https:\/\/www.greenpeace.org\/static\/planet4-canada-stateless\/2020\/07\/c1765972-gp0stp6tf_web_size_with_credit_line-768x576.jpg 768w, https:\/\/www.greenpeace.org\/static\/planet4-canada-stateless\/2020\/07\/c1765972-gp0stp6tf_web_size_with_credit_line-453x340.jpg 453w\" sizes=\"auto, (max-width: 800px) 100vw, 800px\" \/><\/figure>\n\n<p>Le syst\u00e8me agroalimentaire actuel repose sur des exploitations industrielles de grande taille, reconnues pour leur pollution et leurs effets n\u00e9fastes sur la population. Le gouvernement f\u00e9d\u00e9ral pourrait favoriser une relance juste et verte en soutenant la cr\u00e9ation d\u2019emplois dans le secteur de l\u2019agriculture r\u00e9g\u00e9n\u00e9rative et communautaire (que vous connaissez peut-\u00eatre sous le nom d\u2019agriculture biologique). Ce type d\u2019agriculture mise sur la diversification des cultures et une cohabitation des esp\u00e8ces v\u00e9g\u00e9tales et animales inspir\u00e9e des \u00e9cosyst\u00e8mes naturels.<\/p>\n\n<p>La relance post-pand\u00e9mie pourrait inclure la cr\u00e9ation d\u2019emplois dans des exploitations agricoles de petite taille, des fermes urbaines, des march\u00e9s fermiers, des programmes communautaires, des programmes d\u2019assistance et de formation, des banques de semences et des centres de compostage, pour ne nommer que ces exemples. La recherche et le d\u00e9veloppement, ainsi que la transmission des savoirs ancestraux autochtones, devraient \u00e9galement \u00eatre encourag\u00e9s. Nous voulons prendre exemple sur <a href=\"https:\/\/www.greenpeace.org\/canada\/en\/story\/39956\/cheyenne-sundance-on-why-we-need-food-justice-now-and-after-covid-19\/\">Cheyenne Sundance<\/a>, la jeune agricultrice noire de Toronto, et faire en sorte que plus de fonds soient accord\u00e9s \u00e0 des projets comme Sundance Harvest.<\/p>\n\n<h2 class=\"wp-block-heading\">3. Emplois li\u00e9s \u00e0 l\u2019\u00e9conomie circulaire (r\u00e9paration, recharge et r\u00e9utilisation)<\/h2>\n\n<figure class=\"wp-block-image size-large  caption-style-medium caption-alignment-center\"><img loading=\"lazy\" decoding=\"async\" width=\"1024\" height=\"684\" src=\"https:\/\/www.greenpeace.org\/static\/planet4-canada-stateless\/2020\/09\/721ebb37-gp0sttoqi_medium_res-1024x684.jpg\" alt=\"\" class=\"wp-image-42272\" srcset=\"https:\/\/www.greenpeace.org\/static\/planet4-canada-stateless\/2020\/09\/721ebb37-gp0sttoqi_medium_res-1024x684.jpg 1024w, https:\/\/www.greenpeace.org\/static\/planet4-canada-stateless\/2020\/09\/721ebb37-gp0sttoqi_medium_res-300x201.jpg 300w, https:\/\/www.greenpeace.org\/static\/planet4-canada-stateless\/2020\/09\/721ebb37-gp0sttoqi_medium_res-768x513.jpg 768w, https:\/\/www.greenpeace.org\/static\/planet4-canada-stateless\/2020\/09\/721ebb37-gp0sttoqi_medium_res-510x340.jpg 510w, https:\/\/www.greenpeace.org\/static\/planet4-canada-stateless\/2020\/09\/721ebb37-gp0sttoqi_medium_res.jpg 1200w\" sizes=\"auto, (max-width: 1024px) 100vw, 1024px\" \/><\/figure>\n\n<p>En ce moment, notre \u00e9conomie est fond\u00e9e sur le mod\u00e8le \u00ab&nbsp;extraire, fabriquer, jeter&nbsp;\u00bb. Les entreprises exploitent des ressources naturelles pour produire des biens, elles engrangent les profits, puis elles laissent le public g\u00e9rer les rebuts. En revanche, l\u2019<a href=\"https:\/\/www.greenpeace.org\/canada\/fr\/histoires\/38316\/comment-une-veritable-economie-circulaire-pourrait-etre-la-reponse-a-notre-probleme-de-plastique\/\">\u00e9conomie circulaire<\/a> est fond\u00e9e sur l\u2019usage responsable des ressources naturelles, la r\u00e9paration des biens, et la r\u00e9utilisation des mat\u00e9riaux existants. C\u2019est la fin du tout-jetable, rien ne doit aboutir \u00e0 la d\u00e9charge!<\/p>\n\n<p>Si vous avez d\u00e9j\u00e0 fait vos achats dans une boutique d\u2019aliments en vrac, vous savez que le mod\u00e8le de recharge est en forte demande! Le gouvernement canadien pourrait saisir cette opportunit\u00e9 pour cr\u00e9er des emplois z\u00e9ro d\u00e9chet; pour d\u00e9velopper des fonds d\u2019innovation et des mod\u00e8les d\u2019affaires orient\u00e9s vers la recharge, la r\u00e9utilisation, la r\u00e9paration et le reconditionnement; et pour soutenir les entrepreneurs et entrepreneuses provenant de groupes minoritaires. Tout cela sans oublier les syst\u00e8mes de livraison de proximit\u00e9 et les cha\u00eenes d\u2019approvisionnement courtes, qui contribuent \u00e0 d\u00e9velopper la r\u00e9silience de l\u2019\u00e9conomie locale.<\/p>\n\n<h2 class=\"wp-block-heading\">4. Emplois dans le secteur des \u00e9nergies propres<\/h2>\n\n<figure class=\"wp-block-image size-large  caption-style-medium caption-alignment-center\"><img loading=\"lazy\" decoding=\"async\" width=\"1024\" height=\"787\" src=\"https:\/\/www.greenpeace.org\/static\/planet4-canada-stateless\/2019\/05\/8bb89e79-job_credit_paul-langrock-1024x787.jpg\" alt=\"\" class=\"wp-image-9047\" srcset=\"https:\/\/www.greenpeace.org\/static\/planet4-canada-stateless\/2019\/05\/8bb89e79-job_credit_paul-langrock-1024x787.jpg 1024w, https:\/\/www.greenpeace.org\/static\/planet4-canada-stateless\/2019\/05\/8bb89e79-job_credit_paul-langrock-300x230.jpg 300w, https:\/\/www.greenpeace.org\/static\/planet4-canada-stateless\/2019\/05\/8bb89e79-job_credit_paul-langrock-768x590.jpg 768w, https:\/\/www.greenpeace.org\/static\/planet4-canada-stateless\/2019\/05\/8bb89e79-job_credit_paul-langrock-1778x1366.jpg 1778w, https:\/\/www.greenpeace.org\/static\/planet4-canada-stateless\/2019\/05\/8bb89e79-job_credit_paul-langrock-443x340.jpg 443w\" sizes=\"auto, (max-width: 1024px) 100vw, 1024px\" \/><\/figure>\n\n<p>Beaucoup de gens craignent la transition \u00e9cologique en raison des effets qu\u2019elle pourrait avoir sur leur mode de vie et leur source de revenus, ce qui est tout \u00e0 fait l\u00e9gitime. Mais nous pouvons faire en sorte que cette transition soit bienveillante et ax\u00e9e sur la requalification professionnelle. Les travailleurs et travailleuses de l\u2019industrie fossile devraient avoir acc\u00e8s \u00e0 des emplois de qualit\u00e9 \u00e9quivalente dans les secteurs \u00e9olien, solaire, g\u00e9othermique et de l\u2019<a href=\"https:\/\/www.greenpeace.org\/new-zealand\/press-release\/hydrogen-vision-from-govt-cautiously-welcomed-by-greenpeace-with-warning\/\">hydrog\u00e8ne propre<\/a>. Des investissements cibl\u00e9s dans les \u00e9nergies renouvelables pourraient m\u00eame cr\u00e9er l\u2019\u00e9quivalent de 670&nbsp;000 emplois \u00e0 temps plein, selon une <a href=\"https:\/\/www.corporateknights.com\/channels\/climate-and-carbon\/final-roundtable-clean-economy-projects-create-670000-jobs-per-year-15912795\/\">\u00e9tude de Corporate Knights<\/a>.<\/p>\n\n<p>Encore plus d\u2019emplois peuvent \u00eatre cr\u00e9\u00e9s \u00e0 l\u2019\u00e9chelle locale, si l\u2019on tient compte de secteurs tels que la r\u00e9novation \u00e9co\u00e9nerg\u00e9tique et la construction de logements sociaux \u00e0 faible empreinte carbone. Les opportunit\u00e9s d\u2019emploi ne manquent pas non plus dans la fabrication de v\u00e9hicules \u00e9lectriques, la recherche scientifique, les transports en commun et les soins personnels aux enfants et aux a\u00een\u00e9s, qui sont tous des domaines \u00e0 faible empreinte carbone.<\/p>\n\n<h4 class=\"has-green-500-color has-text-color wp-block-heading\">Maintenant, profitons-en pour faire un peu d\u2019autopromotion. Cherchez-vous une nouvelle opportunit\u00e9 de carri\u00e8re? La relance juste et verte peut prendre forme ici m\u00eame, chez Greenpeace Canada! Jetez un coup d\u2019\u0153il \u00e0 ces offres d\u2019emploi et diffusez-les dans vos r\u00e9seaux. ?<\/h4>\n\n<h2 class=\"wp-block-heading\">5. Responsable de la campagne Climat, Greenpeace Canada<\/h2>\n\n<p>\u00c0 quoi devrait ressembler l\u2019avenir de Greenpeace et du mouvement pour le climat? Nous aimerions savoir ce que vous en pensez, alors <a href=\"https:\/\/www.greenpeace.org\/canada\/en\/job\/41671\/head-of-climate\/\">postulez pour devenir responsable de notre campagne Climat<\/a><a href=\"#_msocom_2\">[PP2]<\/a>&nbsp;. Les <a href=\"https:\/\/www.greenpeace.org\/canada\/fr\/tag\/climat\/\">changements climatiques<\/a> sont l\u2019un des plus s\u00e9rieux probl\u00e8mes auxquels l\u2019humanit\u00e9 a \u00e9t\u00e9 confront\u00e9e, et <a href=\"https:\/\/ici.radio-canada.ca\/nouvelle\/1161815\/rechauffement-climatique-climat-rapport-fuites#:~:text=Le%20Canada%20se%20r%C3%A9chauffe%2C%20en,Environnement%20Canada%20rendu%20public%20lundi.&amp;text=Dans%20le%20nord%20du%20Canada,de%202%2C3%20%C2%B0C.\">le Canada se r\u00e9chauffe deux fois plus vite que le reste du monde<\/a>, alors il va sans dire que ce poste est l\u2019un des plus importants au sein de notre organisation. Pour d\u00e9carboniser l\u2019\u00e9conomie canadienne et appuyer les revendications climatiques des communaut\u00e9s autochtones, racialis\u00e9es et \u00e0 faible revenu, nous avons besoin de toute votre \u00e9nergie!<\/p>\n\n<figure class=\"wp-block-embed-twitter wp-block-embed is-type-rich is-provider-twitter\"><div class=\"wp-block-embed__wrapper\">\n<blockquote class=\"twitter-tweet\" data-width=\"500\" data-dnt=\"true\"><p lang=\"fr\" dir=\"ltr\">Nous recherchons 2 talents pour rejoindre notre \u00e9quipe:<br>&#8211; Un\u00b7e responsable de la campagne climat;<br>&#8211; Un\u00b7e adjoint\u00b7e \u00e0 la directrice g\u00e9n\u00e9rale<br><br>Est-ce que ce sera vous? <br><br>Tous les d\u00e9tails ?  <a href=\"https:\/\/t.co\/Nwjsq6no6a\">https:\/\/t.co\/Nwjsq6no6a<\/a><\/p>&mdash; Greenpeace Qu\u00e9bec (@greenpeaceQC) <a href=\"https:\/\/twitter.com\/greenpeaceQC\/status\/1301868134421401609?ref_src=twsrc%5Etfw\">September 4, 2020<\/a><\/blockquote><script async src=\"https:\/\/platform.twitter.com\/widgets.js\" charset=\"utf-8\"><\/script>\n<\/div><\/figure>\n\n<p><\/p>\n\n<h2 class=\"wp-block-heading\">6. Adjoint\u00b7e \u00e0 la directrice g\u00e9n\u00e9rale, Greenpeace Canada<\/h2>\n\n<p>Si vous r\u00eavez de pr\u00eater main forte \u00e0 notre directrice g\u00e9n\u00e9rale Christy Ferguson, ne manquez pas l\u2019opportunit\u00e9 d\u2019<a href=\"https:\/\/www.greenpeace.org\/canada\/en\/job\/41677\/executive-assistant\">appliquer \u00e0 ce poste d\u2019adjoint\u00b7e \u00e0 la direction<\/a>. Vous ferez progresser votre carri\u00e8re et mettrez \u00e0 profit votre fibre militante en d\u00e9veloppant des strat\u00e9gies \u00e0 l\u2019interne, en \u00e9troite collaboration avec la haute direction, le <a href=\"https:\/\/www.greenpeace.org\/canada\/fr\/qui-sommes-nous\/\">conseil d\u2019administration<\/a> et le reste de notre personnel d\u00e9vou\u00e9. J\u2019ai moi-m\u00eame occup\u00e9 ce poste il y a quelques ann\u00e9es, et je peux vous confirmer qu\u2019il est exaltant! Apprenez-en plus sur la femme courageuse, astucieuse et bienveillante qui pourrait \u00eatre votre future coll\u00e8gue <a href=\"https:\/\/www.greenpeace.org\/canada\/fr\/histoires\/9031\/du-role-de-mere-a-celui-de-leader-on-vous-devoile-notre-nouvelle-directrice-generale\/\">dans cette entrevue<\/a>.<\/p>\n\n<hr class=\"wp-block-separator\"\/>\n\n<figure class=\"wp-block-embed-twitter wp-block-embed is-type-rich is-provider-twitter\"><div class=\"wp-block-embed__wrapper\">\n<blockquote class=\"twitter-tweet\" data-width=\"500\" data-dnt=\"true\"><p lang=\"fr\" dir=\"ltr\">Peut-on \u00eatre m\u00e8re et activiste pour le climat? La r\u00e9ponse est mille fois OUI ! Voici Christy Ferguson, la nouvelle directrice g\u00e9n\u00e9rale de Greenpeace Canada, et d\u00e9couvrez sa vision \u2192 <a href=\"https:\/\/t.co\/g9SMi27T9y\">https:\/\/t.co\/g9SMi27T9y<\/a> <a href=\"https:\/\/t.co\/jpRrgbcha0\">pic.twitter.com\/jpRrgbcha0<\/a><\/p>&mdash; Greenpeace Qu\u00e9bec (@greenpeaceQC) <a href=\"https:\/\/twitter.com\/greenpeaceQC\/status\/1133853322471804928?ref_src=twsrc%5Etfw\">May 29, 2019<\/a><\/blockquote><script async src=\"https:\/\/platform.twitter.com\/widgets.js\" charset=\"utf-8\"><\/script>\n<\/div><\/figure>\n\n<p><\/p>\n","protected":false},"excerpt":{"rendered":"<p>Les plus belles journ\u00e9es de l\u2019\u00e9t\u00e9 sont derri\u00e8re nous, mais une relance verte nous attend au prochain tournant.<\/p>\n","protected":false},"author":18,"featured_media":42551,"comment_status":"open","ping_status":"open","sticky":false,"template":"","format":"standard","meta":{"ep_exclude_from_search":false,"p4_og_title":"","p4_og_description":"","p4_og_image":"","p4_og_image_id":"","p4_seo_canonical_url":"","p4_campaign_name":"not set","p4_local_project":"not set","p4_basket_name":"not set","p4_department":"","footnotes":""},"categories":[21,21],"tags":[41,43,72],"p4-page-type":[16],"class_list":{"0":"post-42268","1":"post","2":"type-post","3":"status-publish","4":"format-standard","5":"has-post-thumbnail","6":"hentry","7":"category-vivre-de-facon-durable","9":"tag-climat","10":"tag-forets","11":"tag-plastique","12":"p4-page-type-story"},"_links":{"self":[{"href":"https:\/\/www.greenpeace.org\/canada\/fr\/wp-json\/wp\/v2\/posts\/42268","targetHints":{"allow":["GET"]}}],"collection":[{"href":"https:\/\/www.greenpeace.org\/canada\/fr\/wp-json\/wp\/v2\/posts"}],"about":[{"href":"https:\/\/www.greenpeace.org\/canada\/fr\/wp-json\/wp\/v2\/types\/post"}],"author":[{"embeddable":true,"href":"https:\/\/www.greenpeace.org\/canada\/fr\/wp-json\/wp\/v2\/users\/18"}],"replies":[{"embeddable":true,"href":"https:\/\/www.greenpeace.org\/canada\/fr\/wp-json\/wp\/v2\/comments?post=42268"}],"version-history":[{"count":10,"href":"https:\/\/www.greenpeace.org\/canada\/fr\/wp-json\/wp\/v2\/posts\/42268\/revisions"}],"predecessor-version":[{"id":44854,"href":"https:\/\/www.greenpeace.org\/canada\/fr\/wp-json\/wp\/v2\/posts\/42268\/revisions\/44854"}],"wp:featuredmedia":[{"embeddable":true,"href":"https:\/\/www.greenpeace.org\/canada\/fr\/wp-json\/wp\/v2\/media\/42551"}],"wp:attachment":[{"href":"https:\/\/www.greenpeace.org\/canada\/fr\/wp-json\/wp\/v2\/media?parent=42268"}],"wp:term":[{"taxonomy":"category","embeddable":true,"href":"https:\/\/www.greenpeace.org\/canada\/fr\/wp-json\/wp\/v2\/categories?post=42268"},{"taxonomy":"post_tag","embeddable":true,"href":"https:\/\/www.greenpeace.org\/canada\/fr\/wp-json\/wp\/v2\/tags?post=42268"},{"taxonomy":"p4-page-type","embeddable":true,"href":"https:\/\/www.greenpeace.org\/canada\/fr\/wp-json\/wp\/v2\/p4-page-type?post=42268"}],"curies":[{"name":"wp","href":"https:\/\/api.w.org\/{rel}","templated":true}]}}