{"id":4282,"date":"2018-09-12T08:16:18","date_gmt":"2018-09-12T12:16:18","guid":{"rendered":"https:\/\/www.greenpeace.org\/canada\/?p=4282"},"modified":"2021-12-06T06:33:31","modified_gmt":"2021-12-06T11:33:31","slug":"le-jour-ou-jai-pris-conscience-du-probleme-de-la-pollution-plastique","status":"publish","type":"post","link":"https:\/\/www.greenpeace.org\/canada\/fr\/histoire\/4282\/le-jour-ou-jai-pris-conscience-du-probleme-de-la-pollution-plastique\/","title":{"rendered":"Le jour o\u00f9 j\u2019ai pris conscience du probl\u00e8me de la pollution plastique"},"content":{"rendered":"<p class=\"Normal1\"><span lang=\"FR-CA\">Il y a quelques ann\u00e9es, j\u2019ai eu le plaisir d\u2019enseigner la plong\u00e9e \u00e0 un jeune couple, sur l\u2019un de mes r\u00e9cifs pr\u00e9f\u00e9r\u00e9s en Tha\u00eflande. Les conditions m\u00e9t\u00e9orologiques \u00e9taient parfaites, les courants \u00e9taient faibles, et nous avions une excellente visibilit\u00e9 de la superbe topographie et des riches coraux aux couleurs \u00e9clatantes. Malgr\u00e9 le r\u00e9gulateur, je pouvais apercevoir un sourire sur le visage de mes \u00e9l\u00e8ves.<\/span><\/p>\n<div id=\"attachment_4289\" style=\"width: 1034px\" class=\"wp-caption alignleft\"><img loading=\"lazy\" decoding=\"async\" aria-describedby=\"caption-attachment-4289\" class=\"size-large wp-image-4289\" src=\"https:\/\/www.greenpeace.org\/static\/planet4-canada-stateless\/2018\/09\/e58e82c8-perfect_reef-1024x768.jpg\" alt=\"R\u00e9cif corallien foisonnant de vie, dans la mer d\u2019Andaman, en Tha\u00eflande.\" width=\"1024\" height=\"768\" srcset=\"https:\/\/www.greenpeace.org\/static\/planet4-canada-stateless\/2018\/09\/e58e82c8-perfect_reef-1024x768.jpg 1024w, https:\/\/www.greenpeace.org\/static\/planet4-canada-stateless\/2018\/09\/e58e82c8-perfect_reef-300x225.jpg 300w, https:\/\/www.greenpeace.org\/static\/planet4-canada-stateless\/2018\/09\/e58e82c8-perfect_reef-768x576.jpg 768w, https:\/\/www.greenpeace.org\/static\/planet4-canada-stateless\/2018\/09\/e58e82c8-perfect_reef-1821x1366.jpg 1821w, https:\/\/www.greenpeace.org\/static\/planet4-canada-stateless\/2018\/09\/e58e82c8-perfect_reef-453x340.jpg 453w\" sizes=\"auto, (max-width: 1024px) 100vw, 1024px\" \/><p id=\"caption-attachment-4289\" class=\"wp-caption-text\">R\u00e9cif corallien foisonnant de vie, dans la mer d\u2019Andaman, en Tha\u00eflande.<\/p><\/div>\n<p>La plong\u00e9e n\u2019aurait pas pu \u00eatre meilleure jusqu\u2019\u00e0 ce que nous entamions notre retour vers le bateau. En remontant le long du r\u00e9cif, j\u2019ai remarqu\u00e9 un changement dans le courant. C&rsquo;est \u00e0 ce moment que d\u2019\u00e9normes quantit\u00e9s de d\u00e9chets, plastiques pour la plupart, ont commenc\u00e9 \u00e0 envahir la zone.<\/p>\n<p>J\u2019ai vu des petits poissons de r\u00e9cif nager parmi les pailles, les sacs de plastique et les fragments d&#8217;emballages, et j\u2019ai m\u00eame constat\u00e9 qu\u2019ils picoraient ces d\u00e9chets. En terminant la\u00a0<span lang=\"FR-CA\">plong\u00e9e et en remontant \u00e0 bord du bateau, nous avions du plastique tout autour de nous. L\u2019eau ressemblait davantage \u00e0 un d\u00e9potoir qu\u2019\u00e0 l\u2019oc\u00e9an.<\/span><\/p>\n<div id=\"attachment_4283\" style=\"width: 1034px\" class=\"wp-caption alignleft\"><img loading=\"lazy\" decoding=\"async\" aria-describedby=\"caption-attachment-4283\" class=\"size-large wp-image-4283\" src=\"https:\/\/www.greenpeace.org\/static\/planet4-canada-stateless\/2018\/09\/df98570a-img_2145-1024x768.jpg\" alt=\"Cette plie appartient \u00e0 l\u2019oc\u00e9an. Les d\u00e9chets, non!\" width=\"1024\" height=\"768\" srcset=\"https:\/\/www.greenpeace.org\/static\/planet4-canada-stateless\/2018\/09\/df98570a-img_2145-1024x768.jpg 1024w, https:\/\/www.greenpeace.org\/static\/planet4-canada-stateless\/2018\/09\/df98570a-img_2145-300x225.jpg 300w, https:\/\/www.greenpeace.org\/static\/planet4-canada-stateless\/2018\/09\/df98570a-img_2145-768x576.jpg 768w, https:\/\/www.greenpeace.org\/static\/planet4-canada-stateless\/2018\/09\/df98570a-img_2145-1821x1366.jpg 1821w, https:\/\/www.greenpeace.org\/static\/planet4-canada-stateless\/2018\/09\/df98570a-img_2145-453x340.jpg 453w\" sizes=\"auto, (max-width: 1024px) 100vw, 1024px\" \/><p id=\"caption-attachment-4283\" class=\"wp-caption-text\">Cette plie appartient \u00e0 l\u2019oc\u00e9an. Les d\u00e9chets, non!<\/p><\/div>\n<p>&nbsp;<\/p>\n<div id=\"attachment_4287\" style=\"width: 1034px\" class=\"wp-caption alignleft\"><img loading=\"lazy\" decoding=\"async\" aria-describedby=\"caption-attachment-4287\" class=\"size-large wp-image-4287\" src=\"https:\/\/www.greenpeace.org\/static\/planet4-canada-stateless\/2018\/09\/d713bd02-img_6131-1024x768.jpg\" alt=\"D\u00e9chets plastiques recueillis pendant la plong\u00e9e.\" width=\"1024\" height=\"768\" srcset=\"https:\/\/www.greenpeace.org\/static\/planet4-canada-stateless\/2018\/09\/d713bd02-img_6131-1024x768.jpg 1024w, https:\/\/www.greenpeace.org\/static\/planet4-canada-stateless\/2018\/09\/d713bd02-img_6131-300x225.jpg 300w, https:\/\/www.greenpeace.org\/static\/planet4-canada-stateless\/2018\/09\/d713bd02-img_6131-768x576.jpg 768w, https:\/\/www.greenpeace.org\/static\/planet4-canada-stateless\/2018\/09\/d713bd02-img_6131-1821x1366.jpg 1821w, https:\/\/www.greenpeace.org\/static\/planet4-canada-stateless\/2018\/09\/d713bd02-img_6131-453x340.jpg 453w\" sizes=\"auto, (max-width: 1024px) 100vw, 1024px\" \/><p id=\"caption-attachment-4287\" class=\"wp-caption-text\">D\u00e9chets plastiques recueillis pendant la plong\u00e9e. Trop faciles \u00e0 trouver.<\/p><\/div>\n<h2>Quel dommage le plastique fait-il \u00e0 nos oc\u00e9ans?<\/h2>\n<p>Au cours de la derni\u00e8re d\u00e9cennie, les plongeurs et les amoureux de la plage ont connu une \u00e9volution consid\u00e9rable des oc\u00e9ans.<\/p>\n<p>M\u00eame les endroits tr\u00e8s \u00e9loign\u00e9s sont envahis de <a href=\"https:\/\/www.greenpeace.fr\/les-plastiques-nont-rien-a-faire-en-antarctique\/\" target=\"_blank\" rel=\"noopener noreferrer\">plastiques et d\u2019autres produits chimiques<\/a>. Les plastiques polluent nos oc\u00e9ans et s\u2019y accumulent \u00e0 un rythme alarmant. Chaque ann\u00e9e,\u00a0<a href=\"https:\/\/www.greenpeace.org\/canada\/fr\/non-classifiee\/4299\/faits-saillants-et-informations-sur-le-plastique\/\" target=\"_blank\" rel=\"noopener noreferrer\">jusqu\u2019\u00e0 12\u00a0millions de tonnes de d\u00e9chets plastique<\/a>\u00a0terminent dans les oc\u00e9ans. Cette \u00e9norme quantit\u00e9 de plastique fait des ravages dans l\u2019environnement sous-marin et particuli\u00e8rement aupr\u00e8s des cr\u00e9atures marines comme les <a href=\"https:\/\/helpsavenature.com\/effects-of-plastic-on-marine-life\" target=\"_blank\" rel=\"noopener noreferrer\">tortues de mer<\/a> et les <a href=\"https:\/\/ocean.si.edu\/ocean-life\/seabirds\/laysan-albatrosses-plastic-problem\" target=\"_blank\" rel=\"noopener noreferrer\">oiseaux de mer<\/a> qui confondent le plastique avec la nourriture.<\/p>\n<p>Cette pollution conduit nos oc\u00e9ans au d\u00e9sastre. \u00c0 moins de proc\u00e9der \u00e0 des changements radicaux, nos oc\u00e9ans, les \u00eatres vivants qui les peuplent et m\u00eame l\u2019humanit\u00e9 seront en danger.<\/p>\n<h2>Nous devons mettre fin \u00e0 la pollution par le plastique \u00e0 la source<\/h2>\n<p>Depuis ma prise de conscience lors de cette plong\u00e9e fatidique, j&rsquo;ai d\u00e9cid\u00e9 de me porter \u00e0 la d\u00e9fense des oc\u00e9ans en faisant passer le message aux gens du monde entier pour dire <a href=\"https:\/\/www.divein.com\/articles\/ocean-pollution\/\" target=\"_blank\" rel=\"noopener noreferrer\">\u00e0 quel point la pollution des oc\u00e9ans est destructrice<\/a>, non seulement pour la vie marine, mais aussi pour l\u2019humanit\u00e9.<\/p>\n<p>Il existe plusieurs moyens pour faire faire entendre sa voix. Il va de soi que nous devons faire tout ce qui est en notre pouvoir pour \u00e9viter les plastiques \u00e0 usage unique comme apporter son propre sac r\u00e9utilisable au magasin, utiliser une bouteille d\u2019eau r\u00e9utilisable et refuser les pailles et les emballages en plastique chaque fois que c\u2019est possible.<\/p>\n<p>\u00c0 mes amis plongeurs, je sugg\u00e8re toujours de ramasser les d\u00e9chets lors de leur plong\u00e9e et de les mettre dans la poche de leur gilet de flottabilit\u00e9. Ou encore, de ramasser le plastique lorsqu&rsquo;on marche le long d&rsquo;une plage. Il est possible que ces petits gestes puissent sauver la vie d\u2019une cr\u00e9ature marine.<\/p>\n<div id=\"attachment_4285\" style=\"width: 1034px\" class=\"wp-caption alignleft\"><img loading=\"lazy\" decoding=\"async\" aria-describedby=\"caption-attachment-4285\" class=\"size-large wp-image-4285\" src=\"https:\/\/www.greenpeace.org\/static\/planet4-canada-stateless\/2018\/09\/f3eaa415-img_6089-1024x768.jpg\" alt=\"Cueillette de d\u00e9chets de plastique pendant une plong\u00e9e.\" width=\"1024\" height=\"768\" srcset=\"https:\/\/www.greenpeace.org\/static\/planet4-canada-stateless\/2018\/09\/f3eaa415-img_6089-1024x768.jpg 1024w, https:\/\/www.greenpeace.org\/static\/planet4-canada-stateless\/2018\/09\/f3eaa415-img_6089-300x225.jpg 300w, https:\/\/www.greenpeace.org\/static\/planet4-canada-stateless\/2018\/09\/f3eaa415-img_6089-768x576.jpg 768w, https:\/\/www.greenpeace.org\/static\/planet4-canada-stateless\/2018\/09\/f3eaa415-img_6089-1821x1366.jpg 1821w, https:\/\/www.greenpeace.org\/static\/planet4-canada-stateless\/2018\/09\/f3eaa415-img_6089-453x340.jpg 453w\" sizes=\"auto, (max-width: 1024px) 100vw, 1024px\" \/><p id=\"caption-attachment-4285\" class=\"wp-caption-text\">La cueillette de d\u00e9chets de plastique pendant une plong\u00e9e a eu un effet d\u2019entra\u00eenement\u00a0: d\u2019autres plongeurs ont commenc\u00e9 \u00e0 remarquer les d\u00e9chets et \u00e0 les ramasser.<\/p><\/div>\n<p>Mais mon constat est que nous devons aller plus loin, car les gestes individuels ne suffiront jamais \u00e0 r\u00e9soudre cette crise de pollution plastique, \u00e0 moins que les entreprises ne cessent en premier lieu de produire autant d&#8217;emballages jetables.<\/p>\n<h2>Comment pouvons-nous amener les entreprises \u00e0 modifier leurs fa\u00e7ons de faire?<\/h2>\n<p>En juin dernier, j\u2019ai lu un <a href=\"https:\/\/www.greenpeace.org\/usa\/where-corporations-are-failing-people-like-you-are-solving-the-plastic-pollution-crisis\/\" target=\"_blank\" rel=\"noopener noreferrer\">blogue<\/a> de Greenpeace et je m\u2019en suis inspir\u00e9 pour d\u00e9couvrir toutes les fa\u00e7ons possibles de faire savoir aux entreprises qu\u2019elles devaient r\u00e9duire leur utilisation de mati\u00e8res plastiques \u00e0 usage unique.<\/p>\n<p>Un moyen en particulier a attir\u00e9 mon attention, car il est simple \u00e0 reproduire et parfait pour la communaut\u00e9 de plong\u00e9e ou toute autre personne qui aime passer du temps dans la nature : <strong>si vous trouvez des d\u00e9chets plastiques sur lesquels la marque est clairement identifiable<\/strong>, dans l\u2019oc\u00e9an, sur une plage ou un sentier ou m\u00eame sur le bord de la route, <strong>voici la marche \u00e0 suivre<\/strong> :<\/p>\n<p><strong>1. Prenez une photo<\/strong><br \/>\n<strong>2. Publiez-la<\/strong> <strong>sur les r\u00e9seaux sociaux<\/strong> en utilisant le mot-clic <strong><a href=\"https:\/\/www.instagram.com\/explore\/tags\/isthisyours\/\" target=\"_blank\" rel=\"noopener noreferrer\">#IsThisYours?<\/a><\/strong>\u00a0et <strong>#TonPlastiqueTraine!<br \/>\n3. Prenez soin de<\/strong> <strong>taguer la marque<\/strong> en question.<\/p>\n<p>C\u2019est un excellent moyen de lancer un appel aux entreprises et de faire prendre conscience de leur responsabilit\u00e9 dans cette pollution qu\u2019elles alimentent jour apr\u00e8s jour \u00e0 coup d&#8217;emballage inutiles.<\/p>\n<blockquote class=\"instagram-media\" style=\"background: #FFF; border: 0; border-radius: 3px; box-shadow: 0 0 1px 0 rgba(0,0,0,0.5),0 1px 10px 0 rgba(0,0,0,0.15); margin: 1px; max-width: 540px; min-width: 326px; padding: 0; width: calc(100% - 2px);\" data-instgrm-captioned=\"\" data-instgrm-permalink=\"https:\/\/www.instagram.com\/p\/BnJxxgKHMCq\/?utm_source=ig_embed_loading\" data-instgrm-version=\"12\">\n<div style=\"padding: 16px;\">\n<p>&nbsp;<\/p>\n<div style=\"display: flex; flex-direction: row; align-items: center;\">\n<div style=\"background-color: #f4f4f4; border-radius: 50%; flex-grow: 0; height: 40px; margin-right: 14px; width: 40px;\"><\/div>\n<div style=\"display: flex; flex-direction: column; flex-grow: 1; justify-content: center;\">\n<div style=\"background-color: #f4f4f4; border-radius: 4px; flex-grow: 0; height: 14px; margin-bottom: 6px; width: 100px;\"><\/div>\n<div style=\"background-color: #f4f4f4; border-radius: 4px; flex-grow: 0; height: 14px; width: 60px;\"><\/div>\n<\/div>\n<\/div>\n<div style=\"padding: 19% 0;\"><\/div>\n<div style=\"display: block; height: 50px; margin: 0 auto 12px; width: 50px;\"><\/div>\n<div style=\"padding-top: 8px;\">\n<div style=\"color: #3897f0; font-family: Arial,sans-serif; font-size: 14px; font-style: normal; font-weight: 550; line-height: 18px;\">View this post on Instagram<\/div>\n<\/div>\n<div style=\"padding: 12.5% 0;\"><\/div>\n<div style=\"display: flex; flex-direction: row; margin-bottom: 14px; align-items: center;\">\n<div>\n<div style=\"background-color: #f4f4f4; border-radius: 50%; height: 12.5px; width: 12.5px; transform: translateX(0px) translateY(7px);\"><\/div>\n<div style=\"background-color: #f4f4f4; height: 12.5px; transform: rotate(-45deg) translateX(3px) translateY(1px); width: 12.5px; flex-grow: 0; margin-right: 14px; margin-left: 2px;\"><\/div>\n<div style=\"background-color: #f4f4f4; border-radius: 50%; height: 12.5px; width: 12.5px; transform: translateX(9px) translateY(-18px);\"><\/div>\n<\/div>\n<div style=\"margin-left: 8px;\">\n<div style=\"background-color: #f4f4f4; border-radius: 50%; flex-grow: 0; height: 20px; width: 20px;\"><\/div>\n<div style=\"width: 0; height: 0; border-top: 2px solid transparent; border-left: 6px solid #f4f4f4; border-bottom: 2px solid transparent; transform: translateX(16px) translateY(-4px) rotate(30deg);\"><\/div>\n<\/div>\n<div style=\"margin-left: auto;\">\n<div style=\"width: 0px; border-top: 8px solid #F4F4F4; border-right: 8px solid transparent; transform: translateY(16px);\"><\/div>\n<div style=\"background-color: #f4f4f4; flex-grow: 0; height: 12px; width: 16px; transform: translateY(-4px);\"><\/div>\n<div style=\"width: 0; height: 0; border-top: 8px solid #F4F4F4; border-left: 8px solid transparent; transform: translateY(-4px) translateX(8px);\"><\/div>\n<\/div>\n<\/div>\n<p>&nbsp;<\/p>\n<p style=\"margin: 8px 0 0 0; padding: 0 4px;\"><a style=\"color: #000; font-family: Arial,sans-serif; font-size: 14px; font-style: normal; font-weight: normal; line-height: 17px; text-decoration: none; word-wrap: break-word;\" href=\"https:\/\/www.instagram.com\/p\/BnJxxgKHMCq\/?utm_source=ig_embed_loading\" target=\"_blank\" rel=\"noopener noreferrer\">Hey @lipton @unilever #isthisyours @greenpeace @allimak88<\/a><\/p>\n<p style=\"color: #c9c8cd; font-family: Arial,sans-serif; font-size: 14px; line-height: 17px; margin-bottom: 0; margin-top: 8px; overflow: hidden; padding: 8px 0 7px; text-align: center; text-overflow: ellipsis; white-space: nowrap;\">A post shared by <a style=\"color: #c9c8cd; font-family: Arial,sans-serif; font-size: 14px; font-style: normal; font-weight: normal; line-height: 17px;\" href=\"https:\/\/www.instagram.com\/torbenlonne\/?utm_source=ig_embed_loading\" target=\"_blank\" rel=\"noopener noreferrer\"> Torben Lonne<\/a> (@torbenlonne) on <time style=\"font-family: Arial,sans-serif; font-size: 14px; line-height: 17px;\" datetime=\"2018-08-31T18:08:42+00:00\">Aug 31, 2018 at 11:08am PDT<\/time><\/p>\n<\/div>\n<\/blockquote>\n<p><script async defer src=\"\/\/www.instagram.com\/embed.js\"><\/script><br \/>\nIl existe <a href=\"https:\/\/act.gp\/2oUZeHx\" target=\"_blank\" rel=\"noopener noreferrer\">beaucoup d\u2019autres fa\u00e7ons d\u2019agir<\/a>. Vous pouvez r\u00e9unir quelques amis et tenter de convaincre les supermarch\u00e9s, les restaurants et les comptoirs d\u2019aliments \u00e0 emporter de votre localit\u00e9 de se d\u00e9barrasser de r\u00e9duire leur empreinte plastique. Une autre excellente fa\u00e7on de faire est d\u2019envoyer une lettre au r\u00e9dacteur en chef de votre journal local et de mettre en lumi\u00e8re l\u2019impact de la pollution plastique dans votre communaut\u00e9.<\/p>\n<p>Le monde sous-marin est vraiment spectaculaire et offre une grande vari\u00e9t\u00e9 d\u2019esp\u00e8ces vivantes, sur fond de coraux incroyablement color\u00e9s et de paysages sous-marins sensationnels. Si vous n\u2019avez jamais fait de plong\u00e9e auparavant, il n\u2019est jamais trop tard pour commencer. Et m\u00eame si vous ne voyez jamais le monde sous-marin par vous-m\u00eame, sachez qu\u2019il existe, qu\u2019il est incroyablement beau, et qu&rsquo;il doit le rester. J&rsquo;esp\u00e8re que nous devons faire tout notre possible pour le prot\u00e9ger.<\/p>\n<p><img loading=\"lazy\" decoding=\"async\" class=\"alignleft size-thumbnail wp-image-4291\" src=\"https:\/\/www.greenpeace.org\/static\/planet4-canada-stateless\/2018\/09\/dfbaa9a3-screen-shot-2018-08-28-at-4.18.16-pm-150x150.png\" alt=\"Torben Lonne\" width=\"150\" height=\"150\" \/><\/p>\n<p><em>Torben Lonne est parent, plongeur et amoureux de l\u2019oc\u00e9an, et il est profond\u00e9ment inquiet par la fa\u00e7on dont nous traitons nos oc\u00e9ans. Il dirige le magazine en ligne <a href=\"https:\/\/www.divein.com\/\" target=\"_blank\" rel=\"noopener noreferrer\">Divein.com<\/a> sur la plong\u00e9e sous-marine et sur la mani\u00e8re dont les plongeurs peuvent faire une diff\u00e9rence positive pour l\u2019environnement. Ses propos\u00a0: \u00ab\u00a0L\u2019une de mes plus grandes craintes est de ne jamais pouvoir enseigner la plong\u00e9e \u00e0 mes enfants, car il ne leur restera plus rien \u00e0 voir.\u00a0\u00bb<\/em><\/p>\n<div class=\"EmptyMessage\">Block content is empty. Check the block&rsquo;s settings or remove it.<\/div>","protected":false},"excerpt":{"rendered":"<p>Il y a quelques ann\u00e9es, j\u2019ai eu le plaisir d\u2019enseigner la plong\u00e9e \u00e0 un jeune couple, sur l\u2019un de mes r\u00e9cifs pr\u00e9f\u00e9r\u00e9s en Tha\u00eflande. Les conditions m\u00e9t\u00e9orologiques \u00e9taient parfaites, les&hellip;<\/p>\n","protected":false},"author":16,"featured_media":4289,"comment_status":"open","ping_status":"open","sticky":false,"template":"","format":"standard","meta":{"ep_exclude_from_search":false,"p4_og_title":"","p4_og_description":"","p4_og_image":"","p4_og_image_id":"","p4_seo_canonical_url":"","p4_campaign_name":"","p4_local_project":"","p4_basket_name":"","p4_department":"","footnotes":""},"categories":[21],"tags":[46,46,72,83],"p4-page-type":[155],"class_list":{"0":"post-4282","1":"post","2":"type-post","3":"status-publish","4":"format-standard","5":"has-post-thumbnail","6":"hentry","7":"category-vivre-de-facon-durable","8":"tag-oceans-fr","10":"tag-plastique","11":"tag-consommation","12":"p4-page-type-histoire"},"_links":{"self":[{"href":"https:\/\/www.greenpeace.org\/canada\/fr\/wp-json\/wp\/v2\/posts\/4282","targetHints":{"allow":["GET"]}}],"collection":[{"href":"https:\/\/www.greenpeace.org\/canada\/fr\/wp-json\/wp\/v2\/posts"}],"about":[{"href":"https:\/\/www.greenpeace.org\/canada\/fr\/wp-json\/wp\/v2\/types\/post"}],"author":[{"embeddable":true,"href":"https:\/\/www.greenpeace.org\/canada\/fr\/wp-json\/wp\/v2\/users\/16"}],"replies":[{"embeddable":true,"href":"https:\/\/www.greenpeace.org\/canada\/fr\/wp-json\/wp\/v2\/comments?post=4282"}],"version-history":[{"count":12,"href":"https:\/\/www.greenpeace.org\/canada\/fr\/wp-json\/wp\/v2\/posts\/4282\/revisions"}],"predecessor-version":[{"id":51425,"href":"https:\/\/www.greenpeace.org\/canada\/fr\/wp-json\/wp\/v2\/posts\/4282\/revisions\/51425"}],"wp:featuredmedia":[{"embeddable":true,"href":"https:\/\/www.greenpeace.org\/canada\/fr\/wp-json\/wp\/v2\/media\/4289"}],"wp:attachment":[{"href":"https:\/\/www.greenpeace.org\/canada\/fr\/wp-json\/wp\/v2\/media?parent=4282"}],"wp:term":[{"taxonomy":"category","embeddable":true,"href":"https:\/\/www.greenpeace.org\/canada\/fr\/wp-json\/wp\/v2\/categories?post=4282"},{"taxonomy":"post_tag","embeddable":true,"href":"https:\/\/www.greenpeace.org\/canada\/fr\/wp-json\/wp\/v2\/tags?post=4282"},{"taxonomy":"p4-page-type","embeddable":true,"href":"https:\/\/www.greenpeace.org\/canada\/fr\/wp-json\/wp\/v2\/p4-page-type?post=4282"}],"curies":[{"name":"wp","href":"https:\/\/api.w.org\/{rel}","templated":true}]}}