{"id":43305,"date":"2020-09-29T10:01:00","date_gmt":"2020-09-29T14:01:00","guid":{"rendered":"https:\/\/www.greenpeace.org\/canada\/?p=43305"},"modified":"2020-09-29T10:24:21","modified_gmt":"2020-09-29T14:24:21","slug":"reponse-de-greenpeace-canada-au-plan-daction-de-lapnql-sur-le-racisme-et-la-discrimination","status":"publish","type":"post","link":"https:\/\/www.greenpeace.org\/canada\/fr\/press-release\/43305\/reponse-de-greenpeace-canada-au-plan-daction-de-lapnql-sur-le-racisme-et-la-discrimination\/","title":{"rendered":"R\u00e9ponse de Greenpeace Canada au plan d&rsquo;action de l&rsquo;APNQL sur le racisme et la discrimination"},"content":{"rendered":"\n<p>En r\u00e9ponse au lancement aujourd&rsquo;hui par l&rsquo;Assembl\u00e9e des Premi\u00e8res Nations du Qu\u00e9bec et du Labrador (APNQL) d&rsquo;un plan d&rsquo;action visant \u00e0 mettre fin au racisme et \u00e0 la discrimination, Christy Ferguson, directrice g\u00e9n\u00e9rale de Greenpeace Canada, a fait le commentaire suivant :<\/p>\n\n<p>\u00ab Au milieu des crises sanitaires, sociales et environnementales que nous vivons aujourd&rsquo;hui, nous devons \u00e9galement reconna\u00eetre que le racisme syst\u00e9mique cause un pr\u00e9judice profond aux personnes et aux communaut\u00e9s et fait obstacle \u00e0 un avenir juste et vert pour toutes et tous. Le fardeau du d\u00e9mant\u00e8lement des syst\u00e8mes h\u00e9rit\u00e9s du colonialisme et de l\u2019oppression ne devrait pas \u00eatre port\u00e9 uniquement par les communaut\u00e9s autochtones. Il s&rsquo;agit d&rsquo;une responsabilit\u00e9 partag\u00e9e par toutes et tous. La bonne nouvelle est que le r\u00e9cent sondage pr\u00e9sent\u00e9 par l&rsquo;APNQL a d\u00e9montr\u00e9 que les gens souhaitent agir. Le plan pr\u00e9sent\u00e9 aujourd&rsquo;hui nous montre comment.<\/p>\n\n<p>Pour les organisations environnementales comme Greenpeace, cela signifie reconna\u00eetre que le savoir et la prise de d\u00e9cision autochtones ne sont pas n\u00e9gociables et sont essentiels \u00e0 la restauration de notre monde naturel. Pour le gouvernement du Qu\u00e9bec, cela signifie l\u00e9gif\u00e9rer et mettre en \u0153uvre la D\u00e9claration des Nations unies sur les droits des peuples autochtones, y compris le droit au consentement pr\u00e9alable, libre et \u00e9clair\u00e9 pour tous les projets ayant un impact sur les territoires autochtones.&nbsp;<\/p>\n\n<p>Je tiens \u00e0 saluer le leadership visionnaire du chef Ghislain Picard et \u00e0 appeler les milliers de sympathisant\u00b7es de Greenpeace \u00e0 travers le Qu\u00e9bec \u00e0 agir en solidarit\u00e9 avec les peuples autochtones dans leur vie quotidienne. Le plan pr\u00e9sent\u00e9 aujourd&rsquo;hui offre \u00e0 chacun\u00b7e d&rsquo;entre nous l\u2019opportunit\u00e9 de faire mieux. \u00bb<\/p>\n","protected":false},"excerpt":{"rendered":"<p>En r\u00e9ponse au lancement aujourd&rsquo;hui par l&rsquo;Assembl\u00e9e des Premi\u00e8res Nations du Qu\u00e9bec et du Labrador (APNQL) d&rsquo;un plan d&rsquo;action visant \u00e0 mettre fin au racisme et \u00e0 la discimination<\/p>\n","protected":false},"author":45,"featured_media":43318,"comment_status":"open","ping_status":"open","sticky":false,"template":"","format":"standard","meta":{"ep_exclude_from_search":false,"p4_og_title":"","p4_og_description":"","p4_og_image":"","p4_og_image_id":"","p4_seo_canonical_url":"","p4_campaign_name":"not set","p4_local_project":"not set","p4_basket_name":"not set","p4_department":"","footnotes":""},"categories":[21],"tags":[40],"p4-page-type":[183],"class_list":["post-43305","post","type-post","status-publish","format-standard","has-post-thumbnail","hentry","category-vivre-de-facon-durable","tag-autochtones","p4-page-type-communique-de-presse"],"_links":{"self":[{"href":"https:\/\/www.greenpeace.org\/canada\/fr\/wp-json\/wp\/v2\/posts\/43305","targetHints":{"allow":["GET"]}}],"collection":[{"href":"https:\/\/www.greenpeace.org\/canada\/fr\/wp-json\/wp\/v2\/posts"}],"about":[{"href":"https:\/\/www.greenpeace.org\/canada\/fr\/wp-json\/wp\/v2\/types\/post"}],"author":[{"embeddable":true,"href":"https:\/\/www.greenpeace.org\/canada\/fr\/wp-json\/wp\/v2\/users\/45"}],"replies":[{"embeddable":true,"href":"https:\/\/www.greenpeace.org\/canada\/fr\/wp-json\/wp\/v2\/comments?post=43305"}],"version-history":[{"count":3,"href":"https:\/\/www.greenpeace.org\/canada\/fr\/wp-json\/wp\/v2\/posts\/43305\/revisions"}],"predecessor-version":[{"id":43326,"href":"https:\/\/www.greenpeace.org\/canada\/fr\/wp-json\/wp\/v2\/posts\/43305\/revisions\/43326"}],"wp:featuredmedia":[{"embeddable":true,"href":"https:\/\/www.greenpeace.org\/canada\/fr\/wp-json\/wp\/v2\/media\/43318"}],"wp:attachment":[{"href":"https:\/\/www.greenpeace.org\/canada\/fr\/wp-json\/wp\/v2\/media?parent=43305"}],"wp:term":[{"taxonomy":"category","embeddable":true,"href":"https:\/\/www.greenpeace.org\/canada\/fr\/wp-json\/wp\/v2\/categories?post=43305"},{"taxonomy":"post_tag","embeddable":true,"href":"https:\/\/www.greenpeace.org\/canada\/fr\/wp-json\/wp\/v2\/tags?post=43305"},{"taxonomy":"p4-page-type","embeddable":true,"href":"https:\/\/www.greenpeace.org\/canada\/fr\/wp-json\/wp\/v2\/p4-page-type?post=43305"}],"curies":[{"name":"wp","href":"https:\/\/api.w.org\/{rel}","templated":true}]}}