{"id":43345,"date":"2020-09-30T11:08:28","date_gmt":"2020-09-30T15:08:28","guid":{"rendered":"https:\/\/www.greenpeace.org\/canada\/?p=43345"},"modified":"2025-04-09T12:18:14","modified_gmt":"2025-04-09T16:18:14","slug":"joyce","status":"publish","type":"post","link":"https:\/\/www.greenpeace.org\/canada\/fr\/blog-des-volontaires\/43345\/joyce\/","title":{"rendered":"Joyce"},"content":{"rendered":"\n<p>Mardi soir, je me suis d\u00e9cid\u00e9e \u00e0 regarder la vid\u00e9o diffus\u00e9e par Joyce Echaquan, une femme atikamekw de 37 ans, peu de temps avant qu\u2019elle ne trouve la mort dans des circonstances tragiques et inacceptables, \u00e0 l\u2019hopital de Joliette.<\/p>\n\n<p>\u00c7a m\u2019a secou\u00e9e.&nbsp;<br>J\u2019ai tr\u00e8s mal dormi.<br>J\u2019ai tr\u00e8s mal \u00e0 mon humanit\u00e9.<\/p>\n\n<p>Mes yeux ont imm\u00e9diatement trouv\u00e9 leur chemin vers le livre <a rel=\"noreferrer noopener\" href=\"https:\/\/www.meandwhitesupremacybook.com\/\" target=\"_blank\"><em>Me and White Supremacy<\/em><\/a> qui se trouve sur ma table de chevet. Dire que le racisme syst\u00e9mique n\u2019existe pas au Qu\u00e9bec, c\u2019est faire preuve d\u2019aveuglement volontaire. Penser que nous, chacun\u00b7e d\u2019entre nous, n\u2019avons pas de travail \u00e0 faire sur nous-m\u00eames est inacceptable.<\/p>\n\n<p>Je ne veux pas faire un long billet. Il est n\u00e9cessaire d\u2019amplifier d\u2019autres voix en ce moment. Mais je ne peux pas non plus rester silencieuse.<\/p>\n\n<p>En regardant mon fil Facebook \u00e0 mon r\u00e9veil, une publication a retenu mon attention, celle de l\u2019auteure Kim Th\u00fay :<\/p>\n\n<figure class=\"wp-block-embed-facebook wp-block-embed is-type-rich is-provider-facebook\"><div class=\"wp-block-embed__wrapper\">\nhttps:\/\/www.facebook.com\/kimthuy.lythanh.7\/posts\/3547473175273629\u2029\n<\/div><\/figure>\n\n<p>C\u2019est tellement vrai. Nous avons tellement \u00e0 apprendre.&nbsp;<\/p>\n\n<p>Tout ce que nous avons fait jusqu\u2019ici, c\u2019est entendre. Entendre les propos violents et racistes adress\u00e9s \u00e0 Joyce Echaquan dans la vid\u00e9o qu\u2019elle a diffus\u00e9e depuis son lit d\u2019h\u00f4pital, juste avant sa mort. Si seulement nous savions \u00e9galement<em> <\/em>\u00e9couter. Cela nous permettrait de nous rendre compte du racisme syst\u00e9mique, de l&rsquo;injustice et de la brutalit\u00e9 des services publics envers les communaut\u00e9s autochtones et racis\u00e9es, ici, au Qu\u00e9bec.<\/p>\n\n<p>Aujourd\u2019hui je souhaite que nous, chacun\u00b7e d\u2019entre nous, puissions \u00eatre des alli\u00e9\u00b7es et puissions nous tenir en solidarit\u00e9 aux c\u00f4t\u00e9s de la famille de Mme Echaquan et des peuples autochtones, dans leur combat pour demander justice et faire respecter leurs droits.&nbsp;<\/p>\n\n<p>Leurs droits aux soins, \u00e0 la dignit\u00e9, \u00e0 la vie.<\/p>\n\n<figure class=\"wp-block-image size-large  caption-style-blue-overlay caption-alignment-center\"><img loading=\"lazy\" decoding=\"async\" width=\"960\" height=\"960\" src=\"https:\/\/www.greenpeace.org\/static\/planet4-canada-stateless\/2020\/09\/0d51f001-120404378_10220626062098906_7282715792995808070_n.jpg\" alt=\"\" class=\"wp-image-43363\" srcset=\"https:\/\/www.greenpeace.org\/static\/planet4-canada-stateless\/2020\/09\/0d51f001-120404378_10220626062098906_7282715792995808070_n.jpg 960w, https:\/\/www.greenpeace.org\/static\/planet4-canada-stateless\/2020\/09\/0d51f001-120404378_10220626062098906_7282715792995808070_n-300x300.jpg 300w, https:\/\/www.greenpeace.org\/static\/planet4-canada-stateless\/2020\/09\/0d51f001-120404378_10220626062098906_7282715792995808070_n-150x150.jpg 150w, https:\/\/www.greenpeace.org\/static\/planet4-canada-stateless\/2020\/09\/0d51f001-120404378_10220626062098906_7282715792995808070_n-768x768.jpg 768w, https:\/\/www.greenpeace.org\/static\/planet4-canada-stateless\/2020\/09\/0d51f001-120404378_10220626062098906_7282715792995808070_n-340x340.jpg 340w\" sizes=\"auto, (max-width: 960px) 100vw, 960px\" \/><figcaption>Hommage \u00e0 Joyce Echaquan de l&rsquo;artiste atikamekw Ma\u00eflys Flamands<\/figcaption><\/figure>\n\n<p><strong>\u00c0 venir :<\/strong> <strong><a rel=\"noreferrer noopener\" href=\"https:\/\/www.facebook.com\/events\/388471799232996\/\" target=\"_blank\">Rassemblement #JusticePourJoyce \u00e0 Montr\u00e9al le 3 octobre <\/a><\/strong> (SVP respecter les normes de distanciation physique en vigueur)<a rel=\"noreferrer noopener\" href=\"https:\/\/www.facebook.com\/events\/388471799232996\/\" target=\"_blank\"> <\/a><br><br><strong>Pour participer \u00e0 la cagnotte pour soutenir financi\u00e8rement la famille de Joyce Echaquan, <a rel=\"noreferrer noopener\" href=\"https:\/\/www.gofundme.com\/f\/justice-pour-joycejustice-for-joyce?utm_source=facebook&amp;utm_medium=social&amp;utm_campaign=p_cf+share-flow-1&amp;fbclid=IwAR13HXsCuoEhr5jCdNfMMLUiSAh2CCctTgnIYfzVBnmd_hobXzVSyUDBmeI\" target=\"_blank\">cliquez ici.<\/a> <\/strong><\/p>\n\n<p class=\"has-background has-grey-200-background-color\"><strong>Pour aller plus loin : <br><br>Quelques-unes des actions propos\u00e9es dans le <\/strong><a rel=\"noreferrer noopener\" href=\"https:\/\/apnql.com\/fr\/wp-content\/uploads\/2020\/09\/PLAN-ACTION-RACISME-ET-DISCRIMINATION_VF.pdf\" target=\"_blank\"><strong>Plan d&rsquo;action de l&rsquo;APNQL contre le racisme syst\u00e9mique et la discrimination<\/strong><\/a> <strong>en vue d\u2019apprendre \u00e0 mieux vivre ensemble<\/strong> :<a href=\"https:\/\/apnql.com\/fr\/wp-content\/uploads\/2020\/09\/PLAN-ACTION-RACISME-ET-DISCRIMINATION_VF.pdf\"> <\/a><br><br>&#8211; Lire <strong><a href=\"https:\/\/www.cdpdj.qc.ca\/Publications\/Mythes-Realites.pdf\" target=\"_blank\" rel=\"noreferrer noopener\">Mythes et r\u00e9alit\u00e9s sur les peuples autochtones<\/a> <\/strong><br><br>&#8211; Suivre l\u2019actualit\u00e9 en vous abonnant [sur les m\u00e9dias sociaux] \u00e0 des organisations autochtones comme l\u2019<strong><a rel=\"noreferrer noopener\" href=\"https:\/\/www.facebook.com\/APNQL\/\" target=\"_blank\">Assembl\u00e9e des Premi\u00e8res Nations Qu\u00e9bec-Labrador<\/a> <\/strong>(APNQL),<strong> <a rel=\"noreferrer noopener\" href=\"https:\/\/www.facebook.com\/FAQQNW\/\" target=\"_blank\">Femmes Autochtones du Qu\u00e9bec<\/a><\/strong> (FAQ), le <a rel=\"noreferrer noopener\" href=\"https:\/\/www.facebook.com\/rjpn.fnyn\/\" target=\"_blank\"><strong>R\u00e9seau jeunesse des Premi\u00e8res Nations Qu\u00e9bec- Labrador<\/strong> <\/a>et autres organisations des Premi\u00e8res Nations au Qu\u00e9bec en faisant des recherches sur Internet.<br><br>&#8211; Partager le contenu m\u00e9diatique positif portant sur les Premi\u00e8res Nations dans les r\u00e9seaux sociaux.<br><br>&#8211; Parler aux membres de vos familles, ami\u00b7es et proches de l\u2019importance du rapprochement entre les Qu\u00e9b\u00e9cois\u00b7es et les Premi\u00e8res Nations afin d\u2019am\u00e9liorer nos relations sur tous les territoires et r\u00e9gions.<br><br>&#8211; Envoyer une lettre au premier ministre Legault et \u00e0 vos \u00e9lu\u00b7es locaux\u00b7les pour leur signifier votre d\u00e9sir d\u2019am\u00e9liorer les relations avec la population locale des Premi\u00e8res Nations.<br><br>&#8211; Valoriser l\u2019apport \u00e9conomique des Premi\u00e8res Nations dans l\u2019\u00e9conomie qu\u00e9b\u00e9coise, particuli\u00e8rement en r\u00e9gion.<br><br>&#8211; Promouvoir les collaborations entre jeunes et \u00e9coles.<\/p>\n","protected":false},"excerpt":{"rendered":"<p>Mardi soir, je me suis d\u00e9cid\u00e9 \u00e0 regarder la vid\u00e9o diffus\u00e9e par Joyce Echaquan, une femme atikamekw de 37 ans, peu de temps avant qu\u2019elle ne trouve la mort dans des circonstances tragiques et inacceptables, \u00e0 l\u2019hopital de Joliette.<\/p>\n","protected":false},"author":45,"featured_media":43363,"comment_status":"open","ping_status":"open","sticky":false,"template":"","format":"standard","meta":{"ep_exclude_from_search":false,"p4_og_title":"","p4_og_description":"","p4_og_image":"","p4_og_image_id":"","p4_seo_canonical_url":"","p4_campaign_name":"not set","p4_local_project":"not set","p4_basket_name":"not set","p4_department":"","footnotes":""},"categories":[2],"tags":[40],"p4-page-type":[],"class_list":["post-43345","post","type-post","status-publish","format-standard","has-post-thumbnail","hentry","category-live-sustainably","tag-autochtones"],"_links":{"self":[{"href":"https:\/\/www.greenpeace.org\/canada\/fr\/wp-json\/wp\/v2\/posts\/43345","targetHints":{"allow":["GET"]}}],"collection":[{"href":"https:\/\/www.greenpeace.org\/canada\/fr\/wp-json\/wp\/v2\/posts"}],"about":[{"href":"https:\/\/www.greenpeace.org\/canada\/fr\/wp-json\/wp\/v2\/types\/post"}],"author":[{"embeddable":true,"href":"https:\/\/www.greenpeace.org\/canada\/fr\/wp-json\/wp\/v2\/users\/45"}],"replies":[{"embeddable":true,"href":"https:\/\/www.greenpeace.org\/canada\/fr\/wp-json\/wp\/v2\/comments?post=43345"}],"version-history":[{"count":14,"href":"https:\/\/www.greenpeace.org\/canada\/fr\/wp-json\/wp\/v2\/posts\/43345\/revisions"}],"predecessor-version":[{"id":69356,"href":"https:\/\/www.greenpeace.org\/canada\/fr\/wp-json\/wp\/v2\/posts\/43345\/revisions\/69356"}],"wp:featuredmedia":[{"embeddable":true,"href":"https:\/\/www.greenpeace.org\/canada\/fr\/wp-json\/wp\/v2\/media\/43363"}],"wp:attachment":[{"href":"https:\/\/www.greenpeace.org\/canada\/fr\/wp-json\/wp\/v2\/media?parent=43345"}],"wp:term":[{"taxonomy":"category","embeddable":true,"href":"https:\/\/www.greenpeace.org\/canada\/fr\/wp-json\/wp\/v2\/categories?post=43345"},{"taxonomy":"post_tag","embeddable":true,"href":"https:\/\/www.greenpeace.org\/canada\/fr\/wp-json\/wp\/v2\/tags?post=43345"},{"taxonomy":"p4-page-type","embeddable":true,"href":"https:\/\/www.greenpeace.org\/canada\/fr\/wp-json\/wp\/v2\/p4-page-type?post=43345"}],"curies":[{"name":"wp","href":"https:\/\/api.w.org\/{rel}","templated":true}]}}