{"id":4343,"date":"2018-09-25T10:50:09","date_gmt":"2018-09-25T14:50:09","guid":{"rendered":"https:\/\/www.greenpeace.org\/canada\/?p=4343"},"modified":"2019-11-06T03:28:34","modified_gmt":"2019-11-06T08:28:34","slug":"elections2018-les-partis-sont-ils-leaders-ou-parias-en-environnement","status":"publish","type":"post","link":"https:\/\/www.greenpeace.org\/canada\/fr\/publications\/4343\/elections2018-les-partis-sont-ils-leaders-ou-parias-en-environnement\/","title":{"rendered":"#\u00c9lections2018 : les partis sont-ils leaders ou parias en environnement?"},"content":{"rendered":"<p>C\u2019est d\u00e9sormais une tradition. \u00c0 chaque \u00e9lection, et afin de ramener l\u2019environnement au c\u0153ur du d\u00e9bat, les groupes environnementaux* du Qu\u00e9bec envoient une s\u00e9rie de questions aux partis politiques en lice.<\/p>\n<p>Aujourd\u2019hui [11 septembre]**, nous vous d\u00e9voilons les r\u00e9ponses donn\u00e9es par les quatre formations politiques pr\u00e9sentes \u00e0 l\u2019Assembl\u00e9e nationale aux 23 demandes jug\u00e9es incontournables en mati\u00e8re d\u2019environnement pour l\u2019avenir du Qu\u00e9bec et de la plan\u00e8te.<\/p>\n<p>Les r\u00e9sultats, tr\u00e8s parlants, ont \u00e9t\u00e9 r\u00e9sum\u00e9s pour vous dans un tableau comparatif disponible <a href=\"https:\/\/www.greenpeace.org\/static\/planet4-canada-stateless\/2018\/09\/7a385d5d-reponsesprioritesenvironnementales.pdf\" target=\"_blank\" rel=\"noopener noreferrer\">ici<\/a>.<\/p>\n<h2><b>Cancre ou leader en environnement? \u00c7a d\u00e9pend des partis\u2026<\/b><\/h2>\n<p>D\u2019embl\u00e9e, mentionnons que <b>les partis qui m\u00e8nent actuellement dans les sondages sont ceux pour qui l\u2019environnement semble \u00eatre un sujet secondaire<\/b>.<\/p>\n<p>Des quatre formations politiques, la Coalition avenir Qu\u00e9bec (CAQ) est d\u00e9finitivement celle qui fait la plus pi\u00e8tre figure (et de loin) alors qu\u2019elle ne s\u2019engage \u00e0 r\u00e9aliser que deux de nos 23 demandes portant sur le <b>climat<\/b>, le <b>transport <\/b>et l\u2019<b>am\u00e9nagement<\/b>, l\u2019<b>agriculture<\/b>, la <b>biodiversit\u00e9<\/b> et la <b>for\u00eat<\/b>.<\/p>\n<p>Elle est suivie de pr\u00e8s par le Parti Lib\u00e9ral du Qu\u00e9bec qui semble moins ferm\u00e9 \u00e0 nos demandes, bien que celui-ci ne s\u2019engage fermement que sur trois propositions, tandis que le Parti Qu\u00e9b\u00e9cois (PQ) et Qu\u00e9bec Solidaire (QS) d\u00e9montrent une plus grande sensibilit\u00e9 envers les enjeux environnementaux soulev\u00e9s dans ce questionnaire.<\/p>\n<p><img loading=\"lazy\" decoding=\"async\" class=\"wp-image-4352 aligncenter\" src=\"https:\/\/www.greenpeace.org\/static\/planet4-canada-stateless\/2018\/09\/9d030aa0-reponses-e\u0301lections2018.png\" alt=\"\" width=\"674\" height=\"355\" srcset=\"https:\/\/www.greenpeace.org\/static\/planet4-canada-stateless\/2018\/09\/9d030aa0-reponses-e\u0301lections2018.png 608w, https:\/\/www.greenpeace.org\/static\/planet4-canada-stateless\/2018\/09\/9d030aa0-reponses-e\u0301lections2018-300x158.png 300w, https:\/\/www.greenpeace.org\/static\/planet4-canada-stateless\/2018\/09\/9d030aa0-reponses-e\u0301lections2018-510x268.png 510w\" sizes=\"auto, (max-width: 674px) 100vw, 674px\" \/><\/p>\n<h2><b>Quelques faits saillants<\/b><\/h2>\n<p><b>Climat, transport et am\u00e9nagement<\/b><br \/>\nEn ce qui \u00e0 trait au climat, au transport et \u00e0 l\u2019am\u00e9nagement on note une importante scission. Alors que la CAQ et le PLQ ne prennent AUCUN engagement ferme \u00e0 respecter nos demandes, le PQ et QS font bien meilleur figure.<\/p>\n<p><img loading=\"lazy\" decoding=\"async\" class=\"size-full wp-image-4348 alignright\" src=\"https:\/\/www.greenpeace.org\/static\/planet4-canada-stateless\/2018\/09\/515206a9-climat-elections2018.png\" alt=\"\" width=\"954\" height=\"404\" srcset=\"https:\/\/www.greenpeace.org\/static\/planet4-canada-stateless\/2018\/09\/515206a9-climat-elections2018.png 954w, https:\/\/www.greenpeace.org\/static\/planet4-canada-stateless\/2018\/09\/515206a9-climat-elections2018-300x127.png 300w, https:\/\/www.greenpeace.org\/static\/planet4-canada-stateless\/2018\/09\/515206a9-climat-elections2018-768x325.png 768w, https:\/\/www.greenpeace.org\/static\/planet4-canada-stateless\/2018\/09\/515206a9-climat-elections2018-510x216.png 510w\" sizes=\"auto, (max-width: 954px) 100vw, 954px\" \/><\/p>\n<p><b><br \/>\nBiodiversit\u00e9<\/b><br \/>\nEn mati\u00e8re d\u2019aires prot\u00e9g\u00e9es, la CAQ est le seul parti qui ne s\u2019engage PAS fermement \u00e0 atteindre l\u2019objectif de 10 % d\u2019aires marines prot\u00e9g\u00e9es dans l\u2019estuaire et le golfe du Saint-Laurent et celui de 17 % d\u2019aires terrestres prot\u00e9g\u00e9es d\u2019ici 2020. De plus, seul le PQ et QS adopte des mesures concr\u00e8tes pour la protection de la biodiversit\u00e9 dans le Saint-Laurent et la protection des esp\u00e8ces en voie de disparition comme le b\u00e9luga du Saint-Laurent et le chevalier cuivr\u00e9 en cr\u00e9ant, par exemple, un r\u00e9seau d\u2019aires marines prot\u00e9g\u00e9es et de refuges acoustiques avant de mettre en \u0153uvre toute infrastructure ou tous projets portuaires dans le cadre de la Strat\u00e9gie maritime.<\/p>\n<p><img loading=\"lazy\" decoding=\"async\" class=\"alignleft size-full wp-image-4346\" src=\"https:\/\/www.greenpeace.org\/static\/planet4-canada-stateless\/2018\/09\/9f0168de-biodiversite\u0301-elections2018.png\" alt=\"\" width=\"908\" height=\"314\" srcset=\"https:\/\/www.greenpeace.org\/static\/planet4-canada-stateless\/2018\/09\/9f0168de-biodiversite\u0301-elections2018.png 908w, https:\/\/www.greenpeace.org\/static\/planet4-canada-stateless\/2018\/09\/9f0168de-biodiversite\u0301-elections2018-300x104.png 300w, https:\/\/www.greenpeace.org\/static\/planet4-canada-stateless\/2018\/09\/9f0168de-biodiversite\u0301-elections2018-768x266.png 768w, https:\/\/www.greenpeace.org\/static\/planet4-canada-stateless\/2018\/09\/9f0168de-biodiversite\u0301-elections2018-510x176.png 510w\" sizes=\"auto, (max-width: 908px) 100vw, 908px\" \/><\/p>\n<p><b><br \/>\nAgriculture<\/b><br \/>\nLa CAQ est le seul parti \u00e0 avoir refuser d&rsquo;adopter une loi visant \u00e0 r\u00e9duire de 50% l\u2019utilisation des pesticides en milieu agricole et de 95 % en milieu urbain d\u2019ici 2025, et d\u2019investir 100 millions de dollars sur 4 ans pour soutenir le d\u00e9veloppement de la production et la consommation d\u2019aliments certifi\u00e9s biologiques.<br \/>\n<img loading=\"lazy\" decoding=\"async\" class=\"alignleft size-full wp-image-4344\" src=\"https:\/\/www.greenpeace.org\/static\/planet4-canada-stateless\/2018\/09\/3e757eca-agriculture-elections2018.png\" alt=\"\" width=\"921\" height=\"348\" srcset=\"https:\/\/www.greenpeace.org\/static\/planet4-canada-stateless\/2018\/09\/3e757eca-agriculture-elections2018.png 921w, https:\/\/www.greenpeace.org\/static\/planet4-canada-stateless\/2018\/09\/3e757eca-agriculture-elections2018-300x113.png 300w, https:\/\/www.greenpeace.org\/static\/planet4-canada-stateless\/2018\/09\/3e757eca-agriculture-elections2018-768x290.png 768w, https:\/\/www.greenpeace.org\/static\/planet4-canada-stateless\/2018\/09\/3e757eca-agriculture-elections2018-510x193.png 510w\" sizes=\"auto, (max-width: 921px) 100vw, 921px\" \/><\/p>\n<p><b><br \/>\nFor\u00eat<\/b><br \/>\nPour la gestion de la for\u00eat, seul QS s\u2019est engag\u00e9 \u00e0 int\u00e9grer et appliquer la protection en amont de vastes \u00e9tendues de for\u00eats matures publiques continues comme strat\u00e9gie de conservation et de lutte aux changements climatiques, et \u00e0 prioriser l\u2019adoption ainsi que le d\u00e9veloppement des plans de conservation des communaut\u00e9s autochtones sur leurs territoires respectifs, ceci dans une optique de reconnaissance des droits et savoirs des peuples autochtones.<\/p>\n<p><img loading=\"lazy\" decoding=\"async\" class=\"alignleft size-full wp-image-4350\" src=\"https:\/\/www.greenpeace.org\/static\/planet4-canada-stateless\/2018\/09\/70fe4285-fore\u0302t-elections2018.png\" alt=\"\" width=\"951\" height=\"474\" srcset=\"https:\/\/www.greenpeace.org\/static\/planet4-canada-stateless\/2018\/09\/70fe4285-fore\u0302t-elections2018.png 951w, https:\/\/www.greenpeace.org\/static\/planet4-canada-stateless\/2018\/09\/70fe4285-fore\u0302t-elections2018-768x383.png 768w, https:\/\/www.greenpeace.org\/static\/planet4-canada-stateless\/2018\/09\/70fe4285-fore\u0302t-elections2018-510x254.png 510w\" sizes=\"auto, (max-width: 951px) 100vw, 951px\" \/><\/p>\n<p><b><br \/>\nUnanimit\u00e9 en faveur d\u2019un plan de transition juste<br \/>\n<\/b>La seule demande pour laquelle tous les partis s\u2019entendent est l\u2019adoption d\u2019un \u201cplan de transition vers une \u00e9conomie sobre en carbone qui ciblera notamment la formation et le placement de la main-d\u2019\u0153uvre des secteurs en mutation\u201d. Cet engagement est particuli\u00e8rement important pour s\u2019assurer que les travailleuses et les travailleurs ne fassent pas les frais de la n\u00e9cessaire transition que nous devrons rapidement op\u00e9rer comme soci\u00e9t\u00e9.<\/p>\n<h2><b>L\u2019environnement, un sujet central pour l\u2019avenir<\/b><\/h2>\n<p>Greenpeace continuera \u00e0 suivre assid\u00fbment l\u2019ensemble des propositions qui seront rendues publiques par les partis d\u2019ici la fin des \u00e9lections et compl\u00e8tera la pr\u00e9sente analyse une fois que toutes les positions seront connues. <b>D\u2019ici l\u00e0, voici quelques actions que vous pouvez entreprendre pour interpeller les partis :<\/b><b><br \/>\n<\/b><br \/>\n<a href=\"https:\/\/www.greenpeace.org\/static\/planet4-canada-stateless\/2018\/09\/7a385d5d-reponsesprioritesenvironnementales.pdf\" target=\"_blank\" rel=\"noopener noreferrer\"><b>Consultez le tableau comparatif <\/b><strong>et<\/strong> <b>les r\u00e9ponses d\u00e9taill\u00e9es<\/b><\/a> telles que fournies par la Coalition Avenir Qu\u00e9bec (CAQ), le Parti lib\u00e9ral du Qu\u00e9bec (PLQ), le Parti Qu\u00e9b\u00e9cois (PQ) et Qu\u00e9bec solidaire (QS) afin de mieux comprendre leurs engagements en mati\u00e8re d\u2019environnement. **<strong>Remarque<\/strong> : le Parti vert (PVQ), qui n\u2019a pas d\u2019\u00e9lu, nous a fait parvenir ses r\u00e9ponses le 18 septembre et elles sont\u00a0<a href=\"https:\/\/www.greenpeace.org\/static\/planet4-canada-stateless\/2018\/09\/aed85f25-pvq-reponses-greenpeace.pdf\" target=\"_blank\" rel=\"noopener noreferrer\">ici.<\/a><\/p>\n<p><strong><a href=\"https:\/\/act.gp\/Elections2018\" target=\"_blank\" rel=\"noopener noreferrer\">\u00c9crivez aux candidat\u00b7e\u00b7s<\/a> <\/strong>pour leur faire part de vos pr\u00e9occupations en lien avec l&rsquo;environnement.<\/p>\n<p><b>Participez au Grand d\u00e9bat des chefs <\/b>en faisant parvenir une question, par \u00e9crit ou en vid\u00e9o, \u00e0 <a href=\"mailto:granddebat2018@radio-canada.ca\" target=\"_blank\" rel=\"noopener noreferrer\">granddebat2018@radio-canada.ca<\/a> avant le 13 septembre!<\/p>\n<p><strong><a href=\"https:\/\/www.facebook.com\/events\/2199737030110723\/\" target=\"_blank\" rel=\"noopener noreferrer\">Rejoignez le comit\u00e9 d&rsquo;accueil<\/a><\/strong> des candidat\u00b7e\u00b7s devant les bureaux de Radio-Canada avant les Grand d\u00e9bat des chefs le 13 septembre d\u00e8s 17h30.<\/p>\n<p><b>Affichez vos couleurs sur Facebook <\/b>: Pour ce faire, modifier votre photo de profil en s\u00e9lectionnant le d\u00e9cor sp\u00e9cial #\u00c9lectionsQu\u00e9bec<\/p>\n<p>&nbsp;<\/p>\n<p><em>*Le collectif est form\u00e9 d\u2019\u00c9quiterre, la Fondation David Suzuki, Greenpeace, Nature Qu\u00e9bec, le Regroupement national des conseils r\u00e9gionaux de l&rsquo;environnement du Qu\u00e9bec (RNCREQ), le Regroupement vigilance hydrocarbures Qu\u00e9bec (RVHQ), SNAP Qu\u00e9bec, Trajectoire Qu\u00e9bec, V\u00e9lo Qu\u00e9bec, Vivre en Ville et WWF-Canada. Il estime que ces 23 propositions sont des incontournables en mati\u00e8re d\u2019environnement, de transport et d\u2019am\u00e9nagement pour le Qu\u00e9bec et demandaient \u00e0 tous les partis politiques d\u2019inscrire ces propositions \u00e0 leur plateforme \u00e9lectorale, au minimum. C\u2019est sur ces propositions qu\u2019ont \u00e9t\u00e9 \u00e9valu\u00e9es les partis politiques dans le cadre de cet exercice.<\/em><\/p>\n<p>** Ce blogue a \u00e9t\u00e9 initialement publi\u00e9 le 11 septembre et remis \u00e0 jour le 25 septembre<\/p>\n<p>*** Ce blogue a \u00e9t\u00e9 modifi\u00e9 le 11 septembre\u00a0\u00e0 14h49 pour inclure une mention du Parti vert du Qu\u00e9bec (PVQ) qui, en l&rsquo;absence d&rsquo;\u00e9lu, ne fait pas partie de la consultation, mais a r\u00e9pondu favorablement aux 23 demandes des groupes environnementaux.<\/p>\n","protected":false},"excerpt":{"rendered":"<p>C\u2019est d\u00e9sormais une tradition. \u00c0 chaque \u00e9lection, et afin de ramener l\u2019environnement au c\u0153ur du d\u00e9bat, les groupes environnementaux* du Qu\u00e9bec envoient une s\u00e9rie de questions aux partis politiques en&hellip;<\/p>\n","protected":false},"author":21,"featured_media":4352,"comment_status":"open","ping_status":"open","sticky":false,"template":"","format":"standard","meta":{"ep_exclude_from_search":false,"p4_og_title":"","p4_og_description":"","p4_og_image":"","p4_og_image_id":"","p4_seo_canonical_url":"","p4_campaign_name":"","p4_local_project":"","p4_basket_name":"","p4_department":"","footnotes":""},"categories":[19],"tags":[41,43],"p4-page-type":[54],"class_list":["post-4343","post","type-post","status-publish","format-standard","has-post-thumbnail","hentry","category-nature-fr","tag-climat","tag-forets","p4-page-type-publications"],"_links":{"self":[{"href":"https:\/\/www.greenpeace.org\/canada\/fr\/wp-json\/wp\/v2\/posts\/4343","targetHints":{"allow":["GET"]}}],"collection":[{"href":"https:\/\/www.greenpeace.org\/canada\/fr\/wp-json\/wp\/v2\/posts"}],"about":[{"href":"https:\/\/www.greenpeace.org\/canada\/fr\/wp-json\/wp\/v2\/types\/post"}],"author":[{"embeddable":true,"href":"https:\/\/www.greenpeace.org\/canada\/fr\/wp-json\/wp\/v2\/users\/21"}],"replies":[{"embeddable":true,"href":"https:\/\/www.greenpeace.org\/canada\/fr\/wp-json\/wp\/v2\/comments?post=4343"}],"version-history":[{"count":20,"href":"https:\/\/www.greenpeace.org\/canada\/fr\/wp-json\/wp\/v2\/posts\/4343\/revisions"}],"predecessor-version":[{"id":26924,"href":"https:\/\/www.greenpeace.org\/canada\/fr\/wp-json\/wp\/v2\/posts\/4343\/revisions\/26924"}],"wp:featuredmedia":[{"embeddable":true,"href":"https:\/\/www.greenpeace.org\/canada\/fr\/wp-json\/wp\/v2\/media\/4352"}],"wp:attachment":[{"href":"https:\/\/www.greenpeace.org\/canada\/fr\/wp-json\/wp\/v2\/media?parent=4343"}],"wp:term":[{"taxonomy":"category","embeddable":true,"href":"https:\/\/www.greenpeace.org\/canada\/fr\/wp-json\/wp\/v2\/categories?post=4343"},{"taxonomy":"post_tag","embeddable":true,"href":"https:\/\/www.greenpeace.org\/canada\/fr\/wp-json\/wp\/v2\/tags?post=4343"},{"taxonomy":"p4-page-type","embeddable":true,"href":"https:\/\/www.greenpeace.org\/canada\/fr\/wp-json\/wp\/v2\/p4-page-type?post=4343"}],"curies":[{"name":"wp","href":"https:\/\/api.w.org\/{rel}","templated":true}]}}