{"id":43890,"date":"2020-10-20T08:00:00","date_gmt":"2020-10-20T12:00:00","guid":{"rendered":"https:\/\/www.greenpeace.org\/canada\/?p=43890"},"modified":"2020-10-20T11:36:36","modified_gmt":"2020-10-20T15:36:36","slug":"projet-de-loi-66-irresponsable-et-injustifie-au-regard-des-enjeux-environnementaux-sociaux-et-economiques","status":"publish","type":"post","link":"https:\/\/www.greenpeace.org\/canada\/fr\/blog-des-volontaires\/43890\/projet-de-loi-66-irresponsable-et-injustifie-au-regard-des-enjeux-environnementaux-sociaux-et-economiques\/","title":{"rendered":"Projet de loi 66 : irresponsable et injustifi\u00e9  au regard des enjeux environnementaux, sociaux et \u00e9conomiques"},"content":{"rendered":"\n<p><strong>QU\u00c9BEC- <\/strong>Plus de 80 organisations environnementales et de d\u00e9fense des droits, syndicats, mouvements sociaux et citoyens, professionnel\u00b7le\u00b7s en environnement et am\u00e9nagement du territoire, acteurs et actrices du milieu acad\u00e9mique et de la sant\u00e9 de partout au Qu\u00e9bec estiment que<strong> le gouvernement fait fausse route avec le projet de loi 66 <\/strong>en proposant une relance ax\u00e9e sur le b\u00e9ton qui ampute les exigences l\u00e9gislatives et r\u00e9glementaires en mati\u00e8re de protection de l\u2019environnement et du territoire.\u00a0<\/p>\n\n<p><strong>Les signataires appellent \u00e0 une relance verte, juste et inclusive ax\u00e9e sur la sant\u00e9 et le bien-\u00eatre des populations, le respect des droits et la r\u00e9silience pour pr\u00e9venir de futures crises.<\/strong> Cela doit passer par<strong> <\/strong>des projets \u00e0 faible intensit\u00e9 carbone, v\u00e9ritablement structurants et inclusifs pour nos communaut\u00e9s, et qui ne mettent pas davantage en p\u00e9ril notre bien-\u00eatre et notre environnement.<\/p>\n\n<p>Les organisations signataires sont \u00e9videmment d\u2019accord avec l\u2019am\u00e9lioration des infrastructures en mati\u00e8re de sant\u00e9 et d\u2019\u00e9ducation comme partie int\u00e9grante d\u2019un plan de relance. C\u2019est plut\u00f4t la mani\u00e8re dont le projet de loi 66 propose de relancer l\u2019\u00e9conomie qui suscite de vives inqui\u00e9tudes. En effet, le projet de loi ouvre la voie \u00e0 un <strong>pr\u00e9c\u00e9dent dangereux : l\u2019affaiblissement permanent des exigences visant \u00e0 assurer la protection du territoire et de l\u2019environnement<\/strong>. Les signataires d\u00e9plorent notamment que le gouvernement <strong>d\u00e9tourne l\u2019attention de projets vis\u00e9s<\/strong> par les mesures d\u2019acc\u00e9l\u00e9ration et qui sont probl\u00e9matiques en raison de leurs risques environnementaux \u00e9lev\u00e9s, \u00e0 savoir l\u2019\u00e9largissement, le prolongement et la construction de nouvelles autoroutes et routes.<\/p>\n\n<p>\u00ab Abaissement des exigences en mati\u00e8re d\u2019environnement et d\u2019am\u00e9nagement du territoire, exemptions d\u2019obtention d\u2019autorisation dans certains cas, risques accrus de perte de milieux humides et hydriques et de dommages irr\u00e9parables envers des esp\u00e8ces menac\u00e9es ou vuln\u00e9rables, divulgation d\u2019information au public restreinte, limitation de la participation citoyenne \u00e0 la prise de d\u00e9cision pour les projets aux risques environnementaux \u00e9lev\u00e9s\u2026 tout autant de mesures qui non seulement ne permettent pas de r\u00e9pondre aux enjeux sociaux r\u00e9v\u00e9l\u00e9s par la pand\u00e9mie, mais viennent compromettre la gestion de la crise environnementale \u00bb, indiquent les signataires.<\/p>\n\n<p>Les signataires rappellent que d\u2019autres solutions existent pour acc\u00e9l\u00e9rer les d\u00e9lais. <strong>Rien ne justifie d\u2019affaiblir les lois et la r\u00e9glementation en vigueur.<\/strong> Bien au contraire, pr\u00f4ner une telle approche en pleine crise climatique et \u00e9cologique serait irresponsable. \u00ab Il est temps de miser sur une relance qui garantit la protection du territoire, de la biodiversit\u00e9 et de l\u2019environnement, qui ne laisse personne derri\u00e8re et qui n\u2019hypoth\u00e8que pas encore davantage l\u2019avenir de nos jeunes. Il s\u2019agit de l\u2019un de nos meilleurs rem\u00e8des pour garantir la r\u00e9silience de nos \u00e9cosyst\u00e8mes et le bien-\u00eatre de la soci\u00e9t\u00e9 qu\u00e9b\u00e9coise, aujourd\u2019hui et demain. \u00bb, concluent les signataires.&nbsp;&nbsp;<\/p>\n\n<p>-30-<\/p>\n\n<p><strong>ORGANISMES SIGNATAIRES DU COMMUNIQU\u00c9 CONJOINT <\/strong><strong><br><\/strong><strong>EN R\u00c9ACTION AU PROJET DE LOI 66<\/strong><\/p>\n\n<ol class=\"wp-block-list\"><li>Genevi\u00e8ve Paul, directrice g\u00e9n\u00e9rale, Centre qu\u00e9b\u00e9cois du droit de l\u2019environnement (CQDE)<\/li><li>Alice-Anne Simard, directrice g\u00e9n\u00e9rale, Nature Qu\u00e9bec<\/li><li>France-Isabelle Langlois, directrice g\u00e9n\u00e9rale, Amnistie internationale Canada francophone<\/li><li>Colleen Thorpe, directrice g\u00e9n\u00e9rale, \u00c9quiterre<\/li><li>Sylvain Gari\u00e9py, pr\u00e9sident, Ordre des urbanistes du Qu\u00e9bec<\/li><li>Martin Vaillancourt, directeur g\u00e9n\u00e9ral, Regroupement national des conseils r\u00e9gionaux de l\u2019environnement du Qu\u00e9bec (RNCREQ)<\/li><li>Jacques L\u00e9tourneau, pr\u00e9sident, Conf\u00e9d\u00e9ration des syndicats nationaux (CSN)<\/li><li>Chantal d\u2019Auteuil, directrice g\u00e9n\u00e9rale, Association des biologistes du Qu\u00e9bec<\/li><li>Shanie Roy, coordonnatrice, Regroupement des organismes en d\u00e9fense collective des droits<\/li><li>Denis Bolduc, secr\u00e9taire g\u00e9n\u00e9ral, FTQ <\/li><li>Dre Claudel P\u00e9trin-Desrosiers, pr\u00e9sidente, Association qu\u00e9b\u00e9coise des m\u00e9decins pour l\u2019environnement (AQME)<\/li><li>Christian Daigle, pr\u00e9sident g\u00e9n\u00e9ral, Syndicat de la fonction publique et parapublique du Qu\u00e9bec (SFPQ)<\/li><li>Eve-Marie Lacasse, coordonnatrice, Ligue des droits et libert\u00e9s<\/li><li>Andr\u00e9 B\u00e9langer, directeur g\u00e9n\u00e9ral, Fondation Rivi\u00e8res<\/li><li>Patrick Bonin, responsable de la campagne Climat-\u00c9nergie, Greenpeace Canada<\/li><li>Diego Creimer, co-directeur par int\u00e9rim, Fondation David Suzuki<\/li><li>Anne Dionne, deuxi\u00e8me vice-pr\u00e9sidente de la Centrale des syndicats du Qu\u00e9bec et responsable politique au mouvement des \u00c9tablissements verts Brundtland (EVB-CSQ)<\/li><li>Rosalie Thibault, Coalition \u00c9tudiante pour un Virage Environnemental et Social (CEVES)<\/li><li>Alain Branchaud, directeur g\u00e9n\u00e9ral, Soci\u00e9t\u00e9 pour la nature et les parcs (SNAP Qu\u00e9bec)<\/li><li>Christian Savard, directeur g\u00e9n\u00e9ral, Vivre en Ville<\/li><li>R\u00e9becca P\u00e9trin, directrice g\u00e9n\u00e9rale, Eau Secours<\/li><li>Dominique Daigneault, pr\u00e9sidente, Conseil central du Montr\u00e9al m\u00e9tropolitain-CSN<\/li><li>Audrey V\u00e9ronneau et Simon King, co-porte-paroles, La Plan\u00e8te S\u2019invite en Ing\u00e9nierie<\/li><li>Jennifer McKenna, Mouvement d\u2019\u00e9ducation populaire et d\u2019action communautaire du SLSJ<\/li><li>Catherine Gauthier, directrice g\u00e9n\u00e9rale, ENvironnement JEUnesse (ENJEU)<\/li><li>Le\u00efla Copti, pr\u00e9sidente et fondatrice, COPTICOM, Strat\u00e9gies &amp; relations publiques<\/li><li>Priscilla Gareau, directrice g\u00e9n\u00e9rale, biologiste Ph. D. Env., Groupe Ambioterra<\/li><li>Adrien Guibert-Barthez, co-porte-parole, Coalition Fjord<\/li><li>Henri Jacob, pr\u00e9sident, Action bor\u00e9ale<\/li><li>Sophie Paradis, directrice pour le Qu\u00e9bec, Fonds mondial pour la nature (WWF-Canada)<\/li><li>Val\u00e9rie L\u00e9pine, Mouvement d\u2019\u00e9ducation populaire et d\u2019action communautaire du Qu\u00e9bec\u00a0<\/li><li>Diane Messier, pr\u00e9sidente, L\u2019R des centres de femmes du Qu\u00e9bec\u00a0<\/li><li>Thibault Rehn, coordonnateur, Vigilance OGM<\/li><li>Hugo Fontaine Nemoto, pr\u00e9sident, et Annie Rochette, coordonnatrice aux Affaires Universitaires, Association \u00c9tudiante de Polytechnique<\/li><li>Martin Poirier, porte-parole, NON \u00e0 une mar\u00e9e noire dans le Saint-Laurent<\/li><li>Patricia Posadas, porte-parole, Prosp\u00e9rit\u00e9 Sans P\u00e9trole<\/li><li>Patrick Provost et Thierry Lef\u00e8vre, coordonnateurs, Regroupement Des Universitaires<\/li><li>H\u00e9l\u00e8ne Crevier, Mouvement citoyen Rive-Sud en Transition<\/li><li>Andr\u00e9 B\u00e9lisle, pr\u00e9sident, AQLPA\u00a0 Association qu\u00e9b\u00e9coise de lutte contre la pollution atmosph\u00e9rique<\/li><li>Berthine Jean Glouzon, directrice g\u00e9n\u00e9rale, Association Coop\u00e9rative d\u2019\u00c9conomie Familiale de l\u2019Outaouais<\/li><li>Claude Vaillancourt, pr\u00e9sident, ATTAC-Qu\u00e9bec<\/li><li>Jean-Fran\u00e7ois Boisvert, pr\u00e9sident, Coalition climat Montr\u00e9al<\/li><li>Emmanuel Rondia, directeur g\u00e9n\u00e9ral, Conseil r\u00e9gional de l\u2019environnement de Montr\u00e9al<\/li><li>\u00a0Roxane Tremblay, directrice environnement, CIMA+<\/li><li>Paul Casavant, pr\u00e9sident, TerraVie &#8211; fonds foncier communautaire<\/li><li>Pascal Bergeron, porte-parole, Environnement Vert Plus<\/li><li>Son Rihan, EcoTransitionMTL<\/li><li>Guillaume Jolicoeur, Comit\u00e9 de d\u00e9fense et de d\u00e9colonisation des territoires &#8211; Victoriaville<\/li><li>\u00a0Genevi\u00e8ve Malenfant-Robichaud, P\u00e9troliques Anonymes<\/li><li>Odette Sarrazin, coordonnatrice,\u00a0 Regroupement vigilance hydrocarbures Qu\u00e9bec (RVHQ)<\/li><li>Guy Boudreau, coordonnateur, Comit\u00e9 Vigilance Hydrocarbures de Lavaltrie<\/li><li>Joyce Renaud, pr\u00e9sidente, Mobilisation climat Trois-Rivi\u00e8res (MCTR)<\/li><li>Colette Provost, pr\u00e9sidente, Les oubli\u00e9s de l\u2019autobus<\/li><li>Christiane Bernier, porte-parole, Le danger de l\u2019insecticide Bti sur la biodiversit\u00e9<\/li><li>Michel Jett\u00e9, co-initiateur, D\u00e9claration d\u2019Urgence Climatique (DUC)<\/li><li>Olena Zotova, pr\u00e9sidente, La Plan\u00e8te s\u2019invite en sant\u00e9<\/li><li>Nicholas Ouellet, co-porte-parole, avocat, Gazoduq, parlons-en !<\/li><li>Lucie Mass\u00e9, porte-parole, Action Environnement Basses-Laurentides\u00a0<\/li><li>Chantal Jolicoeur, Comit\u00e9 de vigilance Hydrocarbures de L\u2019Assomption<\/li><li>Ir\u00e8ne Dupuis, pr\u00e9sidente, Lotbini\u00e8re en transition<\/li><li>Nicole Racine, porte-parole, Comit\u00e9 de Citoyens Responsables de B\u00e9cancour<\/li><li>Genevi\u00e8ve Tremblay-Racette, coordonnatrice, la Table ronde des organismes volontaires d\u2019\u00e9ducation populaire de l\u2019Outaouais (TROVEPO)<\/li><li>David Bouchard, coordonnateur, la Table ronde des organismes volontaires d\u2019\u00e9ducation populaire de l\u2019Estrie<\/li><li>Vania Wright-Larin, coordonnateur, Regroupement d\u2019\u00e9ducation populaire en action communautaire des r\u00e9gions de Qu\u00e9bec et Chaudi\u00e8re-Appalaches<\/li><li>Yannick Boulay, coordonnateur, Centre communautaire Entre-Nous<\/li><li>Jacques Benoit, GMob (GroupMobilisation)<\/li><li>Normand L Beaudet, co porte-parole, CAER &#8211; Coalition Alerte \u00e0 l\u2019Enfouissement Rivi\u00e8re-du-Nord<\/li><li>Chantal Levert, coordonnatrice g\u00e9n\u00e9rale, R\u00e9seau qu\u00e9b\u00e9cois des groupes \u00e9cologistes RQGE<\/li><li>Annie Tanguay, co-coordonnatrice, La Collective des femmes de Nicolet et r\u00e9gion<\/li><li>Marion Toucas, directrice g\u00e9n\u00e9rale, Eureko!<\/li><li>Alain Marois, vice-pr\u00e9sident \u00e0 la vie politique, F\u00e9d\u00e9ration autonome de l\u2019enseignement (FAE)<\/li><li>Fran\u00e7ois Duguay, coordonnateur, Association des groupes d\u2019\u00e9ducation populaire Centre-du-Qu\u00e9bec (AG\u00c9PA CDQ)<\/li><li>Sylvie R. Langlais, coordonnatrice g\u00e9n\u00e9rale, Centre de femmes Entre Ailes<\/li><li>France Simard, coordonnatrice, Mouvement Action Ch\u00f4mage Lac-Saint-Jean<\/li><li>Catherine Lussier, organisatrice communautaire, Front d\u2019action populaire en r\u00e9am\u00e9nagement urbain (FRAPRU)<\/li><li>Lyse Cloutier, formatrice, Carrefour de participation, formation et ressourcement<\/li><li>Tristan Ouimet-Savard, responsable de la mobilisation, R\u00e9seau qu\u00e9b\u00e9cois de l\u2019action communautaire autonome (RQ-ACA)<\/li><li>Jo\u00eblle Th\u00e9rien, agente de mobilisation et de communication, Centre de femmes du Haut-Richelieu<\/li><li>Andr\u00e9-Yanne Parent, directrice g\u00e9n\u00e9rale, Le Projet de la r\u00e9alit\u00e9 climatique Canada<\/li><li>Marguerite Rose, charg\u00e9e de projet financement, membership et partenariats, Association qu\u00e9b\u00e9coise Z\u00e9ro D\u00e9chet (AQZD)<\/li><li>Louis Ramirez, co-fondateur, Extinction R\u00e9bellion Qu\u00e9bec<\/li><li>Bertrand Fouss, D\u00e9veloppement et partenariats, Solon<\/li><li>Karel M\u00e9nard, directeur g\u00e9n\u00e9ral, Front commun qu\u00e9b\u00e9cois pour une gestion \u00e9cologique des d\u00e9chets (FCQGED)<\/li><\/ol>\n\n<p><\/p>\n","protected":false},"excerpt":{"rendered":"<p>Plus de 80 organisations environnementales et de d\u00e9fense des droits, syndicats, mouvements sociaux et citoyens, professionnel\u00b7le\u00b7s en environnement et am\u00e9nagement du territoire, acteurs et actrices du milieu acad\u00e9mique&#8230;<\/p>\n","protected":false},"author":19,"featured_media":43893,"comment_status":"open","ping_status":"open","sticky":false,"template":"","format":"standard","meta":{"ep_exclude_from_search":false,"p4_og_title":"","p4_og_description":"","p4_og_image":"","p4_og_image_id":"","p4_seo_canonical_url":"","p4_campaign_name":"not set","p4_local_project":"not set","p4_basket_name":"not set","p4_department":"","footnotes":""},"categories":[21],"tags":[41,43,47,48,49],"p4-page-type":[],"class_list":["post-43890","post","type-post","status-publish","format-standard","has-post-thumbnail","hentry","category-vivre-de-facon-durable","tag-climat","tag-forets","tag-petrole","tag-sante","tag-solutionsenergetiques"],"_links":{"self":[{"href":"https:\/\/www.greenpeace.org\/canada\/fr\/wp-json\/wp\/v2\/posts\/43890","targetHints":{"allow":["GET"]}}],"collection":[{"href":"https:\/\/www.greenpeace.org\/canada\/fr\/wp-json\/wp\/v2\/posts"}],"about":[{"href":"https:\/\/www.greenpeace.org\/canada\/fr\/wp-json\/wp\/v2\/types\/post"}],"author":[{"embeddable":true,"href":"https:\/\/www.greenpeace.org\/canada\/fr\/wp-json\/wp\/v2\/users\/19"}],"replies":[{"embeddable":true,"href":"https:\/\/www.greenpeace.org\/canada\/fr\/wp-json\/wp\/v2\/comments?post=43890"}],"version-history":[{"count":1,"href":"https:\/\/www.greenpeace.org\/canada\/fr\/wp-json\/wp\/v2\/posts\/43890\/revisions"}],"predecessor-version":[{"id":43895,"href":"https:\/\/www.greenpeace.org\/canada\/fr\/wp-json\/wp\/v2\/posts\/43890\/revisions\/43895"}],"wp:featuredmedia":[{"embeddable":true,"href":"https:\/\/www.greenpeace.org\/canada\/fr\/wp-json\/wp\/v2\/media\/43893"}],"wp:attachment":[{"href":"https:\/\/www.greenpeace.org\/canada\/fr\/wp-json\/wp\/v2\/media?parent=43890"}],"wp:term":[{"taxonomy":"category","embeddable":true,"href":"https:\/\/www.greenpeace.org\/canada\/fr\/wp-json\/wp\/v2\/categories?post=43890"},{"taxonomy":"post_tag","embeddable":true,"href":"https:\/\/www.greenpeace.org\/canada\/fr\/wp-json\/wp\/v2\/tags?post=43890"},{"taxonomy":"p4-page-type","embeddable":true,"href":"https:\/\/www.greenpeace.org\/canada\/fr\/wp-json\/wp\/v2\/p4-page-type?post=43890"}],"curies":[{"name":"wp","href":"https:\/\/api.w.org\/{rel}","templated":true}]}}