{"id":43918,"date":"2020-10-20T10:50:00","date_gmt":"2020-10-20T14:50:00","guid":{"rendered":"https:\/\/www.greenpeace.org\/canada\/?p=43918"},"modified":"2020-10-21T09:53:15","modified_gmt":"2020-10-21T13:53:15","slug":"greenpeace-est-solidaire-du-peuple-mikmaq","status":"publish","type":"post","link":"https:\/\/www.greenpeace.org\/canada\/fr\/blog-des-volontaires\/43918\/greenpeace-est-solidaire-du-peuple-mikmaq\/","title":{"rendered":"Greenpeace est solidaire du peuple Mi&rsquo;kmaq"},"content":{"rendered":"\n<p><strong>Tkaronto et Territoire Salish du littoral (Toronto et Vancouver) &#8211;<\/strong> <strong>En r\u00e9action aux attaques violentes et racistes contre les p\u00eacheurs mi\u2019kmaq en Nouvelle-\u00c9cosse, Shane Moffatt, responsable de la campagne Nature et Alimentation chez Greenpeace Canada, et Sarah King, responsable de la campagne Oc\u00e9ans et Plastiques ont d\u00e9clar\u00e9 :<\/strong><\/p>\n\n<p>\u00abLes images de la foule terrorisant les p\u00eacheurs mi&rsquo;kmaq cette semaine sont un rappel choquant des r\u00e9alit\u00e9s de la violence coloniale que subissent encore beaucoup trop de communaut\u00e9s autochtones qui ne cherchent qu\u2019\u00e0 exercer leurs droits. Que la GRC n&rsquo;ait pas voulu ou n\u2019ait pu faire son travail, reste qu\u2019elle a laiss\u00e9 tomber cette communaut\u00e9 et le pays tout entier.<\/p>\n\n<p>Qu\u2019il n\u2019y ait aucun doute : il ne s&rsquo;agit pas de questions de conservation ou de risque sanitaire pour les stocks de homards, mais du droit de p\u00eacher. Une discussion sur la conservation doit \u00eatre centr\u00e9e sur le respect du droit des Mi&rsquo;kmaq \u00e0 p\u00eacher, sur leur connaissance ancestrale du homard et sur la prise de d\u00e9cision dans leurs propres eaux. Nous avons vu \u00e0 maintes reprises que les peuples autochtones sont les meilleurs d\u00e9fenseurs de la terre et de l&rsquo;eau.<\/p>\n\n<p>De plus, le racisme syst\u00e9mique et le colonialisme ont provoqu\u00e9 des taux plus \u00e9lev\u00e9s de pauvret\u00e9 et d&rsquo;ins\u00e9curit\u00e9 alimentaire parmi de nombreuses communaut\u00e9s autochtones. La solution \u00e0 ces conditions passe \u00e9galement par le respect de leurs droits, de sorte que des personnes comme les p\u00eacheurs mi&rsquo;kmaq, y compris les femmes Mi&rsquo;kmaq, puissent gagner leur vie et nourrir leur famille.&nbsp;<\/p>\n\n<p>L&rsquo;inaction du gouvernement f\u00e9d\u00e9ral freine la r\u00e9conciliation. Il est temps de commencer \u00e0 d\u00e9fendre les droits de cette communaut\u00e9 vuln\u00e9rable et de faire en sorte que les responsables de la violence et de l&rsquo;intimidation soient tenus pour responsables. Nous ne pouvons pas permettre que l&rsquo;Histoire se r\u00e9p\u00e8te sans cesse.\u00bb<\/p>\n","protected":false},"excerpt":{"rendered":"<p>Greenpeace est solidaire du peuple Mi&rsquo;kmaq  en r\u00e9action aux attaques violentes et racistes contre les p\u00eacheurs Mi\u2019kmaq.<\/p>\n","protected":false},"author":19,"featured_media":43912,"comment_status":"open","ping_status":"open","sticky":false,"template":"","format":"standard","meta":{"ep_exclude_from_search":false,"p4_og_title":"","p4_og_description":"","p4_og_image":"","p4_og_image_id":"","p4_seo_canonical_url":"","p4_campaign_name":"not set","p4_local_project":"not set","p4_basket_name":"not set","p4_department":"","footnotes":""},"categories":[21],"tags":[38,40,46],"p4-page-type":[],"class_list":["post-43918","post","type-post","status-publish","format-standard","has-post-thumbnail","hentry","category-vivre-de-facon-durable","tag-alimentation","tag-autochtones","tag-oceans-fr"],"_links":{"self":[{"href":"https:\/\/www.greenpeace.org\/canada\/fr\/wp-json\/wp\/v2\/posts\/43918","targetHints":{"allow":["GET"]}}],"collection":[{"href":"https:\/\/www.greenpeace.org\/canada\/fr\/wp-json\/wp\/v2\/posts"}],"about":[{"href":"https:\/\/www.greenpeace.org\/canada\/fr\/wp-json\/wp\/v2\/types\/post"}],"author":[{"embeddable":true,"href":"https:\/\/www.greenpeace.org\/canada\/fr\/wp-json\/wp\/v2\/users\/19"}],"replies":[{"embeddable":true,"href":"https:\/\/www.greenpeace.org\/canada\/fr\/wp-json\/wp\/v2\/comments?post=43918"}],"version-history":[{"count":2,"href":"https:\/\/www.greenpeace.org\/canada\/fr\/wp-json\/wp\/v2\/posts\/43918\/revisions"}],"predecessor-version":[{"id":43920,"href":"https:\/\/www.greenpeace.org\/canada\/fr\/wp-json\/wp\/v2\/posts\/43918\/revisions\/43920"}],"wp:featuredmedia":[{"embeddable":true,"href":"https:\/\/www.greenpeace.org\/canada\/fr\/wp-json\/wp\/v2\/media\/43912"}],"wp:attachment":[{"href":"https:\/\/www.greenpeace.org\/canada\/fr\/wp-json\/wp\/v2\/media?parent=43918"}],"wp:term":[{"taxonomy":"category","embeddable":true,"href":"https:\/\/www.greenpeace.org\/canada\/fr\/wp-json\/wp\/v2\/categories?post=43918"},{"taxonomy":"post_tag","embeddable":true,"href":"https:\/\/www.greenpeace.org\/canada\/fr\/wp-json\/wp\/v2\/tags?post=43918"},{"taxonomy":"p4-page-type","embeddable":true,"href":"https:\/\/www.greenpeace.org\/canada\/fr\/wp-json\/wp\/v2\/p4-page-type?post=43918"}],"curies":[{"name":"wp","href":"https:\/\/api.w.org\/{rel}","templated":true}]}}