{"id":44054,"date":"2020-10-26T09:54:55","date_gmt":"2020-10-26T13:54:55","guid":{"rendered":"https:\/\/www.greenpeace.org\/canada\/?p=44054"},"modified":"2020-10-27T13:47:33","modified_gmt":"2020-10-27T17:47:33","slug":"memoire-gnl-quebec-a-quel-prix","status":"publish","type":"post","link":"https:\/\/www.greenpeace.org\/canada\/fr\/blog-des-volontaires\/44054\/memoire-gnl-quebec-a-quel-prix\/","title":{"rendered":"M\u00c9MOIRE: GNL Qu\u00e9bec, \u00e0 quel prix ?"},"content":{"rendered":"\n<div class=\"wp-block-image  caption-style-medium caption-alignment-center\"><figure class=\"aligncenter size-large is-resized\"><img loading=\"lazy\" decoding=\"async\" src=\"https:\/\/www.greenpeace.org\/static\/planet4-canada-stateless\/2020\/10\/4f07d040-me\u0301moire-gnl_facebook-1024x1024.png\" alt=\"\" class=\"wp-image-44071\" width=\"363\" height=\"363\" srcset=\"https:\/\/www.greenpeace.org\/static\/planet4-canada-stateless\/2020\/10\/4f07d040-me\u0301moire-gnl_facebook-1024x1024.png 1024w, https:\/\/www.greenpeace.org\/static\/planet4-canada-stateless\/2020\/10\/4f07d040-me\u0301moire-gnl_facebook-300x300.png 300w, https:\/\/www.greenpeace.org\/static\/planet4-canada-stateless\/2020\/10\/4f07d040-me\u0301moire-gnl_facebook-150x150.png 150w, https:\/\/www.greenpeace.org\/static\/planet4-canada-stateless\/2020\/10\/4f07d040-me\u0301moire-gnl_facebook-768x768.png 768w, https:\/\/www.greenpeace.org\/static\/planet4-canada-stateless\/2020\/10\/4f07d040-me\u0301moire-gnl_facebook-340x340.png 340w, https:\/\/www.greenpeace.org\/static\/planet4-canada-stateless\/2020\/10\/4f07d040-me\u0301moire-gnl_facebook.png 1080w\" sizes=\"auto, (max-width: 363px) 100vw, 363px\" \/><\/figure><\/div>\n\n<p>Le m\u00e9moire de Greenpeace se focalise davantage sur les impacts climatiques locaux et globaux du projet GNL Qu\u00e9bec. Il aborde \u00e9galement les risques que posent le projet GNL\/Gazoduq sur la population des b\u00e9lugas du Saint-Laurent.  Le m\u00e9moire contextualise le projet en le comparant aux tendances, \u00e9tudes et projections existantes pour le march\u00e9 des \u00e9nergies fossiles et celui du gaz sp\u00e9cifiquement.<\/p>\n\n<p class=\"has-text-align-center\"><strong>Cliquez sur ce bouton pour la version abr\u00e9g\u00e9e (30 pages) du m\u00e9moire.<\/strong><\/p>\n\n<div class=\"wp-block-buttons aligncenter is-layout-flex wp-block-buttons-is-layout-flex\">\n<div class=\"wp-block-button is-style-donate\"><a class=\"wp-block-button__link\" href=\"https:\/\/www.greenpeace.org\/static\/planet4-canada-stateless\/2020\/10\/05123246-re\u0301sume\u0301_me\u0301moire-gp-gnl-que\u0301bec_bape_-27-octobre-2020-.pdf\" target=\"_blank\" rel=\"noreferrer noopener\">R\u00c9SUM\u00c9 DU M\u00c9MOIRE<br>(VERSION ABR\u00c9G\u00c9E)<\/a><\/div>\n<\/div>\n\n<p>Greenpeace consid\u00e8re que le gaz fossile n\u2019est pas une \u00e9nergie de transition. Les r\u00e9serves de p\u00e9trole et de gaz dans l&rsquo;\u0153il de mire de l\u2019industrie d\u00e9passent le budget carbone restant alors que les \u00e9nergies renouvelables \u00e0 faible co\u00fbt peuvent facilement remplacer le gaz fossile et sa comp\u00e9tition par le gaz naturel liqu\u00e9fi\u00e9. Inversement, la construction d&rsquo;infrastructures gazi\u00e8res suppl\u00e9mentaires entravera la transition \u00e9nerg\u00e9tique en encourageant la consommation de gaz et nuiera aux \u00e9nergies renouvelables.<\/p>\n\n<p>Notre m\u00e9moire met l\u2019emphase sur l\u2019importance de faire une \u00e9valuation int\u00e9grale et globale de toutes les \u00e9missions du projet en amont et en aval. De ce point de vue, Greenpeace d\u00e9sapprouve la division du projet de GNL Qu\u00e9bec et de Gazoduq en deux projets distincts dans le cadre des \u00e9valuations environnementales alors qu\u2019il s\u2019agit d\u2019un seul et m\u00eame projet. En approuvant et en construisant le terminal, il cr\u00e9era une demande de gaz et garantira pratiquement que le gazoduc sera approuv\u00e9 et construit et que la production de gaz se d\u00e9veloppera en amont.<\/p>\n\n<p class=\"has-text-align-center\"><strong>Cliquez sur le bouton ci-dessous pour acc\u00e9der au m\u00e9moire dans sa version int\u00e9grale.<\/strong><\/p>\n\n<div class=\"wp-block-buttons aligncenter is-layout-flex wp-block-buttons-is-layout-flex\">\n<div class=\"wp-block-button is-style-donate\"><a class=\"wp-block-button__link\" href=\"https:\/\/www.greenpeace.org\/static\/planet4-canada-stateless\/2020\/10\/d70492d4-22.10.2020_me\u0301moire-sur-gnl-que\u0301bec_-version-finale-fr.pdf\" target=\"_blank\" rel=\"noreferrer noopener\"><span class=\"has-inline-color has-grey-900-color\">GNL QU\u00c9BEC : \u00c0 QUEL PRIX ?<\/span><\/a><\/div>\n<\/div>\n\n<p><\/p>\n","protected":false},"excerpt":{"rendered":"<p>Le m\u00e9moire de Greenpeace se focalise sur les impacts climatiques locaux et globaux du<br \/>\nprojet GNL Qu\u00e9bec. Le m\u00e9moire l\u2019ins\u00e8re et le contextualise en comparaison aux<br \/>\ntendances, \u00e9tudes et projections existantes pour le march\u00e9 des \u00e9nergies fossiles<br \/>\nlargement et celui du gaz sp\u00e9cifiquement.<br \/>\nGreenpeace consid\u00e8re que le gaz fossile n\u2019est pas une \u00e9nergie de transition. <\/p>\n","protected":false},"author":19,"featured_media":44073,"comment_status":"open","ping_status":"open","sticky":false,"template":"","format":"standard","meta":{"ep_exclude_from_search":false,"p4_og_title":"","p4_og_description":"","p4_og_image":"","p4_og_image_id":"","p4_seo_canonical_url":"","p4_campaign_name":"not set","p4_local_project":"not set","p4_basket_name":"not set","p4_department":"","footnotes":""},"categories":[20],"tags":[41,43,46,47,48,49],"p4-page-type":[],"class_list":["post-44054","post","type-post","status-publish","format-standard","has-post-thumbnail","hentry","category-climat","tag-climat","tag-forets","tag-oceans-fr","tag-petrole","tag-sante","tag-solutionsenergetiques"],"_links":{"self":[{"href":"https:\/\/www.greenpeace.org\/canada\/fr\/wp-json\/wp\/v2\/posts\/44054","targetHints":{"allow":["GET"]}}],"collection":[{"href":"https:\/\/www.greenpeace.org\/canada\/fr\/wp-json\/wp\/v2\/posts"}],"about":[{"href":"https:\/\/www.greenpeace.org\/canada\/fr\/wp-json\/wp\/v2\/types\/post"}],"author":[{"embeddable":true,"href":"https:\/\/www.greenpeace.org\/canada\/fr\/wp-json\/wp\/v2\/users\/19"}],"replies":[{"embeddable":true,"href":"https:\/\/www.greenpeace.org\/canada\/fr\/wp-json\/wp\/v2\/comments?post=44054"}],"version-history":[{"count":19,"href":"https:\/\/www.greenpeace.org\/canada\/fr\/wp-json\/wp\/v2\/posts\/44054\/revisions"}],"predecessor-version":[{"id":44158,"href":"https:\/\/www.greenpeace.org\/canada\/fr\/wp-json\/wp\/v2\/posts\/44054\/revisions\/44158"}],"wp:featuredmedia":[{"embeddable":true,"href":"https:\/\/www.greenpeace.org\/canada\/fr\/wp-json\/wp\/v2\/media\/44073"}],"wp:attachment":[{"href":"https:\/\/www.greenpeace.org\/canada\/fr\/wp-json\/wp\/v2\/media?parent=44054"}],"wp:term":[{"taxonomy":"category","embeddable":true,"href":"https:\/\/www.greenpeace.org\/canada\/fr\/wp-json\/wp\/v2\/categories?post=44054"},{"taxonomy":"post_tag","embeddable":true,"href":"https:\/\/www.greenpeace.org\/canada\/fr\/wp-json\/wp\/v2\/tags?post=44054"},{"taxonomy":"p4-page-type","embeddable":true,"href":"https:\/\/www.greenpeace.org\/canada\/fr\/wp-json\/wp\/v2\/p4-page-type?post=44054"}],"curies":[{"name":"wp","href":"https:\/\/api.w.org\/{rel}","templated":true}]}}