{"id":44138,"date":"2020-10-27T11:28:07","date_gmt":"2020-10-27T15:28:07","guid":{"rendered":"https:\/\/www.greenpeace.org\/canada\/?p=44138"},"modified":"2020-10-27T13:46:19","modified_gmt":"2020-10-27T17:46:19","slug":"avis-aux-medias-memoire-de-greenpeace-au-bape","status":"publish","type":"post","link":"https:\/\/www.greenpeace.org\/canada\/fr\/blog-des-volontaires\/44138\/avis-aux-medias-memoire-de-greenpeace-au-bape\/","title":{"rendered":"AVIS AUX M\u00c9DIAS :                                                      M\u00e9moire de Greenpeace au BAPE"},"content":{"rendered":"\n<p>27 OCTOBRE 2020<\/p>\n\n<h1 class=\"wp-block-heading\">#GNLQU\u00c9BEC : jusqu\u2019\u00e0 83 millions de tonnes potentielles de GES par ann\u00e9e sur 25 ans.<\/h1>\n\n<p><strong>MONTR\u00c9AL &#8211; <\/strong>Greenpeace pr\u00e9sente aujourd&rsquo;hui son m\u00e9moire au BAPE sur le projet \u00c9nergie Saguenay commun\u00e9ment appell\u00e9 &lsquo;GNL Qu\u00e9bec&rsquo;.\u200b \u200bLe m\u00e9moire de Greenpeace se focalise davantage sur les impacts climatiques locaux et globaux du projet GNL Qu\u00e9bec. Il aborde \u00e9galement les risques que posent le projet GNL\/Gazoduq sur la population des b\u00e9lugas du Saint-Laurent. Le m\u00e9moire contextualise le projet en le comparant aux tendances, \u00e9tudes et projections existantes pour le march\u00e9 des \u00e9nergies fossiles et celui du gaz sp\u00e9cifiquement.\u200b \u200bLe m\u00e9moire situe les \u00e9missions mondiales du projet entre 56 et 83 millions de tonnes d\u2019\u00e9quivalents CO2 (MtCO2e) par an d\u00e9pendamment du lieu et de l\u2019utilisation finale du gaz. Ceci \u00e9quivaut \u200b\u00e0 \u200bl\u200b\u200b\u200b\u200b\u200b\u200ba pollution de 12 \u00e0 18 millions de nouveaux v\u00e9hicules l\u00e9gers sur les routes.&nbsp;&nbsp;Greenpeace consid\u00e8re que le gaz fossile n\u2019est pas une \u00e9nergie de transition et souligne&nbsp;l\u2019importance de faire une \u00e9valuation int\u00e9grale et globale de toutes les \u00e9missions du projet en amont et en aval. De ce point de vue, Greenpeace d\u00e9sapprouve la division du projet de GNL Qu\u00e9bec et de Gazoduq en deux projets distincts dans le cadre des \u00e9valuations environnementales alors qu\u2019il s\u2019agit d\u2019un seul et m\u00eame projet.&nbsp;<\/p>\n\n<p><br><strong>QUOI: <\/strong>Pr\u00e9sentation du m\u00e9moire de Greenpeace, <strong><a href=\"https:\/\/www.greenpeace.org\/static\/planet4-canada-stateless\/2020\/10\/05123246-re\u0301sume\u0301_me\u0301moire-gp-gnl-que\u0301bec_bape_-27-octobre-2020-.pdf\" target=\"_blank\" rel=\"noreferrer noopener\">&lsquo;<em>GNL Qu\u00e9bec: \u00e0 quel prix ?&rsquo;<\/em><\/a><\/strong><\/p>\n\n<p><strong>QUAND:<\/strong> Mardi 27 Octobre 2020<\/p>\n\n<p><strong>HEURE: <\/strong>14H EST<\/p>\n\n<p><strong>O\u00d9:<\/strong> En ligne, page facebook du BAPE (@BAPEquebec)\u200b<\/p>\n\n<p><a rel=\"noreferrer noopener\" href=\"https:\/\/www.greenpeace.org\/canada\/fr\/communique-de-presse\/44121\/gnlquebec-jusqua-83-millions-de-tonnes-de-ges-par-annee-sur-25-ans\/\" target=\"_blank\">Lien vers le communiqu\u00e9<\/a>.<br>Lien vers le <a href=\"https:\/\/www.greenpeace.org\/static\/planet4-canada-stateless\/2020\/10\/05123246-re\u0301sume\u0301_me\u0301moire-gp-gnl-que\u0301bec_bape_-27-octobre-2020-.pdf\" target=\"_blank\" rel=\"noreferrer noopener\">R\u00e9sum\u00e9 du m\u00e9moire <\/a>(version int\u00e9grale <a rel=\"noreferrer noopener\" href=\"https:\/\/www.greenpeace.org\/canada\/fr\/communique-de-presse\/44054\/memoire-gnl-quebec-a-quel-prix\/\" target=\"_blank\">ici<\/a>)<\/p>\n\n<p><\/p>\n\n<p class=\"has-text-align-center\">-30-<\/p>\n\n<p><strong>Pour plus d\u2019informations, veuillez contacter:<\/strong>&nbsp;<\/p>\n\n<p>Loujain Kurdi, Conseill\u00e8re aux communications, Greenpeace Canada, +1 514-577-6657,&nbsp;loujain.kurdi@greenpeace.org&nbsp;<\/p>\n\n<p><\/p>\n","protected":false},"excerpt":{"rendered":"<p>Greenpeace pr\u00e9sente aujourd&rsquo;hui son m\u00e9moire au BAPE sur le projet \u00c9nergie Saguenay commun\u00e9ment appell\u00e9 &lsquo;GNL Qu\u00e9bec&rsquo;.\u200b \u200bLe m\u00e9moire de Greenpeace se focalise davantage sur les impacts climatiques locaux et globaux du projet GNL Qu\u00e9bec.<\/p>\n","protected":false},"author":19,"featured_media":44101,"comment_status":"open","ping_status":"open","sticky":false,"template":"","format":"standard","meta":{"ep_exclude_from_search":false,"p4_og_title":"","p4_og_description":"","p4_og_image":"","p4_og_image_id":"","p4_seo_canonical_url":"","p4_campaign_name":"not set","p4_local_project":"not set","p4_basket_name":"not set","p4_department":"","footnotes":""},"categories":[20],"tags":[41,43,46,47,49],"p4-page-type":[],"class_list":["post-44138","post","type-post","status-publish","format-standard","has-post-thumbnail","hentry","category-climat","tag-climat","tag-forets","tag-oceans-fr","tag-petrole","tag-solutionsenergetiques"],"_links":{"self":[{"href":"https:\/\/www.greenpeace.org\/canada\/fr\/wp-json\/wp\/v2\/posts\/44138","targetHints":{"allow":["GET"]}}],"collection":[{"href":"https:\/\/www.greenpeace.org\/canada\/fr\/wp-json\/wp\/v2\/posts"}],"about":[{"href":"https:\/\/www.greenpeace.org\/canada\/fr\/wp-json\/wp\/v2\/types\/post"}],"author":[{"embeddable":true,"href":"https:\/\/www.greenpeace.org\/canada\/fr\/wp-json\/wp\/v2\/users\/19"}],"replies":[{"embeddable":true,"href":"https:\/\/www.greenpeace.org\/canada\/fr\/wp-json\/wp\/v2\/comments?post=44138"}],"version-history":[{"count":6,"href":"https:\/\/www.greenpeace.org\/canada\/fr\/wp-json\/wp\/v2\/posts\/44138\/revisions"}],"predecessor-version":[{"id":44155,"href":"https:\/\/www.greenpeace.org\/canada\/fr\/wp-json\/wp\/v2\/posts\/44138\/revisions\/44155"}],"wp:featuredmedia":[{"embeddable":true,"href":"https:\/\/www.greenpeace.org\/canada\/fr\/wp-json\/wp\/v2\/media\/44101"}],"wp:attachment":[{"href":"https:\/\/www.greenpeace.org\/canada\/fr\/wp-json\/wp\/v2\/media?parent=44138"}],"wp:term":[{"taxonomy":"category","embeddable":true,"href":"https:\/\/www.greenpeace.org\/canada\/fr\/wp-json\/wp\/v2\/categories?post=44138"},{"taxonomy":"post_tag","embeddable":true,"href":"https:\/\/www.greenpeace.org\/canada\/fr\/wp-json\/wp\/v2\/tags?post=44138"},{"taxonomy":"p4-page-type","embeddable":true,"href":"https:\/\/www.greenpeace.org\/canada\/fr\/wp-json\/wp\/v2\/p4-page-type?post=44138"}],"curies":[{"name":"wp","href":"https:\/\/api.w.org\/{rel}","templated":true}]}}