{"id":44328,"date":"2020-10-29T14:53:19","date_gmt":"2020-10-29T18:53:19","guid":{"rendered":"https:\/\/www.greenpeace.org\/canada\/?p=44328"},"modified":"2020-11-04T13:56:46","modified_gmt":"2020-11-04T18:56:46","slug":"monsieur-le-ministre-charette-nous-naccepterons-aucun-recul-sur-les-aires-marines-protegees-au-quebec","status":"publish","type":"post","link":"https:\/\/www.greenpeace.org\/canada\/fr\/blog-des-volontaires\/44328\/monsieur-le-ministre-charette-nous-naccepterons-aucun-recul-sur-les-aires-marines-protegees-au-quebec\/","title":{"rendered":"Monsieur le Ministre Charette, nous n\u2019accepterons aucun recul sur les aires marines prot\u00e9g\u00e9es au Qu\u00e9bec."},"content":{"rendered":"\n<p><strong>Montr\u00e9al, Qu\u00e9bec et Saguenay, le 29 octobre 2020<\/strong> &#8211; En r\u00e9action \u00e0 l\u2019article de<a href=\"https:\/\/www.lapresse.ca\/actualites\/environnement\/2020-10-29\/projet-d-aire-marine-au-saguenay\/bon-pour-le-beluga-pas-pour-les-affaires.php?fbclid=IwAR1EEbprvk7UuXhDohDobZSWu3mNiLQtw8MZeWXURUNmKyQUHTsH3AUybyY\"> <\/a><a href=\"https:\/\/www.lapresse.ca\/actualites\/environnement\/2020-10-29\/projet-d-aire-marine-au-saguenay\/bon-pour-le-beluga-pas-pour-les-affaires.php?fbclid=IwAR1EEbprvk7UuXhDohDobZSWu3mNiLQtw8MZeWXURUNmKyQUHTsH3AUybyY\">La Presse <\/a>paru t\u00f4t ce matin d\u00e9voilant le retrait non-annonc\u00e9 d\u2019un projet d\u2019aire marine prot\u00e9g\u00e9e (AMP) situ\u00e9e entre Chicoutimi et le fjord de la liste des projets d\u2019AMP du gouvernement du Qu\u00e9bec, les groupes environnementaux tiennent \u00e0 avertir le premier ministre Fran\u00e7ois Legault et le ministre de l\u2019Environnement et de la Lutte contre les changements climatiques (MELCC) Benoit Charette&nbsp;: l\u2019\u00e9conomie non-durable et mono-industrielle ne peut, et ne passera pas, devant la protection et la conservation de l&rsquo;environnement de ce joyau du Qu\u00e9bec. Nous n\u2019accepterons aucun recul!<\/p>\n\n<p>Selon La Presse, le \u00ab gouvernement Legault a discr\u00e8tement retir\u00e9 de sa liste de projets d\u2019aires marines prot\u00e9g\u00e9es une section du Saguenay qui couvre notamment la zone portuaire o\u00f9 GNL Qu\u00e9bec souhaite construire une usine de liqu\u00e9faction de gaz naturel \u00bb, et cela \u00ab en raison de pr\u00e9occupations de nature \u00e9conomique port\u00e9es \u00e0 l\u2019attention du ministre \u00bb. C\u2019est du moins l\u2019information transmise par \u00e9crit par le MELCC en r\u00e9ponse \u00e0 diff\u00e9rentes questions pos\u00e9es par la commission du <em>Bureau d\u2019audiences publiques sur l\u2019environnement<\/em> (BAPE) charg\u00e9e de l\u2019\u00e9tude du projet \u00c9nergie Saguenay de GNL Qu\u00e9bec.<\/p>\n\n<p><strong>Responsabilit\u00e9s locales, nationales et internationales<\/strong><\/p>\n\n<p>Ce projet d\u2019AMP avait \u00e9t\u00e9 cibl\u00e9 notamment parce qu\u2019elle est riche en poissons-proies tels que le capelan et l\u2019\u00e9perlan arc-en-ciel, essentiels \u00e0 l\u2019alimentation du b\u00e9luga. La diminution de la quantit\u00e9 et de la qualit\u00e9 des proies est l\u2019un des trois facteurs qui nuisent au r\u00e9tablissement du b\u00e9luga du Saint-Laurent, une esp\u00e8ce menac\u00e9e au Qu\u00e9bec et en voie de disparition au f\u00e9d\u00e9ral, avec la pollution par les contaminants et le bruit maritime.<\/p>\n\n<p>Alors que le gouvernement du Qu\u00e9bec \u00e9tait fier d\u2019annoncer en septembre dernier qu\u2019il s\u2019approchait de son objectif de prot\u00e9ger 10 % de son territoire marin, le pouvoir discr\u00e9tionnaire accord\u00e9 au ministre du MELCC inqui\u00e9tait d\u00e9j\u00e0 plusieurs groupes. Avec cette d\u00e9couverte, nos inqui\u00e9tudes se confirment; les lobbys peuvent faire tomber les projets d\u2019aires marines prot\u00e9g\u00e9es pour des raisons purement \u00e9conomiques.<\/p>\n\n<p><strong>\u00c9conomie locale diversifi\u00e9e et durable<\/strong><\/p>\n\n<p>Selon le maire de Tadoussac, Charles Breton, le projet GNL inqui\u00e8te pour l\u2019image de marque et le tourisme local qui accueille chaque ann\u00e9e plus de 200 000 visiteur.e.s. Pas moins de 1000 emplois et 140 millions de dollars sont g\u00e9n\u00e9r\u00e9s chaque ann\u00e9e dans la petite municipalit\u00e9 par l\u2019industrie touristique, en plus des 295 millions d\u00e9pens\u00e9s par les touristes au Saguenay-Lac-Saint-Jean et les 3700 emplois cr\u00e9\u00e9s dans cette r\u00e9gion. Avons-nous le luxe de nous priver d\u2019une \u00e9conomie locale diversifi\u00e9e et durable?<\/p>\n\n<p><strong>Science de la conservation avant tout et avenir durable pour nos collectivit\u00e9s<\/strong><\/p>\n\n<p>Nos d\u00e9cisions doivent \u00eatre bas\u00e9es sur la science, et la science nous dit que ce site (devant l\u2019endroit pr\u00e9vu par GNL Qu\u00e9bec pour la construction de son usine) est tr\u00e8s important pour les esp\u00e8ces de poissons-proies dont s\u2019alimente le b\u00e9luga.<\/p>\n\n<p>Le projet d\u2019AMP n\u2019imposait pourtant aucune restriction additionnelle sur le transport maritime, et il est prouv\u00e9 que les AMP sont cr\u00e9atrices d\u2019emploi.<\/p>\n\n<p><strong>Toujours \u00e0 l\u2019\u00e9tude?<\/strong><\/p>\n\n<p>Nos gouvernements ont des responsabilit\u00e9s face aux esp\u00e8ces menac\u00e9es et \u00e0 leur protection. L\u2019estuaire et le golfe du Saint-Laurent font partie des sites prioritaires \u00e0 prot\u00e9ger. M\u00eame si le MELCC affirme que le projet est toujours \u00e0 l\u2019\u00e9tude, la cr\u00e9ation d\u2019aires marines prot\u00e9g\u00e9es dans ce secteur tra\u00eene depuis plus de 30 ans. De plus, comme ce secteur ne b\u00e9n\u00e9ficie d\u2019aucune protection provisoire, il pourrait perdre ses valeurs \u00e9cologiques et les raisons pour lesquelles les scientifiques souhaitent le prot\u00e9ger, \u00e0 cause des nombreux projets de d\u00e9veloppement industriel pr\u00e9vus dans le secteur dans les prochaines ann\u00e9es, dont celui de GNL Qu\u00e9bec.&nbsp; Monsieur le ministre, nous n\u2019accepterons aucun recul.<\/p>\n\n<p class=\"has-text-align-center\"><strong>-30-<\/strong><\/p>\n\n<p><strong>Signataires<\/strong><\/p>\n\n<p>Alice-Anne Simard, Nature Qu\u00e9bec<\/p>\n\n<p>Sophie Paradis, Fonds mondial pour la nature (WWF-Canada)<\/p>\n\n<p>Dominic Champagne, Pacte pour la transition<\/p>\n\n<p>Patrick Bonin, Greenpeace Canada<\/p>\n\n<p>Adrien Guibert-Barthez, Coalition Fjord<\/p>\n\n<p><strong>Pour plus de renseignements<\/strong><strong><br><\/strong>Laurence Cayer-Desrosiers, sp\u00e9cialiste communications, WWF-Canada<br><a href=\"mailto:lcdesrosiers@wwfcanada.org\">lcdesrosiers@wwfcanada.org<\/a>\u202f| 514-703-2409<\/p>\n","protected":false},"excerpt":{"rendered":"<p>Nos gouvernements ont des responsabilit\u00e9s face aux esp\u00e8ces menac\u00e9es et \u00e0 leur protection. L\u2019estuaire et le golfe du Saint-Laurent font partie des sites prioritaires \u00e0 prot\u00e9ger. <\/p>\n","protected":false},"author":19,"featured_media":44488,"comment_status":"open","ping_status":"open","sticky":false,"template":"","format":"standard","meta":{"ep_exclude_from_search":false,"p4_og_title":"","p4_og_description":"","p4_og_image":"","p4_og_image_id":"","p4_seo_canonical_url":"","p4_campaign_name":"not set","p4_local_project":"not set","p4_basket_name":"not set","p4_department":"","footnotes":""},"categories":[20],"tags":[46,47],"p4-page-type":[],"class_list":["post-44328","post","type-post","status-publish","format-standard","has-post-thumbnail","hentry","category-climat","tag-oceans-fr","tag-petrole"],"_links":{"self":[{"href":"https:\/\/www.greenpeace.org\/canada\/fr\/wp-json\/wp\/v2\/posts\/44328","targetHints":{"allow":["GET"]}}],"collection":[{"href":"https:\/\/www.greenpeace.org\/canada\/fr\/wp-json\/wp\/v2\/posts"}],"about":[{"href":"https:\/\/www.greenpeace.org\/canada\/fr\/wp-json\/wp\/v2\/types\/post"}],"author":[{"embeddable":true,"href":"https:\/\/www.greenpeace.org\/canada\/fr\/wp-json\/wp\/v2\/users\/19"}],"replies":[{"embeddable":true,"href":"https:\/\/www.greenpeace.org\/canada\/fr\/wp-json\/wp\/v2\/comments?post=44328"}],"version-history":[{"count":1,"href":"https:\/\/www.greenpeace.org\/canada\/fr\/wp-json\/wp\/v2\/posts\/44328\/revisions"}],"predecessor-version":[{"id":44330,"href":"https:\/\/www.greenpeace.org\/canada\/fr\/wp-json\/wp\/v2\/posts\/44328\/revisions\/44330"}],"wp:featuredmedia":[{"embeddable":true,"href":"https:\/\/www.greenpeace.org\/canada\/fr\/wp-json\/wp\/v2\/media\/44488"}],"wp:attachment":[{"href":"https:\/\/www.greenpeace.org\/canada\/fr\/wp-json\/wp\/v2\/media?parent=44328"}],"wp:term":[{"taxonomy":"category","embeddable":true,"href":"https:\/\/www.greenpeace.org\/canada\/fr\/wp-json\/wp\/v2\/categories?post=44328"},{"taxonomy":"post_tag","embeddable":true,"href":"https:\/\/www.greenpeace.org\/canada\/fr\/wp-json\/wp\/v2\/tags?post=44328"},{"taxonomy":"p4-page-type","embeddable":true,"href":"https:\/\/www.greenpeace.org\/canada\/fr\/wp-json\/wp\/v2\/p4-page-type?post=44328"}],"curies":[{"name":"wp","href":"https:\/\/api.w.org\/{rel}","templated":true}]}}