{"id":44991,"date":"2020-12-08T09:30:00","date_gmt":"2020-12-08T14:30:00","guid":{"rendered":"https:\/\/www.greenpeace.org\/canada\/?p=44991"},"modified":"2020-12-08T11:08:33","modified_gmt":"2020-12-08T16:08:33","slug":"plus-de-110-000-signatures-contre-gnl-gazoduq","status":"publish","type":"post","link":"https:\/\/www.greenpeace.org\/canada\/fr\/press-release\/44991\/plus-de-110-000-signatures-contre-gnl-gazoduq\/","title":{"rendered":"Plus de 110 000 signatures contre GNL\/ Gazoduq"},"content":{"rendered":"\n<p><em>P\u00e9tition remise aux \u00e9lu.es \u00e0 l\u2019Assembl\u00e9e nationale<\/em><\/p>\n\n<figure class=\"wp-block-image size-large  caption-style-medium caption-alignment-center\"><img loading=\"lazy\" decoding=\"async\" width=\"4000\" height=\"2666\" src=\"https:\/\/www.greenpeace.org\/static\/planet4-canada-stateless\/0b34eb58-de\u0301po\u0302t-pe\u0301tition-gnl-110000-a\u0300-an-a\u0300-qc-le-8.12.2020.jpg\" alt=\"\" class=\"wp-image-45013\"\/><\/figure>\n\n<p><strong>Qu\u00e9bec, le 8 d\u00e9cembre 2020 &#8211; <\/strong>Des groupes citoyens et des organismes environnementaux ont pr\u00e9sent\u00e9 aujourd\u2019hui aux \u00e9lu.es une <a href=\"https:\/\/www.non-gnl-quebec.com\/\">p\u00e9tition<\/a> regroupant plus de 110 000 signatures contre GNL\/Gazoduq \u00e0 l\u2019Assembl\u00e9e nationale. Selon les groupes, la p\u00e9tition d\u00e9pos\u00e9e est une preuve de plus que le projet ne b\u00e9n\u00e9ficie d\u2019aucune acceptabilit\u00e9 sociale.<\/p>\n\n<p>\u00ab Avec plus de 110 000 signatures, c\u2019est l\u2019une des plus grosses p\u00e9titions environnementales de l\u2019histoire du Qu\u00e9bec. Aussi, rappelons la participation citoyenne historique au BAPE cet automne et le fait que 80% des pr\u00e9sentations durant ce BAPE \u00e9taient contre le projet sans oublier la mobilisation citoyenne au Saguenay : 8 manifestations, 15 assembl\u00e9es citoyennes et 17 conf\u00e9rences et pr\u00e9sentations en deux ans seulement. Nous refusons de voir le fjord du Saguenay transform\u00e9 en autoroute de m\u00e9ga-m\u00e9thaniers et nous ne resterons pas les bras crois\u00e9s pendant que le b\u00e9luga dispara\u00eet. \u00bb <strong>explique Adrien Guibert-Barthez de la Coalition Fjord.<\/strong><\/p>\n\n<p>Ce sont des groupes citoyens de l\u2019Abitibi-T\u00e9miscamingue et du Saguenay-Lac-Saint-Jean qui ont lanc\u00e9 la p\u00e9tition au d\u00e9part. Depuis plus de deux ans, la mobilisation citoyenne contre le projet bat son plein dans ces deux r\u00e9gions, ainsi qu\u2019en Mauricie et sur la C\u00f4te-Nord. Rappelons qu\u2019un <a href=\"https:\/\/www.journaldequebec.com\/2020\/12\/02\/peu-dacceptabilite-sociale-pour-gnl-quebec-selon-un-sondage\">sondage <\/a>de la semaine derni\u00e8re montre que pr\u00e8s de la moiti\u00e9 de la population s\u2019oppose au projet, contre seulement le tiers de la population en faveur.\u00ab Ce sont nos communaut\u00e9s qui seraient les plus touch\u00e9es si le projet voit le jour. Nous ne voulons pas d\u2019un pipeline qui fracture le territoire sur plus de 780 km et endommage des milliers de cours d\u2019eau. Nous continuerons de nous battre contre GNL\/Gazoduq jusqu\u2019\u00e0 ce que ce projet destructeur soit d\u00e9finitivement abandonn\u00e9 \u00bb, <strong>indique Fran\u00e7ois Gagn\u00e9 de la Coalition anti-pipeline de Rouyn-Noranda.&nbsp;<\/strong><\/p>\n\n<p>Les groupes rappellent que l\u2019Assembl\u00e9e nationale a adopt\u00e9 \u00e0 l\u2019unanimit\u00e9 des motions&nbsp; appuyant l\u2019Accord de Paris (16 novembre 2016) et d\u00e9clarant l\u2019urgence climatique (25 septembre 2019). \u00ab Ce projet gazier ne peut exister et \u00eatre rentable que si les pays abandonnent l\u2019Accord de Paris, chose que la population du Qu\u00e9bec n\u2019acceptera jamais. Les d\u00e9put\u00e9-e-s ne peuvent pas reconna\u00eetre l\u2019urgence climatique d\u2019un c\u00f4t\u00e9 et appuyer GNL de l\u2019autre sachant que le projet entra\u00eenerait des \u00e9missions mondiales annuelles de plus de 50 millions de tonnes de GES, soit l\u2019\u00e9quivalent de la pollution g\u00e9n\u00e9r\u00e9e par plus de 10 millions de v\u00e9hicules par an pendant 25 ans. Le gouvernement doit rejeter ce projet qui serait un d\u00e9sastre pour le climat et pour lequel il n\u2019y a pas d\u2019acceptabilit\u00e9 sociale \u00bb,<strong> d\u00e9nonce Patrick Bonin de Greenpeace Canada.<\/strong><\/p>\n\n<p>Le texte de la p\u00e9tition mentionne non seulement les impacts potentiels du projet sur le climat mondial, mais aussi sur la biodiversit\u00e9 qu\u00e9b\u00e9coise. \u00ab GNL\/Gazoduq d\u00e9truirait et fragmenterait l\u2019habitat de plusieurs esp\u00e8ces, incluant des esp\u00e8ces menac\u00e9es ou vuln\u00e9rables comme le carcajou, la tortue mouchet\u00e9e, la paruline du Canada, les chauves-souris et le b\u00e9luga du Saint-Laurent, une esp\u00e8ce embl\u00e9matique sur le bord de l\u2019extinction. Alors que nous assistons pr\u00e9sentement \u00e0 la sixi\u00e8me extinction de masse, donner le feu vert \u00e0 un projet qui acc\u00e9l\u00e9rerait la d\u00e9gradation de la biodiversit\u00e9 au Qu\u00e9bec serait irresponsable \u00bb,<strong> affirme Alice-Anne Simard de Nature Qu\u00e9bec.<\/strong><\/p>\n\n<p>Non seulement les signataires de la p\u00e9tition demandent au gouvernement Legault de rejeter le projet, ils et elles demandent \u00e9galement de ne financer d&rsquo;aucune fa\u00e7on le projet avec des fonds publics, ce qui fait \u00e9cho au <a href=\"https:\/\/www.equiterre.org\/sites\/fichiers\/16239-001_-_omnigazoduq_-_vf.pdf\">sondage<\/a> diffus\u00e9 le 2 d\u00e9cembre d\u00e9montrant que la majorit\u00e9 des Qu\u00e9b\u00e9cois-e-s sont d\u00e9favorables \u00e0 une participation financi\u00e8re des gouvernements dans ce projet. \u00ab GNL\/Gazoduq est en s\u00e9rieuse difficult\u00e9 financi\u00e8re et l\u2019entreprise sait tr\u00e8s bien que sans argent public, son projet d\u2019exportation de son gaz dispendieux sur un march\u00e9 mondial satur\u00e9 ne sera jamais viable. Le gouvernement serait mal avis\u00e9 d\u2019engloutir l\u2019argent des contribuables dans ce puits sans fond; il doit \u00e9couter la population et proposer des projets de d\u00e9veloppement \u00e9conomique d\u2019avenir \u00bb, <strong>conclut Marc-Andr\u00e9 Viau d\u2019\u00c9quiterre.&nbsp;<\/strong><\/p>\n\n<p class=\"has-text-align-center\">-30-<\/p>\n\n<p><strong>Pour plus d\u2019informations, veuillez contacter :&nbsp;<\/strong><\/p>\n\n<p>En soutien aux ONG:<\/p>\n\n<p>Loujain Kurdi, Conseill\u00e8re en communications,+1 (514) 577-6657 ou loujain.kurdi@greenpeace.org<\/p>\n\n<p>Repr\u00e9sentant les groupes citoyens et la Coalition Fjord:<\/p>\n\n<p>Adrien Guibert-Barthez, Co-porte-parole, Coalition Fjord, (418) 376-3371<\/p>\n","protected":false},"excerpt":{"rendered":"<p>P\u00e9tition remise aux \u00e9lu.es \u00e0 l\u2019Assembl\u00e9e nationale<\/p>\n","protected":false},"author":19,"featured_media":45015,"comment_status":"open","ping_status":"open","sticky":false,"template":"","format":"standard","meta":{"ep_exclude_from_search":false,"p4_og_title":"","p4_og_description":"","p4_og_image":"","p4_og_image_id":"","p4_seo_canonical_url":"","p4_campaign_name":"not set","p4_local_project":"not set","p4_basket_name":"not set","p4_department":"","footnotes":""},"categories":[20,20],"tags":[41,47,49],"p4-page-type":[183],"class_list":{"0":"post-44991","1":"post","2":"type-post","3":"status-publish","4":"format-standard","5":"has-post-thumbnail","6":"hentry","7":"category-climat","9":"tag-climat","10":"tag-petrole","11":"tag-solutionsenergetiques","12":"p4-page-type-communique-de-presse"},"_links":{"self":[{"href":"https:\/\/www.greenpeace.org\/canada\/fr\/wp-json\/wp\/v2\/posts\/44991","targetHints":{"allow":["GET"]}}],"collection":[{"href":"https:\/\/www.greenpeace.org\/canada\/fr\/wp-json\/wp\/v2\/posts"}],"about":[{"href":"https:\/\/www.greenpeace.org\/canada\/fr\/wp-json\/wp\/v2\/types\/post"}],"author":[{"embeddable":true,"href":"https:\/\/www.greenpeace.org\/canada\/fr\/wp-json\/wp\/v2\/users\/19"}],"replies":[{"embeddable":true,"href":"https:\/\/www.greenpeace.org\/canada\/fr\/wp-json\/wp\/v2\/comments?post=44991"}],"version-history":[{"count":2,"href":"https:\/\/www.greenpeace.org\/canada\/fr\/wp-json\/wp\/v2\/posts\/44991\/revisions"}],"predecessor-version":[{"id":45017,"href":"https:\/\/www.greenpeace.org\/canada\/fr\/wp-json\/wp\/v2\/posts\/44991\/revisions\/45017"}],"wp:featuredmedia":[{"embeddable":true,"href":"https:\/\/www.greenpeace.org\/canada\/fr\/wp-json\/wp\/v2\/media\/45015"}],"wp:attachment":[{"href":"https:\/\/www.greenpeace.org\/canada\/fr\/wp-json\/wp\/v2\/media?parent=44991"}],"wp:term":[{"taxonomy":"category","embeddable":true,"href":"https:\/\/www.greenpeace.org\/canada\/fr\/wp-json\/wp\/v2\/categories?post=44991"},{"taxonomy":"post_tag","embeddable":true,"href":"https:\/\/www.greenpeace.org\/canada\/fr\/wp-json\/wp\/v2\/tags?post=44991"},{"taxonomy":"p4-page-type","embeddable":true,"href":"https:\/\/www.greenpeace.org\/canada\/fr\/wp-json\/wp\/v2\/p4-page-type?post=44991"}],"curies":[{"name":"wp","href":"https:\/\/api.w.org\/{rel}","templated":true}]}}