{"id":45142,"date":"2020-12-11T13:27:53","date_gmt":"2020-12-11T18:27:53","guid":{"rendered":"https:\/\/www.greenpeace.org\/canada\/?p=45142"},"modified":"2020-12-11T13:52:33","modified_gmt":"2020-12-11T18:52:33","slug":"reaction-de-greenpeace-au-plan-climatique-federal","status":"publish","type":"post","link":"https:\/\/www.greenpeace.org\/canada\/fr\/blog-des-volontaires\/45142\/reaction-de-greenpeace-au-plan-climatique-federal\/","title":{"rendered":"R\u00e9action de Greenpeace au plan climatique f\u00e9d\u00e9ral"},"content":{"rendered":"\n<figure class=\"wp-block-image size-large  caption-style-medium caption-alignment-center\"><img loading=\"lazy\" decoding=\"async\" width=\"855\" height=\"713\" src=\"https:\/\/www.greenpeace.org\/static\/planet4-canada-stateless\/2e697929-screen-shot-2020-12-11-at-1.18.44-pm.png\" alt=\"\" class=\"wp-image-45143\"\/><\/figure>\n\n<h4 class=\"wp-block-heading\"><strong>R\u00e9action de Greenpeace au plan climatique f\u00e9d\u00e9ral&nbsp;<\/strong><\/h4>\n\n<p><strong>MONTR\u00c9AL \u2014 <\/strong>En r\u00e9ponse \u00e0 l\u2019annonce du <a href=\"https:\/\/www.canada.ca\/fr\/environnement-changement-climatique\/nouvelles\/2020\/12\/un-environnement-sain-et-une-economie-saine.html\">plan climatique<\/a> par le gouvernement f\u00e9d\u00e9ral, Patrick Bonin, Responsable de la campagne Climat-\u00c9nergie chez Greenpeace Canada, a d\u00e9clar\u00e9:<\/p>\n\n<p>\u00ab L&rsquo;augmentation propos\u00e9e du prix sur le carbone est une mesure audacieuse permettant d\u2019appliquer le principe de pollueur-payeur qui est un \u00e9l\u00e9ment essentiel d\u2019un plan climatique, au m\u00eame titre que des r\u00e9glementations strictes et des investissements dans les \u00e9nergies propres. La collaboration avec l&rsquo;Europe et les \u00c9tats-Unis pour trouver des moyens novateurs de s&rsquo;assurer que les entreprises ne transf\u00e8rent pas leurs b\u00e9n\u00e9fices ou leurs activit\u00e9s dans des pays qui n&rsquo;ont pas de politique climatique solide contribuera \u00e0 faire en sorte que les grands pollueurs paient leur juste part.<\/p>\n\n<p>Il s&rsquo;agit d&rsquo;un plan s\u00e9rieux pour atteindre l\u2019objectif de r\u00e9duction des \u00e9missions de 30% pour 2030, mais le Canada devra en faire beaucoup plus pour respecter la science du climat et d\u00e9carboner enti\u00e8rement l\u2019\u00e9conomie de mani\u00e8re \u00e0 r\u00e9ellement prot\u00e9ger notre soci\u00e9t\u00e9 et les \u00e9cosyst\u00e8mes. Le Canada ne peut pas continuer \u00e0 pr\u00e9tendre qu&rsquo;il peut r\u00e9soudre la crise climatique tout en augmentant sa production de p\u00e9trole et de gaz et en construisant de nouveaux pipelines. Nous attendons encore le plan qui d\u00e9montrera comment le f\u00e9d\u00e9ral acc\u00e9l\u00e8rera la n\u00e9cessaire et in\u00e9vitable transition des combustibles fossiles vers les \u00e9nergies renouvelables, tout en cr\u00e9ant des emplois verts et en garantissant un traitement \u00e9quitable pour les travailleurs, les travailleuses et les communaut\u00e9s qui d\u00e9pendent des hydrocarbures. \u00bb<\/p>\n\n<p class=\"has-text-align-center\">-30-<\/p>\n\n<p><strong>Pour plus d\u2019information, veuillez contacter:<\/strong><\/p>\n\n<p>Laura Bergamo, Greenpeace Canada<\/p>\n\n<p><a href=\"mailto:laura.bergamo@greenpeace.org\">laura.bergamo@greenpeace.org<\/a> ; +1 438 928-5237<\/p>\n","protected":false},"excerpt":{"rendered":"<p>MONTR\u00c9AL \u2014 En r\u00e9ponse \u00e0 l\u2019annonce du plan climatique par le gouvernement f\u00e9d\u00e9ral, Patrick Bonin, Responsable de la campagne Climat-\u00c9nergie chez Greenpeace Canada, a d\u00e9clar\u00e9:<\/p>\n","protected":false},"author":77,"featured_media":45143,"comment_status":"open","ping_status":"open","sticky":false,"template":"","format":"standard","meta":{"ep_exclude_from_search":false,"p4_og_title":"R\u00e9action de Greenpeace au plan climatique f\u00e9d\u00e9ral","p4_og_description":"<p><strong data-rich-text-format-boundary=\"true\">MONTR\u00c9AL \u2014 <\/strong>En r\u00e9ponse \u00e0 l\u2019annonce du <a href=\"https:\/\/www.canada.ca\/fr\/environnement-changement-climatique\/nouvelles\/2020\/12\/un-environnement-sain-et-une-economie-saine.html\">plan climatique<\/a> par le gouvernement f\u00e9d\u00e9ral, Patrick Bonin, Responsable de la campagne Climat-\u00c9nergie chez Greenpeace Canada, a d\u00e9clar\u00e9:<\/p>","p4_og_image":"https:\/\/www.greenpeace.org\/static\/planet4-canada-stateless\/2e697929-screen-shot-2020-12-11-at-1.18.44-pm.png","p4_og_image_id":"45143","p4_seo_canonical_url":"","p4_campaign_name":"not set","p4_local_project":"not set","p4_basket_name":"not set","p4_department":"","footnotes":""},"categories":[20,19,21],"tags":[41,47,49],"p4-page-type":[],"class_list":["post-45142","post","type-post","status-publish","format-standard","has-post-thumbnail","hentry","category-climat","category-nature-fr","category-vivre-de-facon-durable","tag-climat","tag-petrole","tag-solutionsenergetiques"],"_links":{"self":[{"href":"https:\/\/www.greenpeace.org\/canada\/fr\/wp-json\/wp\/v2\/posts\/45142","targetHints":{"allow":["GET"]}}],"collection":[{"href":"https:\/\/www.greenpeace.org\/canada\/fr\/wp-json\/wp\/v2\/posts"}],"about":[{"href":"https:\/\/www.greenpeace.org\/canada\/fr\/wp-json\/wp\/v2\/types\/post"}],"author":[{"embeddable":true,"href":"https:\/\/www.greenpeace.org\/canada\/fr\/wp-json\/wp\/v2\/users\/77"}],"replies":[{"embeddable":true,"href":"https:\/\/www.greenpeace.org\/canada\/fr\/wp-json\/wp\/v2\/comments?post=45142"}],"version-history":[{"count":2,"href":"https:\/\/www.greenpeace.org\/canada\/fr\/wp-json\/wp\/v2\/posts\/45142\/revisions"}],"predecessor-version":[{"id":45146,"href":"https:\/\/www.greenpeace.org\/canada\/fr\/wp-json\/wp\/v2\/posts\/45142\/revisions\/45146"}],"wp:featuredmedia":[{"embeddable":true,"href":"https:\/\/www.greenpeace.org\/canada\/fr\/wp-json\/wp\/v2\/media\/45143"}],"wp:attachment":[{"href":"https:\/\/www.greenpeace.org\/canada\/fr\/wp-json\/wp\/v2\/media?parent=45142"}],"wp:term":[{"taxonomy":"category","embeddable":true,"href":"https:\/\/www.greenpeace.org\/canada\/fr\/wp-json\/wp\/v2\/categories?post=45142"},{"taxonomy":"post_tag","embeddable":true,"href":"https:\/\/www.greenpeace.org\/canada\/fr\/wp-json\/wp\/v2\/tags?post=45142"},{"taxonomy":"p4-page-type","embeddable":true,"href":"https:\/\/www.greenpeace.org\/canada\/fr\/wp-json\/wp\/v2\/p4-page-type?post=45142"}],"curies":[{"name":"wp","href":"https:\/\/api.w.org\/{rel}","templated":true}]}}