{"id":45158,"date":"2020-12-14T14:10:04","date_gmt":"2020-12-14T19:10:04","guid":{"rendered":"https:\/\/www.greenpeace.org\/canada\/?p=45158"},"modified":"2021-12-06T06:24:31","modified_gmt":"2021-12-06T11:24:31","slug":"notre-gouvernement-doit-agir-car-ce-qui-se-passe-en-amazonie-nous-concerne-tous","status":"publish","type":"post","link":"https:\/\/www.greenpeace.org\/canada\/fr\/story\/45158\/notre-gouvernement-doit-agir-car-ce-qui-se-passe-en-amazonie-nous-concerne-tous\/","title":{"rendered":"Notre gouvernement doit agir, car ce qui se passe en Amazonie nous concerne tou\u00b7te\u00b7s"},"content":{"rendered":"\n<figure class=\"wp-block-image size-large  caption-style-medium caption-alignment-center\"><img loading=\"lazy\" decoding=\"async\" width=\"800\" height=\"533\" src=\"https:\/\/www.greenpeace.org\/static\/planet4-canada-stateless\/4113cd85-gp0stu59t_web_size.jpg\" alt=\"\" class=\"wp-image-45159\"\/><figcaption>Membre du peuple Huni Kuin face \u00e0 la destruction caus\u00e9 par les feux, Acre, Br\u00e9sil, septembre 2019<div class=\"credit icon-left\"> \u00a9 Denisa \u0160terbov\u00e1 \/ Greenpeace<\/div><\/figcaption><\/figure>\n\n<p><strong>La for\u00eat amazonienne fait face \u00e0 la plus grande menace qu\u2019elle ait connue jusqu\u2019ici.<\/strong> Ce vaste havre qui assure la pr\u00e9servation de la biodiversit\u00e9 et le stockage du carbone, o\u00f9 habitent des centaines de peuples autochtones, est en train d&rsquo;\u00eatre d\u00e9cim\u00e9. En effet, les b\u00fbcherons, les \u00e9leveurs et les accapareurs de terres li\u00e9s aux grandes entreprises p\u00e9n\u00e8trent dans la for\u00eat afin de l\u2019exploiter. Les incendies et la d\u00e9forestation se sont multipli\u00e9s sous le gouvernement d\u2019extr\u00eame-droite du pr\u00e9sident Jair Bolsonaro, qui a activement port\u00e9 atteinte au respect de l\u2019environnement et aux droits des peuples autochtones.<\/p>\n\n<p>C\u2019est pourquoi, nous venons de lancer <strong><a href=\"https:\/\/www.greenpeace.org\/canada\/fr\/histoires\/45038\/lavenir-de-la-foret-amazonienne-se-joue-maintenant\/\">une p\u00e9tition \u00e0 la Chambre des communes<\/a> demandant au ministre des Affaires \u00e9trang\u00e8res du Canada<\/strong> de <strong>rejeter l\u2019accord de libre-\u00e9change avec le Br\u00e9sil<\/strong> et de <strong>d\u00e9noncer les atteintes du gouvernement br\u00e9silien \u00e0 l&rsquo;environnement et aux droits de la personne<\/strong>.<\/p>\n\n<p><strong>Nous ne sommes pas une coalition typique.<\/strong> Notre groupe est form\u00e9 d\u2019un m\u00e9decin, d\u2019une d\u00e9fenseuse des droits autochtones, d\u2019une d\u00e9fenseuse de l&rsquo;agriculture durable, d\u2019un syndicaliste, ainsi que plusieurs d\u00e9fenseur\u00b7es et militant\u00b7es de mouvements citoyens pour le climat et la justice. <strong>Mais cet accord soul\u00e8ve plusieurs questions qui nous concernent tous et toutes et vous concernent aussi.<\/strong><\/p>\n\n<p><strong>La question des droits de la personne<\/strong> : \u00c0 titre de gardiens et de protecteurs de la for\u00eat depuis des mill\u00e9naires, les peuples autochtones de l&rsquo;Amazonie doivent sonner l&rsquo;alarme encore une fois. Ils sont confront\u00e9s \u00e0 des <strong>niveaux \u00e9lev\u00e9s de violence<\/strong> (et \u00e0 la COVID-19), car les accapareurs de terres empi\u00e8tent sur leurs territoires. Le gouvernement br\u00e9silien a bloqu\u00e9 le processus de d\u00e9signation de terres autochtones suppl\u00e9mentaires et a grandement <strong>sap\u00e9 les droits des Autochtones<\/strong>.<\/p>\n\n<p><strong>La question du syst\u00e8me alimentaire<\/strong> : l\u2019accord de libre-\u00e9change propos\u00e9 entre le Canada et les pays du Mercosur, dont fait partie le Br\u00e9sil, contribuera \u00e0 accentuer la destruction environnementale caus\u00e9e par l&rsquo;agriculture industrielle. Il profitera aux grandes entreprises agroalimentaires, notamment l\u2019\u00e9levage bovin, le soja et les autres denr\u00e9es qui sont intimement li\u00e9es \u00e0 la <strong>destruction des \u00e9cosyst\u00e8mes<\/strong>. Un tel accord nous <strong>\u00e9loignerait du syst\u00e8me alimentaire durable et \u00e9quitable dont nous avons besoin<\/strong> pour assurer notre propre sant\u00e9 et s\u00e9curit\u00e9.<\/p>\n\n<p><strong>La question du climat<\/strong> : la for\u00eat amazonienne a un effet r\u00e9gulateur sur le climat mondial. Elle r\u00e9partit les pluies \u00e0 travers l&rsquo;Am\u00e9rique du Sud et influence les conditions m\u00e9t\u00e9orologiques dans le monde entier. Elle absorbe des <strong>milliards de tonnes de dioxyde de carbone de l&rsquo;atmosph\u00e8re et le stocke dans des centaines de milliards d&rsquo;<\/strong>arbres.<\/p>\n\n<p><strong>La question de la sant\u00e9<\/strong> : les scientifiques ont \u00e9tabli une nette corr\u00e9lation entre la disparition de la for\u00eat tropicale et les pand\u00e9mies. <strong>Le d\u00e9clin de la biodiversit\u00e9 favorise la propagation des virus<\/strong> et leur transmission aux humains. Notre sant\u00e9 et la sant\u00e9 de la for\u00eat sont \u00e9troitement li\u00e9es.<\/p>\n\n<p><strong>La question de la survie<\/strong> : les scientifiques pr\u00e9viennent que l&rsquo;Amazonie s\u2019achemine vers un point de non-retour au-del\u00e0 duquel la for\u00eat tropicale ne pourra plus assurer sa survie. Si cela se produit, il y aura une <strong>disparition massive<\/strong> des esp\u00e8ces v\u00e9g\u00e9tales et animales, qui menacera \u00e0 son tour <strong>la survie culturelle et physique des peuples autochtones<\/strong> et d&rsquo;autres communaut\u00e9s locales. Et il sera d&rsquo;autant plus difficile d&rsquo;\u00e9viter un <strong>changement climatique incontr\u00f4lable<\/strong>.<\/p>\n\n<p>Merci de vous joindre \u00e0 nous pour convaincre le gouvernement d\u2019agir.<\/p>\n\n<p>Sign\u00e9e par :&nbsp;<\/p>\n\n<p>Sophie B\u00e9dard et Ruby Swartz, Fridays for Future Toronto<br>Marie-Jos\u00e9e B\u00e9liveau, Alternatives et Collectif Femmes pour le Climat<br>Dr. Warren Bell, M\u00e9decin de famille et ancien pr\u00e9sident fondateur de l\u2019Association Canadienne des M\u00e9decins pour l\u2019Environnement (ACME)<br>Dave Bleakney, 2e vice-pr\u00e9sident national du Syndicat des travailleurs et travailleuses des postes (STTP)<br>Ronald Cameron, Plateforme altermondialiste<br>Catherine Caron, Centre Justice et Foi et revue Relations<br>Ana Collins, Conseill\u00e8re aux droits des Autochtones \u00e0 Amnistie internationale Canada<br>Reykia Fick, Greenpeace Canada<br>Gabriel Leblanc, Paysan \u00e0 La Ferme de la D\u00e9rive et administrateur \u00e0 Union paysanne<br>Gustavo Monteiro, Collectif Br\u00e9sil-Montr\u00e9al<br>Marie-Jos\u00e9e Renaud, Coordonnatrice de l\u2019Union paysanne<br>Claude Vaillancourt, Pr\u00e9sident de l\u2019Association qu\u00e9b\u00e9coise pour la taxation des transactions financi\u00e8res et pour l\u2019action citoyenne (ATTAC-Qu\u00e9bec)<\/p>\n\n<p><em>Cette article d&rsquo;opinion a \u00e9t\u00e9 originalement publi\u00e9e en anglais dans The Hill Times.<\/em><\/p>\n<div class=\"EmptyMessage\">Block content is empty. Check the block&rsquo;s settings or remove it.<\/div>","protected":false},"excerpt":{"rendered":"<p>La for\u00eat amazonienne fait face \u00e0 la plus grande menace qu\u2019elle ait connue jusqu\u2019ici. C\u2019est pourquoi, nous venons de lancer une p\u00e9tition \u00e0 la Chambre des communes.<\/p>\n","protected":false},"author":59,"featured_media":45159,"comment_status":"open","ping_status":"open","sticky":false,"template":"","format":"standard","meta":{"ep_exclude_from_search":false,"p4_og_title":"","p4_og_description":"","p4_og_image":"","p4_og_image_id":"","p4_seo_canonical_url":"","p4_campaign_name":"not set","p4_local_project":"not set","p4_basket_name":"not set","p4_department":"","footnotes":""},"categories":[19],"tags":[38,40,41,43],"p4-page-type":[16],"class_list":["post-45158","post","type-post","status-publish","format-standard","has-post-thumbnail","hentry","category-nature-fr","tag-alimentation","tag-autochtones","tag-climat","tag-forets","p4-page-type-story"],"_links":{"self":[{"href":"https:\/\/www.greenpeace.org\/canada\/fr\/wp-json\/wp\/v2\/posts\/45158","targetHints":{"allow":["GET"]}}],"collection":[{"href":"https:\/\/www.greenpeace.org\/canada\/fr\/wp-json\/wp\/v2\/posts"}],"about":[{"href":"https:\/\/www.greenpeace.org\/canada\/fr\/wp-json\/wp\/v2\/types\/post"}],"author":[{"embeddable":true,"href":"https:\/\/www.greenpeace.org\/canada\/fr\/wp-json\/wp\/v2\/users\/59"}],"replies":[{"embeddable":true,"href":"https:\/\/www.greenpeace.org\/canada\/fr\/wp-json\/wp\/v2\/comments?post=45158"}],"version-history":[{"count":5,"href":"https:\/\/www.greenpeace.org\/canada\/fr\/wp-json\/wp\/v2\/posts\/45158\/revisions"}],"predecessor-version":[{"id":51198,"href":"https:\/\/www.greenpeace.org\/canada\/fr\/wp-json\/wp\/v2\/posts\/45158\/revisions\/51198"}],"wp:featuredmedia":[{"embeddable":true,"href":"https:\/\/www.greenpeace.org\/canada\/fr\/wp-json\/wp\/v2\/media\/45159"}],"wp:attachment":[{"href":"https:\/\/www.greenpeace.org\/canada\/fr\/wp-json\/wp\/v2\/media?parent=45158"}],"wp:term":[{"taxonomy":"category","embeddable":true,"href":"https:\/\/www.greenpeace.org\/canada\/fr\/wp-json\/wp\/v2\/categories?post=45158"},{"taxonomy":"post_tag","embeddable":true,"href":"https:\/\/www.greenpeace.org\/canada\/fr\/wp-json\/wp\/v2\/tags?post=45158"},{"taxonomy":"p4-page-type","embeddable":true,"href":"https:\/\/www.greenpeace.org\/canada\/fr\/wp-json\/wp\/v2\/p4-page-type?post=45158"}],"curies":[{"name":"wp","href":"https:\/\/api.w.org\/{rel}","templated":true}]}}