{"id":45372,"date":"2020-12-21T15:23:55","date_gmt":"2020-12-21T20:23:55","guid":{"rendered":"https:\/\/www.greenpeace.org\/canada\/?p=45372"},"modified":"2020-12-21T15:23:59","modified_gmt":"2020-12-21T20:23:59","slug":"inventaire-quebecois-des-ges-le-quebec-recule-et-perd-du-terrain-dans-la-lutte-contre-les-changements-climatiques","status":"publish","type":"post","link":"https:\/\/www.greenpeace.org\/canada\/fr\/blog-des-volontaires\/45372\/inventaire-quebecois-des-ges-le-quebec-recule-et-perd-du-terrain-dans-la-lutte-contre-les-changements-climatiques\/","title":{"rendered":"Inventaire qu\u00e9b\u00e9cois des GES: le Qu\u00e9bec recule et perd du terrain dans la lutte contre les changements climatiques"},"content":{"rendered":"\n<p><strong>MONTR\u00c9AL \u2014<\/strong> En r\u00e9ponse \u00e0 la publication de l<a href=\"http:\/\/www.environnement.gouv.qc.ca\/changements\/ges\/2018\/inventaire1990-2018.pdf\">\u2019inventaire <\/a>qu\u00e9b\u00e9cois des \u00e9missions de gaz \u00e0 effet de serre en 2018 qui d\u00e9montre que la diminution des \u00e9missions de GES en sol qu\u00e9b\u00e9cois s\u2019\u00e9tablit \u00e0 6% entre 1990 et 2018 alors qu\u2019elle \u00e9tait de 8,7% l\u2019an dernier, Patrick Bonin, Responsable de la campagne Climat-\u00c9nergie chez Greenpeace Canada, a d\u00e9clar\u00e9:<\/p>\n\n<p>\u00ab Cet inventaire confirme l\u2019inqui\u00e9tante tendance des derni\u00e8res ann\u00e9es alors que les \u00e9missions au Qu\u00e9bec stagnent au lieu de diminuer rapidement. Pire encore, le Qu\u00e9bec recule et perd du terrain dans la lutte contre les changements climatiques, cons\u00e9quence directe du laxisme du gouvernement pr\u00e9c\u00e9dent. Malheureusement, l\u2019attitude du gouvernement Legault ne laisse pas pr\u00e9sager de virage drastique pour r\u00e9duire les \u00e9missions, en particulier dans les transports, alors qu\u2019il propose encore l\u2019expansion d\u2019autoroutes, favorise l\u2019\u00e9talement urbain et refuse de v\u00e9ritablement s\u2019attaquer aux v\u00e9hicules les plus polluants.<\/p>\n\n<p>Au-del\u00e0 d\u2019investissements suppl\u00e9mentaires dans les transports collectifs, le gouvernement devra rejeter le projet GNL-Qu\u00e9bec, mettre des limites aux grands pollueurs en renfor\u00e7ant le march\u00e9 du carbone et sa loi sur les v\u00e9hicules z\u00e9ro \u00e9mission, interdire la vente de v\u00e9hicules \u00e0 essence neufs d\u2019ici 2030 et en mettre en place un v\u00e9ritable syst\u00e8me de bonus-malus pour encourager l\u2019achat de v\u00e9hicules \u00e9co\u00e9nerg\u00e9tiques et d\u00e9courager l\u2019achat de v\u00e9hicules \u00e9nergivores.<\/p>\n\n<p>Le gouvernement Legault doit rapidement bonifier son plan d\u2019action climatique qui ne propose que 40% des mesures n\u00e9cessaires pour atteindre la cible de 2030 alors que cette cible n\u2019est pas assez ambitieuse par rapport \u00e0 ce qu\u2019exige la science. La crise climatique requiert une r\u00e9ponse nationale et collective \u00e9gale \u00e0 celle du coronavirus. \u00bb<\/p>\n\n<p>Greenpeace rappelle que pour esp\u00e9rer limiter le r\u00e9chauffement de la plan\u00e8te \u00e0 1,5\u00b0C qui est l\u2019objectif fix\u00e9 par l\u2019Accord de Paris \u2013 alors que le monde s\u2019est d\u00e9j\u00e0 r\u00e9chauff\u00e9 <a href=\"https:\/\/public.wmo.int\/fr\/medias\/communiqu%C3%A9s-de-presse\/2020-est-en-passe-de-devenir-l%E2%80%99une-des-trois-ann%C3%A9es-les-plus-chaudes\">d\u2019environ 1,2 \u00b0C<\/a> \u2013 il faut r\u00e9duire les \u00e9missions mondiales de gaz \u00e0 effet de serre de<a href=\"https:\/\/www.unenvironment.org\/fr\/actualites-et-recits\/communique-de-presse\/il-faut-reduire-les-emissions-mondiales-de-76-par-au\"> 7,6% par an entre 2020 et 2030<\/a>. Cela correspond \u00e0 un total de 55% de baisse entre 2018 et 2030.\u00a0<\/p>\n\n<p class=\"has-text-align-center\">\u201330\u2013<\/p>\n\n<p><strong>Pour plus d\u2019informations, veuillez contacter :&nbsp;<\/strong><\/p>\n\n<p>Loujain Kurdi, communications, Greenpeace Canada,\u00a0<a rel=\"noreferrer noopener\" href=\"mailto:lokurdi@greenpeace.org\" target=\"_blank\">loujain.kurdi@greenpeace.org<\/a>\u00a0, 514-577-6657<\/p>\n","protected":false},"excerpt":{"rendered":"<p>MONTR\u00c9AL \u2014 En r\u00e9ponse \u00e0 la publication de l\u2019inventaire qu\u00e9b\u00e9cois des \u00e9missions de gaz \u00e0 effet de serre en 2018 qui d\u00e9montre que la diminution des \u00e9missions de GES en&hellip;<\/p>\n","protected":false},"author":19,"featured_media":45374,"comment_status":"open","ping_status":"open","sticky":false,"template":"","format":"standard","meta":{"ep_exclude_from_search":false,"p4_og_title":"","p4_og_description":"","p4_og_image":"","p4_og_image_id":"","p4_seo_canonical_url":"","p4_campaign_name":"not set","p4_local_project":"not set","p4_basket_name":"not set","p4_department":"","footnotes":""},"categories":[20],"tags":[41,47,49],"p4-page-type":[],"class_list":["post-45372","post","type-post","status-publish","format-standard","has-post-thumbnail","hentry","category-climat","tag-climat","tag-petrole","tag-solutionsenergetiques"],"_links":{"self":[{"href":"https:\/\/www.greenpeace.org\/canada\/fr\/wp-json\/wp\/v2\/posts\/45372","targetHints":{"allow":["GET"]}}],"collection":[{"href":"https:\/\/www.greenpeace.org\/canada\/fr\/wp-json\/wp\/v2\/posts"}],"about":[{"href":"https:\/\/www.greenpeace.org\/canada\/fr\/wp-json\/wp\/v2\/types\/post"}],"author":[{"embeddable":true,"href":"https:\/\/www.greenpeace.org\/canada\/fr\/wp-json\/wp\/v2\/users\/19"}],"replies":[{"embeddable":true,"href":"https:\/\/www.greenpeace.org\/canada\/fr\/wp-json\/wp\/v2\/comments?post=45372"}],"version-history":[{"count":2,"href":"https:\/\/www.greenpeace.org\/canada\/fr\/wp-json\/wp\/v2\/posts\/45372\/revisions"}],"predecessor-version":[{"id":45377,"href":"https:\/\/www.greenpeace.org\/canada\/fr\/wp-json\/wp\/v2\/posts\/45372\/revisions\/45377"}],"wp:featuredmedia":[{"embeddable":true,"href":"https:\/\/www.greenpeace.org\/canada\/fr\/wp-json\/wp\/v2\/media\/45374"}],"wp:attachment":[{"href":"https:\/\/www.greenpeace.org\/canada\/fr\/wp-json\/wp\/v2\/media?parent=45372"}],"wp:term":[{"taxonomy":"category","embeddable":true,"href":"https:\/\/www.greenpeace.org\/canada\/fr\/wp-json\/wp\/v2\/categories?post=45372"},{"taxonomy":"post_tag","embeddable":true,"href":"https:\/\/www.greenpeace.org\/canada\/fr\/wp-json\/wp\/v2\/tags?post=45372"},{"taxonomy":"p4-page-type","embeddable":true,"href":"https:\/\/www.greenpeace.org\/canada\/fr\/wp-json\/wp\/v2\/p4-page-type?post=45372"}],"curies":[{"name":"wp","href":"https:\/\/api.w.org\/{rel}","templated":true}]}}