{"id":45601,"date":"2021-01-19T10:57:38","date_gmt":"2021-01-19T15:57:38","guid":{"rendered":"https:\/\/www.greenpeace.org\/canada\/?p=45601"},"modified":"2021-12-06T06:24:15","modified_gmt":"2021-12-06T11:24:15","slug":"se-faire-passer-un-sapin-savez-vous-ce-que-cest","status":"publish","type":"post","link":"https:\/\/www.greenpeace.org\/canada\/fr\/blog-des-volontaires\/45601\/se-faire-passer-un-sapin-savez-vous-ce-que-cest\/","title":{"rendered":"Se faire passer un sapin, savez-vous ce que c&rsquo;est ?"},"content":{"rendered":"\n<figure class=\"wp-block-image size-large  caption-style-medium caption-alignment-center\"><img loading=\"lazy\" decoding=\"async\" width=\"1920\" height=\"1078\" src=\"https:\/\/www.greenpeace.org\/static\/planet4-canada-stateless\/af343cc8-sapins.jpg\" alt=\"\" class=\"wp-image-45662\"\/><\/figure>\n\n<p>Se faire passer un sapin est une vieille expression, utilis\u00e9e d\u00e8s le milieu du XXe si\u00e8cle, qui, m\u00e9taphoriquement, signifie escroquer quelqu\u2019un. En fait, elle tire ses origines du sapin baumier qui a tr\u00e8s peu de valeur marchande le plus commun\u00e9ment utilis\u00e9 pour faire le sapin de No\u00ebl au lieu de l\u2019\u00e9pinette, plus feuillue et co\u00fbteuse.&nbsp;<\/p>\n\n<p><strong>L\u2019IMPORTANCE DE LA BIODIVERSIT\u00c9<\/strong><\/p>\n\n<p>Seuls la <a href=\"https:\/\/www.cbc.ca\/news\/canada\/montreal\/quebec-nature-protected-areas-1.5848790\" target=\"_blank\" rel=\"noreferrer noopener\">Colombie-Britannique et le Qu\u00e9bec<\/a> ont dit avoir atteint leur cible de <a href=\"https:\/\/www.greenpeace.org\/canada\/fr\/communique-de-presse\/42066\/sombres-perspectives-en-matiere-de-biodiversite-mondiale-et-le-canada-ne-fait-pas-bonne-figure\/\" target=\"_blank\" rel=\"noreferrer noopener\">17% d\u2019aires prot\u00e9g\u00e9es pour 2020<\/a>. \u00c0 minuit moins une, on a vu le gouvernement du Qu\u00e9bec se h\u00e2ter pour atteindre cette cible, pour ensuite se f\u00e9liciter. Il s\u2019agit d\u2019un beau titre pour la presse, certes, mais au-del\u00e0 du chiffre, a-t-il r\u00e9ellement atteint l\u2019objectif?\u00a0<\/p>\n\n<p>L\u2019objectif primaire des aires prot\u00e9g\u00e9es est de redonner un souffle \u00e0 la biodiversit\u00e9, elle qui est au <a href=\"https:\/\/www.lemonde.fr\/planete\/article\/2018\/03\/23\/sur-tous-les-continents-la-nature-et-le-bien-etre-humain-sont-en-danger_5275433_3244.html\">c\u0153ur de notre survie.<\/a>\u00a0 La biodiversit\u00e9 c\u2019est autant les plantes, les animaux, les for\u00eats, que la diversit\u00e9 g\u00e9n\u00e9tique qui existe en nous. Toutefois, <a href=\"https:\/\/www.nationalgeographic.fr\/environnement\/2020\/09\/biodiversite-68-des-populations-de-vertebres-ont-disparu-en-moins-de-50-ans\" target=\"_blank\" rel=\"noreferrer noopener\">en moins de 50 ans, on a vu 68% des animaux (vert\u00e9br\u00e9s) dispara\u00eetre de la plan\u00e8te \u00e0 tout jamais<\/a>. L\u2019empreinte de nos activit\u00e9s extractives joue un r\u00f4le majeur dans cette statistique. <a href=\"https:\/\/www.thecanadianencyclopedia.ca\/fr\/article\/le-moratoire-sur-la-morue-de-1992\" target=\"_blank\" rel=\"noreferrer noopener\">L\u2019effondrement des stocks de morue sur la c\u00f4te Est du Canada<\/a>, dans les ann\u00e9es 90, est un rappel des cons\u00e9quences de la surexploitation de la nature. Son impact sur la s\u00e9curit\u00e9 alimentaire et l\u2019\u00e9conomie r\u00e9gionale est d\u2019ailleurs toujours ressenti aujourd\u2019hui. <\/p>\n\n<p>La science nous dit qu\u2019il faut prot\u00e9ger, au minimum, 30% des \u00e9cosyst\u00e8mes au Qu\u00e9bec. Il faut une r\u00e9partition g\u00e9n\u00e9reuse pour adresser l\u2019enjeu, mais aussi pour nous permettre un acc\u00e8s \u00e0 la nature, essentiel \u00e0 notre bien-\u00eatre. Ceci dit, <a href=\"https:\/\/www.ledevoir.com\/societe\/environnement\/573154\/le-gouvernement-legault-offre-aussi-aux-forestieres-des-zones-qui-protegeaient-l-habitat-du-caribou\" target=\"_blank\" rel=\"noreferrer noopener\">\u00e0 voir comment avance nos gouvernements<\/a>, ils semblent avoir oubli\u00e9 l\u2019objectif.<\/p>\n\n<p><strong>LES COMMUNAUT\u00c9S OUBLI\u00c9ES&nbsp;<\/strong><\/p>\n\n<p>Ni les <a href=\"https:\/\/ici.radio-canada.ca\/espaces-autochtones\/1758552\/innu-territoire-nitassinan-cris-mashteuiatsh-protection-titres-droits-ancestraux\" target=\"_blank\" rel=\"noreferrer noopener\">neufs communaut\u00e9s innues du Qu\u00e9bec<\/a>, ni les nombreuses communaut\u00e9s vivant dans la zone d\u2019int\u00e9r\u00eat des grandes foresti\u00e8res n\u2019ont trouv\u00e9 leur compte dans l\u2019annonce du gouvernement Legault. Les droits ancestraux des premi\u00e8res n\u2019ont pas \u00e9t\u00e9 respect\u00e9s dans la d\u00e9signation des aires prot\u00e9g\u00e9es. Les demandes sp\u00e9cifiques en mati\u00e8re d\u2019aires prot\u00e9g\u00e9es des secondes<a href=\"https:\/\/plus.lapresse.ca\/screens\/51361e8a-d112-47f8-ae99-e7f360c64061__7C___0.html\" target=\"_blank\" rel=\"noreferrer noopener\"> n\u2019ont pas vu le jour<\/a>. Ces demandes \u00e9taient pourtant fond\u00e9es, et depuis bien longtemps. On parle ici par exemple de secteurs comme le Basili\u00e8res-Kael, le Parc des Sept-Chutes\u00a0 dans les Laurentides, ou les secteurs de la rivi\u00e8re P\u00e9ribonka et du lac K\u00e9nogami, au Saguenay\u2013Lac-Saint-Jean. Ces communaut\u00e9s savent que ces aires permettent de prot\u00e9ger des activit\u00e9s socio-\u00e9conomiques locales (ex: tourisme, cueillettes, et randonn\u00e9es), de subsistance (ex: chasse et p\u00eache), et servent de zones tampons climatiques (comprendre inondations, canicules etc.).<\/p>\n\n<p><strong>UNE STRAT\u00c9GIE PR\u00c9M\u00c9DIT\u00c9E<\/strong><\/p>\n\n<p>M\u00eame en d\u00e9montrant la volont\u00e9 publique et malgr\u00e9 une <a href=\"http:\/\/kaaikop.juliengs.ca\/VCV-Kaaikop-25-sept-2020-simplifie.pdf\" target=\"_blank\" rel=\"noreferrer noopener\">\u00e9tude exhaustive des multiples b\u00e9n\u00e9fices<\/a> pour la r\u00e9gion, des propositions comme celle du Mont-Kaaikop se voient donner le revers de la main de la part du gouvernement. Pourquoi ces communaut\u00e9s attendent-elles toujours? Pourquoi la grande part des aires prot\u00e9g\u00e9es annonc\u00e9es \u00e9tait-elle principalement dans le nord du Qu\u00e9bec? Certainement pour les m\u00eames raisons que celles ayant motiv\u00e9 <a href=\"https:\/\/www.ledevoir.com\/societe\/environnement\/588753\/aire-marine-protegee-abandonnee-a-la-demande-d-acteurs-industriels\" target=\"_blank\" rel=\"noreferrer noopener\">Qu\u00e9bec a retir\u00e9 un refuge marin fr\u00e9quent\u00e9 par les b\u00e9lugas<\/a> de sa liste au Saguenay (un lieu d\u2019int\u00e9r\u00eat pour le <a href=\"https:\/\/www.lapresse.ca\/actualites\/2019-10-15\/40-economistes-sonnent-l-alarme-contre-gnl-quebec\" target=\"_blank\" rel=\"noreferrer noopener\">terminal GNL<\/a>). D\u00e9j\u00e0 en 2018, un document interne du Minist\u00e8re des For\u00eats, de la Faune et des Parcs (MFFP) <a href=\"https:\/\/www.greenpeace.org\/canada\/fr\/communique-de-presse\/44874\/coup-de-balai-necessaire-au-ministere-des-forets-de-la-faune-et-des-parcs\/\" target=\"_blank\" rel=\"noreferrer noopener\">d\u00e9voilait une strat\u00e9gie visant \u00e0 freiner la cr\u00e9ation d\u2019aires prot\u00e9g\u00e9es<\/a> dans 11 r\u00e9gions administratives. On est pris avec un gouvernement qui se plie aux volont\u00e9s des gros industriels.\u00a0<\/p>\n\n<p><strong>LE MINIST\u00c8RE DES FORESTI\u00c8RES<\/strong><\/p>\n\n<p>On parle de for\u00eat publique, mais nul besoin de regarder plus loin que les r\u00e9cents changements au R\u00e9gime Forestier pour comprendre que les int\u00e9r\u00eats du MFFP ne sont pas ceux de l\u2019ensemble de la population. Tout changement au R\u00e9gime n\u00e9cessite l\u2019implication des usagers de la for\u00eat \u2013 et appeler ceci une simple <a rel=\"noreferrer noopener\" href=\"http:\/\/assnat.qc.ca\/fr\/travaux-parlementaires\/commissions\/cte-42-1\/journal-debats\/CTE-200819.html\" target=\"_blank\">\u00ab\u00a0modulation\u00a0\u00bb, comme le dit le Ministre Dufour<\/a>, est jouer sur la s\u00e9mantique et c&rsquo;est esquiver ses obligations. Ni les communaut\u00e9s autochtones, ni l\u2019ensemble des ing\u00e9nieurs forestiers, ni la F\u00e9d\u00e9ration qu\u00e9b\u00e9coise des coop\u00e9ratives foresti\u00e8res, ni le Regroupement des communaut\u00e9s foresti\u00e8res de la F\u00e9d\u00e9ration qu\u00e9b\u00e9coise des municipalit\u00e9s, ni vous ni moi n\u2019avons \u00e9t\u00e9 consult\u00e9\u00b7es. <a rel=\"noreferrer noopener\" href=\"https:\/\/www.lapresse.ca\/actualites\/2020-10-16\/reforme-du-regime-forestier\/des-acteurs-craignent-un-retour-en-arriere.php\" target=\"_blank\">Seul le Conseil de l\u2019industrie foresti\u00e8re du Qu\u00e9bec (CIFQ) fut r\u00e9ellement invit\u00e9 \u00e0 la table de discussion<\/a>. C\u2019est donc dire que quelques gros industriels parlent en notre nom \u00e0 tous\u00b7tes. On comprend mieux\u00a0 pourquoi le MFFP est surnomm\u00e9 le <em>Minist\u00e8re des foresti\u00e8res.<\/em><\/p>\n\n<p>Notons que ces modulations du R\u00e9gime Forestier visent \u00e0 augmenter de 300% les r\u00e9serves de r\u00e9coltes en 2021. Un pr\u00e9curseur pour sa <em>Strat\u00e9gie nationale de production de bois <\/em>qui compte doubler les op\u00e9rations d\u2019ici 2080. Une strat\u00e9gie qui lors des consultations cherchait \u00e0 <a href=\"https:\/\/www.greenpeace.org\/canada\/fr\/histoires\/3774\/donnez-votre-avis-sur-la-strategie-nationale-de-production-de-bois\/\" target=\"_blank\" rel=\"noreferrer noopener\">convertir 25% de nos for\u00eats en aires d\u2019intensification de la production ligneuse (AIPL), c&rsquo;est-\u00e0-dire des for\u00eats artificielles<\/a>. Pour les propri\u00e9taires de for\u00eats priv\u00e9es, vous qui g\u00e9rez mieux la for\u00eat, ne vous \u00e9tonnez pas non plus si on cherche \u00e0 vous couper vos for\u00eats, car il y a une strat\u00e9gie de consolidation pour toujours nourrir les grosses scieries.\u00a0<\/p>\n\n<p><strong>LES INCOH\u00c9RENCES DU GOUVERNEMENT<\/strong><\/p>\n\n<p>Partout \u00e0 travers la Belle Province on entend des histoires o\u00f9 les communaut\u00e9s se font <a href=\"https:\/\/www.greenpeace.org\/canada\/fr\/histoires\/44575\/comment-sauver-votre-coin-de-nature\/\" target=\"_blank\" rel=\"noreferrer noopener\">d\u00e9rober leur coin de nature<\/a>, leur oasis. Le gouvernement cr\u00e9e des aires prot\u00e9g\u00e9es <a href=\"https:\/\/www.lapresse.ca\/actualites\/environnement\/2020-03-10\/des-coupes-forestieres-dans-des-aires-protegees\">pour ensuite les retirer<\/a>. Le gouvernement subventionne des projets, pour ensuite les couper. Un triste exemple de cette incoh\u00e9rence est celui du sentier Par Monts et Vals. Ce sentier forestier de <a href=\"https:\/\/plus.lapresse.ca\/screens\/8448f5ec-509e-4f62-997a-d15a2e1a823d__7C___0.html\" target=\"_blank\" rel=\"noreferrer noopener\">65 km, qui reliait 7 villes et villages, s\u2019est vu d\u00e9cim\u00e9 petit \u00e0 petit ces derni\u00e8res ann\u00e9es par la coupe foresti\u00e8re<\/a>. Pourtant, une d\u00e9cennie plus t\u00f4t, le gouvernement avait inject\u00e9 150,000$ pour la revitalisation de ces sentiers. La grande boucle qui reliait Sainte-Agathe-des-Monts, Ivry-sur-le-Lac, Val-des-Lacs, Lantier, Sainte-Lucie-des-Laurentides, Val-David et Val-Morin, s\u2019est vu perdre des arbres centenaires, les randonneurs et randonneuses, et des petits \u00e9tangs construits par les architectes de la nature: les castors.<\/p>\n\n<p><strong>METTRE LES CHOSES EN PERSPECTIVE<\/strong><\/p>\n\n<p>Le MFFP se donne le <a href=\"https:\/\/www.quebec.ca\/gouv\/ministere\/forets-faune-parcs\/mission-mandats\/\" target=\"_blank\" rel=\"noreferrer noopener\">mandat utilitaire de gestionnaire des animaux et des \u00e9cosyst\u00e8mes forestiers<\/a>. \u00c0 voir le <a href=\"https:\/\/www.lapresse.ca\/debats\/opinions\/2020-03-07\/conservation-du-caribou-forestier-un-nouvel-appel-au-ministre\" target=\"_blank\" rel=\"noreferrer noopener\">caribou au bord de sa tombe<\/a>, \u00e0 voir des projets de conservation mis de c\u00f4t\u00e9 et \u00e0 voir le minist\u00e8re s\u2019endetter annuellement pour subventionner l\u2019industrie foresti\u00e8re, son all\u00e9geance ne semble pas \u00eatre avec la population, ni la plan\u00e8te d\u2019ailleurs.<\/p>\n\n<p>Prot\u00e9ger nos \u00e9cosyst\u00e8mes, c\u2019est prot\u00e9ger ce qui nous prot\u00e8ge. Au-del\u00e0 d\u2019une question morale, on parle de garde-manger, de m\u00e9decine, d\u2019une diversification des \u00e9conomies en r\u00e9gion, de lieux de ressourcement et plus encore. On d\u00e9pend tous\u00b7tes d\u2019un environnement sain et de l\u2019abondance de la nature. La for\u00eat est plus que du simple bois. Pour vous qui cherchez \u00e0 prot\u00e9ger la for\u00eat, pour vous qui cherchez \u00e0 mieux la g\u00e9rer, il faut rester vigilant\u00b7e, car la coupe de toutes for\u00eats priv\u00e9es comme publiques fait d\u00e9sormais partie d\u2019une nouvelle strat\u00e9gie pour nourrir un mod\u00e8le d\u2019affaires qui reste insoutenable, \u00e9cologiquement et \u00e9conomiquement.<\/p>\n\n<p>[Restez \u00e0 l&rsquo;aff\u00fbt pour le prochain blogue de cette s\u00e9rie, qui traitera d\u2019emplois et d\u2019\u00e9conomie]<\/p>\n\t\t\t<section\n\t\t\tclass=\"boxout post-2163 \"\n\t\t\t\n\t\t>\n\t\t\t<a\n\t\t\t\tdata-ga-category=\"Take Action Boxout\"\n\t\t\t\tdata-ga-action=\"Image\"\n\t\t\t\tdata-ga-label=\"n\/a\"\n\t\t\t\tclass=\"cover-card-overlay\"\n\t\t\t\thref=\"https:\/\/www.greenpeace.org\/canada\/fr\/agir\/faites-un-don\/\" \n\t\t\t><\/a>\n\t\t\t\t\t\t\t<img\n\t\t\t\t\t\tsrc=\"https:\/\/www.greenpeace.org\/static\/planet4-canada-stateless\/2018\/06\/GP04IOF-1024x683.jpg\"\n\t\t\t\t\t\tsrcset=\"https:\/\/www.greenpeace.org\/static\/planet4-canada-stateless\/2018\/06\/GP04IOF-300x200.jpg 300w, https:\/\/www.greenpeace.org\/static\/planet4-canada-stateless\/2018\/06\/GP04IOF-768x512.jpg 768w, https:\/\/www.greenpeace.org\/static\/planet4-canada-stateless\/2018\/06\/GP04IOF-1024x683.jpg 1024w, https:\/\/www.greenpeace.org\/static\/planet4-canada-stateless\/2018\/06\/GP04IOF-510x340.jpg 510w, https:\/\/www.greenpeace.org\/static\/planet4-canada-stateless\/2018\/06\/GP04IOF.jpg 1200w\"\n\t\t\t\t\t\tsizes=\"(min-width: 1000px) 358px, (min-width: 780px) 313px, 88px\"\n\t\t\t\t\t\talt=\"Rainbow Warrior Open Boat in Melbourne\" title=\"Rainbow Warrior Open Boat in Melbourne\"\n\t\t\t\t\/>\n            \t\t\t<div class=\"boxout-content\">\n\t\t\t\t\t\t\t\t\t<a\n\t\t\t\t\t\tclass=\"boxout-heading medium\"\n\t\t\t\t\t\tdata-ga-category=\"Take Action Boxout\"\n\t\t\t\t\t\tdata-ga-action=\"Title\"\n\t\t\t\t\t\tdata-ga-label=\"n\/a\"\n\t\t\t\t\t\thref=\"https:\/\/www.greenpeace.org\/canada\/fr\/agir\/faites-un-don\/\"\n\t\t\t\t\t\t\n\t\t\t\t\t>\n\t\t\t\t\t\tFaites un don\n\t\t\t\t\t<\/a>\n\t\t\t\t\t\t\t\t\t\t\t\t\t<p class=\"boxout-excerpt\">Greenpeace est l\u2019une des seules organisations \u00e0 ne pas accepter de financement de la part des gouvernements, d\u2019entreprises ou de partis politiques. C\u2019est ce qui garantit notre libert\u00e9 de parole et d\u2019action face aux puissants industriels et aux gouvernements.<\/p>\n\t\t\t\t                                    <a\n                        class=\"btn btn-primary\"\n                        data-ga-category=\"Take Action Boxout\"\n                        data-ga-action=\"Call to Action\"\n                        data-ga-label=\"n\/a\"\n                        href=\"https:\/\/www.greenpeace.org\/canada\/fr\/agir\/faites-un-don\/\"\n                        \n                    >\n                        Passer \u00e0 l&#039;action\n                    <\/a>\n                \t\t\t<\/div>\n\t\t\t\t\t<\/section>\n\t","protected":false},"excerpt":{"rendered":"<p>Dossier For\u00eat\u00a0<\/p>\n","protected":false},"author":29,"featured_media":45662,"comment_status":"open","ping_status":"open","sticky":false,"template":"","format":"standard","meta":{"ep_exclude_from_search":false,"p4_og_title":"","p4_og_description":"","p4_og_image":"","p4_og_image_id":"","p4_seo_canonical_url":"","p4_campaign_name":"not set","p4_local_project":"not set","p4_basket_name":"not set","p4_department":"","footnotes":""},"categories":[20],"tags":[40,41,43],"p4-page-type":[],"class_list":["post-45601","post","type-post","status-publish","format-standard","has-post-thumbnail","hentry","category-climat","tag-autochtones","tag-climat","tag-forets"],"_links":{"self":[{"href":"https:\/\/www.greenpeace.org\/canada\/fr\/wp-json\/wp\/v2\/posts\/45601","targetHints":{"allow":["GET"]}}],"collection":[{"href":"https:\/\/www.greenpeace.org\/canada\/fr\/wp-json\/wp\/v2\/posts"}],"about":[{"href":"https:\/\/www.greenpeace.org\/canada\/fr\/wp-json\/wp\/v2\/types\/post"}],"author":[{"embeddable":true,"href":"https:\/\/www.greenpeace.org\/canada\/fr\/wp-json\/wp\/v2\/users\/29"}],"replies":[{"embeddable":true,"href":"https:\/\/www.greenpeace.org\/canada\/fr\/wp-json\/wp\/v2\/comments?post=45601"}],"version-history":[{"count":18,"href":"https:\/\/www.greenpeace.org\/canada\/fr\/wp-json\/wp\/v2\/posts\/45601\/revisions"}],"predecessor-version":[{"id":51191,"href":"https:\/\/www.greenpeace.org\/canada\/fr\/wp-json\/wp\/v2\/posts\/45601\/revisions\/51191"}],"wp:featuredmedia":[{"embeddable":true,"href":"https:\/\/www.greenpeace.org\/canada\/fr\/wp-json\/wp\/v2\/media\/45662"}],"wp:attachment":[{"href":"https:\/\/www.greenpeace.org\/canada\/fr\/wp-json\/wp\/v2\/media?parent=45601"}],"wp:term":[{"taxonomy":"category","embeddable":true,"href":"https:\/\/www.greenpeace.org\/canada\/fr\/wp-json\/wp\/v2\/categories?post=45601"},{"taxonomy":"post_tag","embeddable":true,"href":"https:\/\/www.greenpeace.org\/canada\/fr\/wp-json\/wp\/v2\/tags?post=45601"},{"taxonomy":"p4-page-type","embeddable":true,"href":"https:\/\/www.greenpeace.org\/canada\/fr\/wp-json\/wp\/v2\/p4-page-type?post=45601"}],"curies":[{"name":"wp","href":"https:\/\/api.w.org\/{rel}","templated":true}]}}