{"id":45814,"date":"2021-01-26T06:00:34","date_gmt":"2021-01-26T11:00:34","guid":{"rendered":"https:\/\/www.greenpeace.org\/canada\/?p=45814"},"modified":"2021-01-25T15:19:09","modified_gmt":"2021-01-25T20:19:09","slug":"une-coalition-de-groupes-representant-plus-de-35-million-de-canadiens-urge-le-gouvernement-a-suivre-lexemple-de-biden-et-annuler-le-projet-trans-mountain","status":"publish","type":"post","link":"https:\/\/www.greenpeace.org\/canada\/fr\/blog-des-volontaires\/45814\/une-coalition-de-groupes-representant-plus-de-35-million-de-canadiens-urge-le-gouvernement-a-suivre-lexemple-de-biden-et-annuler-le-projet-trans-mountain\/","title":{"rendered":"Une coalition de groupes repr\u00e9sentant plus de 3,5 million de Canadiens urge le gouvernement \u00e0 suivre l\u2019exemple de Biden et annuler le projet Trans Mountain"},"content":{"rendered":"\n<p><strong>Ottawa, le 26 janvier 2021 &#8211; <\/strong>Un ensemble de groupes syndicaux, religieux, de professionnels de la sant\u00e9, de scientifiques, de jeunes, d&rsquo;\u00e9cologistes, de citoyen.nes, de travailleurs et traveilleuses en justice sociale et de groupes autochtones repr\u00e9sentant plus de 3,5 millions de Canadien\u00b7nes ont envoy\u00e9 une <a href=\"https:\/\/www.coastprotectors.ca\/follow_biden_s_lead_and_cancel_tmx_say_large_collection_of_groups_representing_three_million_canadians\">lettre<\/a> au Premier ministre Trudeau et \u00e0 l&rsquo;ensemble de son cabinet pour lui demander d&rsquo;annuler le projet d\u2019expansion du pipeline Trans Mountain (TMX). Ce projet financ\u00e9 par les contribuables \u00e0 hauteur de plus de 12,6 milliards de dollars, est en conflit direct avec le plan climatique r\u00e9cemment annonc\u00e9 par le gouvernement f\u00e9d\u00e9ral etne b\u00e9n\u00e9ficie pas du consentement des nations autochtones concern\u00e9es.\u00a0<\/p>\n\n<p>Des groupes, dont M\u00e8res au front, le Syndicat des employ\u00e9s du gouvernement et des services de la Colombie-Britannique, la Coalition \u00e9tudiante pour un virage environnemental et social (CEVES), Amnistie Internationale Canada, le Front commun pour la Transition \u00e9nerg\u00e9tique (FCTE), Leadnow, la F\u00e9d\u00e9ration des travailleurs et des travailleuses du Qu\u00e9bec (FTQ) et l&rsquo;Association canadienne des m\u00e9decins pour l&rsquo;environnement (ACME) figurent parmi les quelques 100 signataires de la lettre, d\u00e9clarent:&nbsp;<\/p>\n\n<p><em>Alors que l&rsquo;administration Biden s&rsquo;appr\u00eate \u00e0 rejoindre l&rsquo;Accord de Paris sur le climat et \u00e0 d\u00e9voiler le plan climatique le plus ambitieux de l&rsquo;histoire am\u00e9ricaine, le Canada sera laiss\u00e9 pour compte s&rsquo;il ne r\u00e8gle pas la contradiction qu&rsquo;il ignore syst\u00e9matiquement depuis 2015 : on ne peut pas r\u00e9soudre la crise climatique tout en construisant de nouveaux pipelines qui entra\u00eeneront l\u2019expansion de la production de p\u00e9trole des sables bitumineux.<\/em><\/p>\n\n<p>Les signataires affirment que les m\u00eames conditions et r\u00e9alit\u00e9s qui ont pouss\u00e9 le pr\u00e9sident Biden \u00e0 annuler Keystone XL &#8211; un prix du p\u00e9trole bas, une urgence climatique qui s&rsquo;aggrave, une \u00e9conomie verte qui se d\u00e9veloppe rapidement &#8211; s&rsquo;appliquent \u00e0 l&rsquo;ol\u00e9oduc Trans Mountain. Ils demandent au Premier ministre Trudeau de se pencher s\u00e9rieusement sur ces r\u00e9alit\u00e9s et sur l&rsquo;analyse de son propre gouvernement qui montre que&nbsp; TMX n&rsquo;est pas n\u00e9cessaire, m\u00eame dans un contexte qui requiert une action climatique mineure.<\/p>\n\n<p class=\"has-text-align-center\">-30-&nbsp;<\/p>\n\n<p><strong>Pour plus d&rsquo;informations, veuillez contacter :<\/strong><\/p>\n\n<p>Loujain Kurdi, Conseill\u00e8re aux communications, Greenpeace Canada, +1 514-577-6657, <a href=\"mailto:loujain.kurdi@greenpeace.org\">loujain.kurdi@greenpeace.org<\/a>&nbsp;<\/p>\n\n<p>Chef Judy Wilson, Premi\u00e8re nation Neskonlith, (250) 320-7738<\/p>\n\n<p>Professeur Thomas Gunton, Programme de planification des ressources et de l&rsquo;environnement<\/p>\n\n<p>Universit\u00e9 Simon Fraser, (250) 477-7601<\/p>\n\n<p>Eugene Kung, avocat, West Coast Environmental Law, (604) 601-2514Jean Laverdi\u00e8re, Directeur des communications, F\u00e9d\u00e9ration des travailleurs et des travailleuses du Qu\u00e9bec, (514) 893-7809, <a href=\"mailto:jlaverdiere@ftq.qc.ca\">jlaverdiere@ftq.qc.ca<\/a><\/p>\n","protected":false},"excerpt":{"rendered":"<p>Ottawa, le 26 janvier 2021 &#8211; Un ensemble de groupes syndicaux, religieux, de professionnels de la sant\u00e9, de scientifiques, de jeunes, d&rsquo;\u00e9cologistes, de citoyen.nes, de travailleurs et traveilleuses en justice sociale et de groupes autochtones repr\u00e9sentant plus de 3,5 millions de Canadien\u00b7nes ont envoy\u00e9 une lettre au Premier ministre Trudeau et \u00e0 l&rsquo;ensemble de son cabinet pour lui demander d&rsquo;annuler le projet d\u2019expansion du pipeline Trans Mountain (TMX). <\/p>\n","protected":false},"author":19,"featured_media":28855,"comment_status":"open","ping_status":"open","sticky":false,"template":"","format":"standard","meta":{"ep_exclude_from_search":false,"p4_og_title":"","p4_og_description":"","p4_og_image":"","p4_og_image_id":"","p4_seo_canonical_url":"","p4_campaign_name":"not set","p4_local_project":"not set","p4_basket_name":"not set","p4_department":"","footnotes":""},"categories":[20],"tags":[40,41,43,46,47,49,83],"p4-page-type":[],"class_list":["post-45814","post","type-post","status-publish","format-standard","has-post-thumbnail","hentry","category-climat","tag-autochtones","tag-climat","tag-forets","tag-oceans-fr","tag-petrole","tag-solutionsenergetiques","tag-consommation"],"_links":{"self":[{"href":"https:\/\/www.greenpeace.org\/canada\/fr\/wp-json\/wp\/v2\/posts\/45814","targetHints":{"allow":["GET"]}}],"collection":[{"href":"https:\/\/www.greenpeace.org\/canada\/fr\/wp-json\/wp\/v2\/posts"}],"about":[{"href":"https:\/\/www.greenpeace.org\/canada\/fr\/wp-json\/wp\/v2\/types\/post"}],"author":[{"embeddable":true,"href":"https:\/\/www.greenpeace.org\/canada\/fr\/wp-json\/wp\/v2\/users\/19"}],"replies":[{"embeddable":true,"href":"https:\/\/www.greenpeace.org\/canada\/fr\/wp-json\/wp\/v2\/comments?post=45814"}],"version-history":[{"count":1,"href":"https:\/\/www.greenpeace.org\/canada\/fr\/wp-json\/wp\/v2\/posts\/45814\/revisions"}],"predecessor-version":[{"id":45815,"href":"https:\/\/www.greenpeace.org\/canada\/fr\/wp-json\/wp\/v2\/posts\/45814\/revisions\/45815"}],"wp:featuredmedia":[{"embeddable":true,"href":"https:\/\/www.greenpeace.org\/canada\/fr\/wp-json\/wp\/v2\/media\/28855"}],"wp:attachment":[{"href":"https:\/\/www.greenpeace.org\/canada\/fr\/wp-json\/wp\/v2\/media?parent=45814"}],"wp:term":[{"taxonomy":"category","embeddable":true,"href":"https:\/\/www.greenpeace.org\/canada\/fr\/wp-json\/wp\/v2\/categories?post=45814"},{"taxonomy":"post_tag","embeddable":true,"href":"https:\/\/www.greenpeace.org\/canada\/fr\/wp-json\/wp\/v2\/tags?post=45814"},{"taxonomy":"p4-page-type","embeddable":true,"href":"https:\/\/www.greenpeace.org\/canada\/fr\/wp-json\/wp\/v2\/p4-page-type?post=45814"}],"curies":[{"name":"wp","href":"https:\/\/api.w.org\/{rel}","templated":true}]}}