{"id":45943,"date":"2021-02-02T17:19:43","date_gmt":"2021-02-02T22:19:43","guid":{"rendered":"https:\/\/www.greenpeace.org\/canada\/?p=45943"},"modified":"2021-12-06T06:23:47","modified_gmt":"2021-12-06T11:23:47","slug":"reponse-du-gouvernement-petition-amazonie-laisse-beaucoup-a-desirer","status":"publish","type":"post","link":"https:\/\/www.greenpeace.org\/canada\/fr\/blog-des-volontaires\/45943\/reponse-du-gouvernement-petition-amazonie-laisse-beaucoup-a-desirer\/","title":{"rendered":"La r\u00e9ponse du gouvernement \u00e0 notre p\u00e9tition sur l\u2019Amazonie laisse beaucoup \u00e0 d\u00e9sirer"},"content":{"rendered":"\n<p>La p\u00e9tition que vous avez sign\u00e9e pour prot\u00e9ger la for\u00eat amazonienne a \u00e9t\u00e9 <a href=\"https:\/\/www.greenpeace.org\/canada\/fr\/histoires\/45038\/lavenir-de-la-foret-amazonienne-se-joue-maintenant\/\">lue \u00e0 la Chambre des communes<\/a> le 7 d\u00e9cembre dernier. Et c\u2019est le 25 janvier que le gouvernement f\u00e9d\u00e9ral <a href=\"https:\/\/petitions.noscommunes.ca\/fr\/Petition\/Details?Petition=e-2957\">a formellement r\u00e9pondu \u00e0 nos revendications<\/a>.<\/p>\n\n<p>Mais cette r\u00e9ponse reste largement insuffisante.<\/p>\n\n<figure class=\"wp-block-image size-large caption-style-medium caption-alignment-center\"><img loading=\"lazy\" decoding=\"async\" width=\"1024\" height=\"682\" src=\"https:\/\/www.greenpeace.org\/static\/planet4-canada-stateless\/2021\/02\/540ca701-20201001_gp_amazon_petition_nt_05-1024x682.jpg\" alt=\"\" class=\"wp-image-45944\" srcset=\"https:\/\/www.greenpeace.org\/static\/planet4-canada-stateless\/2021\/02\/540ca701-20201001_gp_amazon_petition_nt_05-1024x682.jpg 1024w, https:\/\/www.greenpeace.org\/static\/planet4-canada-stateless\/2021\/02\/540ca701-20201001_gp_amazon_petition_nt_05-300x200.jpg 300w, https:\/\/www.greenpeace.org\/static\/planet4-canada-stateless\/2021\/02\/540ca701-20201001_gp_amazon_petition_nt_05-768x512.jpg 768w, https:\/\/www.greenpeace.org\/static\/planet4-canada-stateless\/2021\/02\/540ca701-20201001_gp_amazon_petition_nt_05-1536x1024.jpg 1536w, https:\/\/www.greenpeace.org\/static\/planet4-canada-stateless\/2021\/02\/540ca701-20201001_gp_amazon_petition_nt_05-510x340.jpg 510w, https:\/\/www.greenpeace.org\/static\/planet4-canada-stateless\/2021\/02\/540ca701-20201001_gp_amazon_petition_nt_05.jpg 2000w\" sizes=\"auto, (max-width: 1024px) 100vw, 1024px\" \/><figcaption>D\u00e9p\u00f4t de la p\u00e9tition sur la Colline parlementaire en octobre 2020.<div class=\"credit icon-left\"> \u00a9 Nhattan Nguyen<\/div><\/figcaption><\/figure>\n\n<p>La for\u00eat amazonienne continue d\u2019\u00eatre <a href=\"https:\/\/www.greenpeace.org\/canada\/fr\/histoires\/41738\/amazonie-bolsonaro-cheptel-bovin-abc-de-destruction\/\">d\u00e9truite \u00e0 un rythme alarmant<\/a> dans le but expr\u00e8s de lib\u00e9rer des terrains pour l\u2019\u00e9levage de b\u00e9tail et l\u2019agriculture industrielle. En plus d\u2019encourager cette pratique, le pr\u00e9sident d\u2019extr\u00eame-droite Jair Bolsonaro affaiblit syst\u00e9matiquement les m\u00e9canismes de protection de l\u2019environnement et des peuples autochtones du Br\u00e9sil. Mais au lieu de prendre une position ferme \u00e0 cet \u00e9gard, le gouvernement canadien se contente de r\u00e9ponses \u00e9vasives qui ne convainquent personne et n\u2019inciteront certainement pas Bolsonaro \u00e0 faire marche arri\u00e8re.<\/p>\n\n<p>Voici ce que nous avons obtenu du ministre des Affaires \u00e9trang\u00e8res&nbsp;:<\/p>\n\n<h3 class=\"wp-block-heading\">Premi\u00e8re revendication<\/h3>\n\n<p><em>Nous, soussign\u00e9.es, citoyen.nes et r\u00e9sident.es du Canada, prions le ministre des Affaires \u00e9trang\u00e8res de :<\/em><em><br><\/em><em>1) Mettre imm\u00e9diatement un terme aux n\u00e9gociations en vue de la conclusion d\u2019un accord de libre-\u00e9change entre le Canada et le Mercosur.<\/em><\/p>\n\n<h3 class=\"wp-block-heading\">R\u00e9ponse obtenue<\/h3>\n\n<p>Circulez, il n\u2019y a rien \u00e0 voir! Le gouvernement lib\u00e9ral continue de perp\u00e9tuer le mythe selon lequel ces n\u00e9gociations pourraient mener \u00e0 un accord acceptable. Mais aucune disposition ni clause en petits caract\u00e8res n\u2019en changera les fondements :<\/p>\n\n<ol class=\"wp-block-list\"><li>Cet accord favoriserait le commerce de produits agricoles directement associ\u00e9s \u00e0 la destruction de l\u2019Amazonie.<\/li><li>En \u00e9tablissant un tel partenariat, le gouvernement canadien contribuerait \u00e0 l\u00e9gitimer un gouvernement qui affaiblit syst\u00e9matiquement les m\u00e9canismes de protection de l\u2019environnement et des peuples autochtones.<\/li><\/ol>\n\n<h3 class=\"wp-block-heading\">Seconde revendication<\/h3>\n\n<p><em>2) Faire une d\u00e9claration publique selon laquelle l\u2019assaut donn\u00e9 par le gouvernement Bolsonaro contre l\u2019environnement et les droits de la personne est inacceptable pour le Canada.<\/em><\/p>\n\n<h3 class=\"wp-block-heading\">R\u00e9ponse obtenue<\/h3>\n\n<p>D\u2019apr\u00e8s le ministre, le Canada a \u00ab&nbsp;exprim\u00e9 ses pr\u00e9occupations au gouvernement f\u00e9d\u00e9ral et aux gouvernement d\u2019\u00c9tats du Br\u00e9sil concernant les feux de for\u00eat et la d\u00e9forestation&nbsp;\u00bb. Or, le gouvernement canadien n\u2019a pris aucune position ferme concernant ces atteintes \u00e0 l\u2019environnement et aux droits humains, et il n\u2019a annonc\u00e9 aucune intention de prendre position dans l\u2019avenir.<\/p>\n\n<p>Pis encore, le gouvernement canadien se fait complice du gouvernement Bolsonaro lorsque celui-ci tente de minimiser la d\u00e9forestation et d\u2019embellir son bilan environnemental. Selon le ministre, l\u2019ambassadrice du Canada \u00ab&nbsp;a particip\u00e9 \u00e0 une mission organis\u00e9e par le gouvernement du Br\u00e9sil afin de constater les effets de la d\u00e9forestation en Amazonie et les efforts pour lutter contre cette pratique&nbsp;\u00bb. Greenpeace Canada a pourtant <a href=\"https:\/\/www.greenpeace.org\/canada\/fr\/communique-de-presse\/44466\/greenpeace-canada-demande-au-gouvernement-canadien-rejeter-invitation-a-tournee-de-greenwashing-en-amazonie\/\">demand\u00e9 au gouvernement canadien de refuser cette invitation<\/a>, parce que l\u2019itin\u00e9raire choisi \u00e9vitait <em>de facto<\/em> les zones les plus touch\u00e9es et que cette tourn\u00e9e visait essentiellement \u00e0 faire de la propagande.<\/p>\n\n<h3 class=\"wp-block-heading\">Prochaines \u00e9tapes<\/h3>\n\n<p>La for\u00eat amazonienne approche du <a href=\"https:\/\/news.mongabay.com\/2019\/12\/the-tipping-point-is-here-it-is-now-top-amazon-scientists-warn\/\">point de bascule<\/a> et nous risquons de la perdre \u00e0 tout jamais. Le gouvernement lib\u00e9ral doit montrer qu\u2019il prend la conservation de ce vaste \u00e9cosyst\u00e8me au s\u00e9rieux et s\u2019engager \u00e0 prot\u00e9ger les centaines de communaut\u00e9s autochtones qui y habitent. Il doit envoyer un message clair et sans \u00e9quivoque au gouvernement Bolsonaro, en mettant fin imm\u00e9diatement aux n\u00e9gociations de libre-\u00e9change entre le Canada et le Mercosur.<\/p>\n\n<p>Nous continuerons de faire campagne ensemble jusqu\u2019\u00e0 ce que ce soit chose faite.<\/p>\n\n<div class=\"wp-block-buttons is-content-justification-center is-layout-flex wp-block-buttons-is-layout-flex\">\n<div class=\"wp-block-button is-style-cta\"><a class=\"wp-block-button__link\" href=\"https:\/\/act.greenpeace.ca\/fr-ca\/amazonie-accord-libre-echange-mercosur\">SIGNEZ LA P\u00c9TITION<\/a><\/div>\n<\/div>\n<div class=\"EmptyMessage\">Block content is empty. Check the block&rsquo;s settings or remove it.<\/div>","protected":false},"excerpt":{"rendered":"<p>Le gouvernement f\u00e9d\u00e9ral a formellement r\u00e9pondu \u00e0 nos revendications. Mais cette r\u00e9ponse reste largement insuffisante.<\/p>\n","protected":false},"author":59,"featured_media":45944,"comment_status":"open","ping_status":"open","sticky":false,"template":"","format":"standard","meta":{"ep_exclude_from_search":false,"p4_og_title":"","p4_og_description":"","p4_og_image":"","p4_og_image_id":"","p4_seo_canonical_url":"","p4_campaign_name":"not set","p4_local_project":"not set","p4_basket_name":"not set","p4_department":"","footnotes":""},"categories":[19],"tags":[38,40,41,43],"p4-page-type":[],"class_list":["post-45943","post","type-post","status-publish","format-standard","has-post-thumbnail","hentry","category-nature-fr","tag-alimentation","tag-autochtones","tag-climat","tag-forets"],"_links":{"self":[{"href":"https:\/\/www.greenpeace.org\/canada\/fr\/wp-json\/wp\/v2\/posts\/45943","targetHints":{"allow":["GET"]}}],"collection":[{"href":"https:\/\/www.greenpeace.org\/canada\/fr\/wp-json\/wp\/v2\/posts"}],"about":[{"href":"https:\/\/www.greenpeace.org\/canada\/fr\/wp-json\/wp\/v2\/types\/post"}],"author":[{"embeddable":true,"href":"https:\/\/www.greenpeace.org\/canada\/fr\/wp-json\/wp\/v2\/users\/59"}],"replies":[{"embeddable":true,"href":"https:\/\/www.greenpeace.org\/canada\/fr\/wp-json\/wp\/v2\/comments?post=45943"}],"version-history":[{"count":7,"href":"https:\/\/www.greenpeace.org\/canada\/fr\/wp-json\/wp\/v2\/posts\/45943\/revisions"}],"predecessor-version":[{"id":51183,"href":"https:\/\/www.greenpeace.org\/canada\/fr\/wp-json\/wp\/v2\/posts\/45943\/revisions\/51183"}],"wp:featuredmedia":[{"embeddable":true,"href":"https:\/\/www.greenpeace.org\/canada\/fr\/wp-json\/wp\/v2\/media\/45944"}],"wp:attachment":[{"href":"https:\/\/www.greenpeace.org\/canada\/fr\/wp-json\/wp\/v2\/media?parent=45943"}],"wp:term":[{"taxonomy":"category","embeddable":true,"href":"https:\/\/www.greenpeace.org\/canada\/fr\/wp-json\/wp\/v2\/categories?post=45943"},{"taxonomy":"post_tag","embeddable":true,"href":"https:\/\/www.greenpeace.org\/canada\/fr\/wp-json\/wp\/v2\/tags?post=45943"},{"taxonomy":"p4-page-type","embeddable":true,"href":"https:\/\/www.greenpeace.org\/canada\/fr\/wp-json\/wp\/v2\/p4-page-type?post=45943"}],"curies":[{"name":"wp","href":"https:\/\/api.w.org\/{rel}","templated":true}]}}