{"id":45960,"date":"2021-02-04T11:45:00","date_gmt":"2021-02-04T16:45:00","guid":{"rendered":"https:\/\/www.greenpeace.org\/canada\/?p=45960"},"modified":"2021-02-08T10:57:39","modified_gmt":"2021-02-08T15:57:39","slug":"reaction-de-greenpeace-a-la-concretisation-du-projet-eolien-apuiat","status":"publish","type":"post","link":"https:\/\/www.greenpeace.org\/canada\/fr\/blog-des-volontaires\/45960\/reaction-de-greenpeace-a-la-concretisation-du-projet-eolien-apuiat\/","title":{"rendered":"R\u00e9action de Greenpeace \u00e0 la concr\u00e9tisation du projet \u00e9olien Apuiat"},"content":{"rendered":"\n<figure class=\"wp-block-image size-large  caption-style-medium caption-alignment-center\"><img loading=\"lazy\" decoding=\"async\" width=\"1024\" height=\"480\" src=\"https:\/\/www.greenpeace.org\/static\/planet4-canada-stateless\/2021\/02\/fdf49a38-screen-shot-2021-02-08-at-10.52.01-am-1024x480.png\" alt=\"\" class=\"wp-image-45961\" srcset=\"https:\/\/www.greenpeace.org\/static\/planet4-canada-stateless\/2021\/02\/fdf49a38-screen-shot-2021-02-08-at-10.52.01-am-1024x480.png 1024w, https:\/\/www.greenpeace.org\/static\/planet4-canada-stateless\/2021\/02\/fdf49a38-screen-shot-2021-02-08-at-10.52.01-am-300x141.png 300w, https:\/\/www.greenpeace.org\/static\/planet4-canada-stateless\/2021\/02\/fdf49a38-screen-shot-2021-02-08-at-10.52.01-am-768x360.png 768w, https:\/\/www.greenpeace.org\/static\/planet4-canada-stateless\/2021\/02\/fdf49a38-screen-shot-2021-02-08-at-10.52.01-am-510x239.png 510w, https:\/\/www.greenpeace.org\/static\/planet4-canada-stateless\/2021\/02\/fdf49a38-screen-shot-2021-02-08-at-10.52.01-am.png 1306w\" sizes=\"auto, (max-width: 1024px) 100vw, 1024px\" \/><\/figure>\n\n<h4 class=\"wp-block-heading\">R\u00e9action de Greenpeace \u00e0 la concr\u00e9tisation du projet \u00e9olien Apuiat<\/h4>\n\n<p><strong>MONTR\u00c9AL <\/strong>\u2013 En r\u00e9action \u00e0 l&rsquo;annonce de la concr\u00e9tisation du projet \u00e9olien <a href=\"https:\/\/www.newswire.ca\/fr\/news-releases\/partenariat-historique-avec-la-nation-innue-le-quebec-va-de-l-avant-avec-l-important-projet-eolien-apuiat-de-200-mw-828878655.html\" target=\"_blank\" rel=\"noreferrer noopener\">Apuiat<\/a>, Patrick Bonin, responsable de la campagne Climat-\u00c9nergie \u00e0 Greenpeace, a d\u00e9clar\u00e9:<\/p>\n\n<p>\u00ab Nous f\u00e9licitons les Innus qui travaillent depuis plusieurs ann\u00e9es sur ce projet et saluons le gouvernement Legault qui, dans ce cas-ci, a choisi de favoriser une relance \u00e9conomique bas\u00e9e sur les \u00e9nergies renouvelables. Cette \u00e9nergie \u00e9olienne devra toutefois servir \u00e0 d\u00e9carboner la soci\u00e9t\u00e9 et non \u00e0 alimenter des projets d&rsquo;hydrocarbures comme GNL Qu\u00e9bec. Au-del\u00e0 de la bonne nouvelle d\u2019aujourd\u2019hui, nous rappelons que l&rsquo;efficacit\u00e9 \u00e9nerg\u00e9tique et l\u2019\u00e9conomie d\u2019\u00e9nergie devraient \u00eatre la priorit\u00e9 du gouvernement et d\u2019Hydro-Qu\u00e9bec alors qu\u2019il reste beaucoup de travail \u00e0 faire dans ce domaine. \u00bb<\/p>\n\n<p class=\"has-text-align-center\">-30-<\/p>\n\n<p><strong>Pour plus d\u2019information, veuillez contacter:<\/strong><\/p>\n\n<p>Laura Bergamo, Greenpeace Canada<\/p>\n\n<p><a href=\"mailto:laura.bergamo@greenpeace.org\" target=\"_blank\" rel=\"noreferrer noopener\">laura.bergamo@greenpeace.org<\/a>&nbsp;; +1 438 928-5237<\/p>\n\n<p><\/p>\n","protected":false},"excerpt":{"rendered":"<p>MONTR\u00c9AL \u2013 En r\u00e9action \u00e0 l&rsquo;annonce de la concr\u00e9tisation du projet \u00e9olien Apuiat, Patrick Bonin, responsable de la campagne Climat-\u00c9nergie \u00e0 Greenpeace, a d\u00e9clar\u00e9:<\/p>\n","protected":false},"author":77,"featured_media":45963,"comment_status":"open","ping_status":"open","sticky":false,"template":"","format":"standard","meta":{"ep_exclude_from_search":false,"p4_og_title":"R\u00e9action de Greenpeace \u00e0 la concr\u00e9tisation du projet \u00e9olien Apuiat","p4_og_description":"MONTR\u00c9AL \u2013 En r\u00e9action \u00e0 l'annonce de la concr\u00e9tisation du projet \u00e9olien Apuiat, Patrick Bonin, responsable de la campagne Climat-\u00c9nergie \u00e0 Greenpeace, a d\u00e9clar\u00e9:","p4_og_image":"https:\/\/www.greenpeace.org\/static\/planet4-canada-stateless\/2021\/02\/92ce2062-screen-shot-2021-02-08-at-10.52.01-am.png","p4_og_image_id":"45963","p4_seo_canonical_url":"","p4_campaign_name":"not set","p4_local_project":"not set","p4_basket_name":"not set","p4_department":"","footnotes":""},"categories":[20,19,21],"tags":[40,41,49],"p4-page-type":[],"class_list":["post-45960","post","type-post","status-publish","format-standard","has-post-thumbnail","hentry","category-climat","category-nature-fr","category-vivre-de-facon-durable","tag-autochtones","tag-climat","tag-solutionsenergetiques"],"_links":{"self":[{"href":"https:\/\/www.greenpeace.org\/canada\/fr\/wp-json\/wp\/v2\/posts\/45960","targetHints":{"allow":["GET"]}}],"collection":[{"href":"https:\/\/www.greenpeace.org\/canada\/fr\/wp-json\/wp\/v2\/posts"}],"about":[{"href":"https:\/\/www.greenpeace.org\/canada\/fr\/wp-json\/wp\/v2\/types\/post"}],"author":[{"embeddable":true,"href":"https:\/\/www.greenpeace.org\/canada\/fr\/wp-json\/wp\/v2\/users\/77"}],"replies":[{"embeddable":true,"href":"https:\/\/www.greenpeace.org\/canada\/fr\/wp-json\/wp\/v2\/comments?post=45960"}],"version-history":[{"count":2,"href":"https:\/\/www.greenpeace.org\/canada\/fr\/wp-json\/wp\/v2\/posts\/45960\/revisions"}],"predecessor-version":[{"id":45966,"href":"https:\/\/www.greenpeace.org\/canada\/fr\/wp-json\/wp\/v2\/posts\/45960\/revisions\/45966"}],"wp:featuredmedia":[{"embeddable":true,"href":"https:\/\/www.greenpeace.org\/canada\/fr\/wp-json\/wp\/v2\/media\/45963"}],"wp:attachment":[{"href":"https:\/\/www.greenpeace.org\/canada\/fr\/wp-json\/wp\/v2\/media?parent=45960"}],"wp:term":[{"taxonomy":"category","embeddable":true,"href":"https:\/\/www.greenpeace.org\/canada\/fr\/wp-json\/wp\/v2\/categories?post=45960"},{"taxonomy":"post_tag","embeddable":true,"href":"https:\/\/www.greenpeace.org\/canada\/fr\/wp-json\/wp\/v2\/tags?post=45960"},{"taxonomy":"p4-page-type","embeddable":true,"href":"https:\/\/www.greenpeace.org\/canada\/fr\/wp-json\/wp\/v2\/p4-page-type?post=45960"}],"curies":[{"name":"wp","href":"https:\/\/api.w.org\/{rel}","templated":true}]}}