{"id":46050,"date":"2021-02-16T15:48:18","date_gmt":"2021-02-16T20:48:18","guid":{"rendered":"https:\/\/www.greenpeace.org\/canada\/?p=46050"},"modified":"2025-07-28T04:58:12","modified_gmt":"2025-07-28T08:58:12","slug":"donnez-votre-avis-sur-le-budget-federal-le-plus-important-de-votre-vie-et-exigez-de-justin-trudeau-des-plans-de-relance-sans-energies-fossiles","status":"publish","type":"post","link":"https:\/\/www.greenpeace.org\/canada\/fr\/story\/46050\/donnez-votre-avis-sur-le-budget-federal-le-plus-important-de-votre-vie-et-exigez-de-justin-trudeau-des-plans-de-relance-sans-energies-fossiles\/","title":{"rendered":"Donnez votre avis sur le budget f\u00e9d\u00e9ral le plus important de votre vie et exigez de Justin Trudeau des plans de relance sans \u00e9nergies fossiles!"},"content":{"rendered":"\n<p>Le moment est venu pour le gouvernement Trudeau de prouver que ses grandes ambitions \u2018vertes\u2019 ne sont pas des paroles en l\u2019air. Le budget f\u00e9d\u00e9ral est attendu le mois prochain, nous saurons si les <a href=\"https:\/\/www.greenpeace.org\/canada\/fr\/histoires\/42541\/discours-du-trone-du-blabla-ou-des-bonnes-nouvelles\/\">promesses all\u00e9chantes du Discours du Tr\u00f4ne <\/a>se concr\u00e9tiseront en investissements sonnants et tr\u00e9buchants.<\/p>\n\n<p>La ministre des Finances Chrystia Freeland <a href=\"https:\/\/www.theglobeandmail.com\/politics\/article-freeland-launches-consultations-on-2021-budget-says-it-will-be-most\/\">l\u2019a dit elle-m\u00eame<\/a> \u201cle budget 2021 sera le plus important de nos vies.\u201d<\/p>\n\n<p>En pr\u00e9vision, le gouvernement lib\u00e9ral a lanc\u00e9 une consultation pr\u00e9budg\u00e9taire en ligne\u2026 une parfaite occasion de vous faire entendre! Avec la tenue probable d&rsquo;une \u00e9lection cette ann\u00e9e, le budget 20201 pourrait s\u2019av\u00e9rer un moment politique d\u00e9cisif. Comme sp\u00e9cifi\u00e9 sur le site <a href=\"https:\/\/parlonsbudget2021.ca\/consultations_prebudgetaires\">Parlons Budget 2021<\/a> \u201c<em>Vos commentaires seront pr\u00e9sent\u00e9s \u00e0 la vice-premi\u00e8re ministre et ministre des Finances, \u00e0 la ministre de la Prosp\u00e9rit\u00e9 de la classe moyenne et ministre associ\u00e9e des Finances, au secr\u00e9taire parlementaire et aux repr\u00e9sentants minist\u00e9riels. Ces personnes examineront vos commentaires, en plus des recherches que les \u00e9conomistes du minist\u00e8re des Finances ont effectu\u00e9es pour contribuer \u00e0 \u00e9clairer les d\u00e9cisions sur le prochain budget f\u00e9d\u00e9ral.\u201d<\/em><\/p>\n\n<p>\u00c0 vous de jouer: \u00e9clairez le gouvernement Trudeau sur les d\u00e9cisions qu\u2019il faut prendre pour prot\u00e9ger la nature et des communaut\u00e9s r\u00e9silientes en deux \u00e9tapes faciles:<\/p>\n\n<ul class=\"wp-block-list\"><li><a href=\"https:\/\/www.greenpeace.org\/canada\/fr\/histoires\/46050\/donnez-votre-avis-sur-le-budget-federal-le-plus-important-de-votre-vie-et-exigez-de-justin-trudeau-des-plans-de-relance-sans-energies-fossiles#option1\">Vous pouvez participer \u00e0 la consultation<\/a> (5min)<\/li><li><a href=\"https:\/\/www.greenpeace.org\/canada\/fr\/histoires\/46050\/donnez-votre-avis-sur-le-budget-federal-le-plus-important-de-votre-vie-et-exigez-de-justin-trudeau-des-plans-de-relance-sans-energies-fossiles#option2\">Vous pouvez aller r\u00e9pondre au gouvernement f\u00e9d\u00e9ral directement sur Twitter et leur dire ce que vous voulez financer en utilisant le hashtag #VotreBudget <\/a>(30 sec)<\/li><\/ul>\n\n<h2 class=\"wp-block-heading\" id=\"option1\">Option 1: Remplir le <a href=\"https:\/\/parlonsbudget2021.ca\/consultations_prebudgetaires\">questionnaire de la consultation pr\u00e9budg\u00e9taire<\/a> pour le bien des communaut\u00e9s et de la plan\u00e8te<\/h2>\n\n<p>En 2020, nous avons fait campagne pour des plans de relance justes et verts pour nous remettre de la COVID-19 et nous avons \u00e9mis une <a href=\"https:\/\/www.greenpeace.org\/canada\/fr\/histoires\/40389\/quest-ce-quun-changement-systemique-et-comment-pouvons-nous-mieux-reconstruire-apres-la-covid-19\/\">feuille de route visant \u00e0 construire une \u00e9conomie forte, durable et \u00e9quitable<\/a>. Nous avons \u00e9galement formul\u00e9 des <a href=\"https:\/\/www.greenpeace.org\/canada\/fr\/histoires\/42541\/discours-du-trone-du-blabla-ou-des-bonnes-nouvelles\/\">recommandations<\/a> \u00e0 l\u2019occasion de la rentr\u00e9e parlementaire du gouvernement Trudeau en septembre dernier.&nbsp;<\/p>\n\n<p><strong>Nous avons r\u00e9sum\u00e9 nos recommandations ci-dessous pour vous aider \u00e0 remplir le <a href=\"https:\/\/parlonsbudget2021.ca\/consultations_prebudgetaires\">questionnaire<\/a>. Ce dernier comporte des sections pour recueillir vos commentaires, ainsi que des options permettant de s\u00e9lectionner \u00ab\u00a0Autre\u00a0\u00bb: c\u2019est dans ces champs que vous pourrez copier et coller vos recommandations pr\u00e9f\u00e9r\u00e9es et autres commentaires personnels.<\/strong><\/p>\n\n<section class=\"block accordion-block wp-block-planet4-blocks-accordion\"><header><h2 class=\"page-section-header\">Nos recommandations pour le Budget f\u00e9d\u00e9ral 2021<\/h2><\/header><div class=\"accordion-content\"><div class=\"accordion-headline\" name=\"1. Prot\u00e9ger l\u2019environnement\">1. Prot\u00e9ger l\u2019environnement<\/div><div class=\"panel panel-hidden\"><p class=\"accordion-text\">\u00b7 Une strat\u00e9gie de d\u00e9carbonisation de l\u2019\u00e9conomie d\u2019ici \u00e0 2040.\u00a0<br>\u00b7 Des plans pour prot\u00e9ger 30% des sols, des oc\u00e9ans et des r\u00e9serves d\u2019eau douce d\u2019ici 2030. L\u2019expansion des infrastructures pi\u00e9tonnes et cyclables, et des r\u00e9seaux de transports en communs \u00e9lectriques.\u00a0<br>\u00b7 Des plans pour amorcer la transition des constructeurs automobiles vers l\u2019\u00e9lectrique d\u2019ici 2030. La construction de logements sociaux ou abordables, \u00e0 faible empreinte carbone pour les communaut\u00e9s vuln\u00e9rables.\u00a0<br>\u00b7 La transition des employ\u00e9\u00b7es des \u00e9nergies fossiles, la cr\u00e9ation d\u2019emplois pour la r\u00e9habilitation d\u2019\u00e9cosyst\u00e8mes naturels essentiels et d\u00e9grad\u00e9s, en agriculture communautaire et r\u00e9g\u00e9n\u00e9rative.\u00a0<br>\u00b7 La prise de mesures visant \u00e0 b\u00e2tir une \u00e9conomie v\u00e9ritablement circulaire, encourageant les innovations en mati\u00e8re de z\u00e9ro d\u00e9chet et\u00a0 interdisant les plastiques \u00e0 usage unique.<\/p><\/div><\/div><\/section>\n\n<section class=\"block accordion-block wp-block-planet4-blocks-accordion\"><div class=\"accordion-content\"><div class=\"accordion-headline\" name=\"2. Am\u00e9liorer le filet de s\u00e9curit\u00e9 sociale\">2. Am\u00e9liorer le filet de s\u00e9curit\u00e9 sociale<\/div><div class=\"panel panel-hidden\"><p class=\"accordion-text\">\u00b7 Un salaire viable et un revenu de base universel.<br>\u00b7 Un programme national de services de garde.\u00a0<br>\u00b7 Un programme national d\u2019assurance-m\u00e9dicaments.\u00a0<br>\u00b7 Un programme national de cong\u00e9 maladie.<br>\u00b7 Des conditions de travail s\u00e9curitaires pour le personnel soignant.<\/p><\/div><\/div><\/section>\n\n<section class=\"block accordion-block wp-block-planet4-blocks-accordion\"><div class=\"accordion-content\"><div class=\"accordion-headline\" name=\"3. Droits des femmes, des Peuples autochtones et des personnes racis\u00e9es\">3. Droits des femmes, des Peuples autochtones et des personnes racis\u00e9es<\/div><div class=\"panel panel-hidden\"><p class=\"accordion-text\">\u00b7 Prendre des mesures pour att\u00e9nuer la r\u00e9cession au f\u00e9minin, garantir un salaire \u00e9gal et une meilleure s\u00e9curit\u00e9 d\u2019emploi pour toutes les femmes.<br>\u00b7 Respecter les droits des Peuples autochtones, mettre en \u0153uvre la r\u00e9conciliation, assurer la justice pour les <a href=\"https:\/\/www.mmiwg-ffada.ca\/fr\/\">FFADA<\/a>, garantir l\u2019acc\u00e8s \u00e0 l\u2019eau potable et \u00e0 des logements d\u00e9cents.<br>\u00b7 D\u00e9financer la GRC et investir dans des programmes de sant\u00e9 mentale pour les populations racis\u00e9es.\u00a0<br>\u00b7 Accorder la citoyennet\u00e9 et de meilleures conditions d\u2019emploi aux personnes migrantes.<\/p><\/div><\/div><\/section>\n\n<section class=\"block accordion-block wp-block-planet4-blocks-accordion\"><div class=\"accordion-content\"><div class=\"accordion-headline\" name=\"4. Financer une relance juste et verte\">4. Financer une relance juste et verte<\/div><div class=\"panel panel-hidden\"><p class=\"accordion-text\">\u00b7 \u00c9tablir un imp\u00f4t sur la fortune.\u00a0<br>\u00b7 Interdire les paradis fiscaux<br>\u00b7 Cesser de subventionner l\u2019industrie des \u00e9nergies fossiles.\u00a0<br>\u00b7 Annuler la construction du pipeline Trans Mountain.\u00a0<br>\u00b7 Obliger les grands pollueurs \u00e0 payer leur juste part pour financer les efforts de lutte aux changements climatiques.<\/p><\/div><\/div><\/section>\n\n<h2 class=\"wp-block-heading\" id=\"option2\">Option 2: R\u00e9pondre au gouvernement lib\u00e9ral directement sur Twitter et lui dire ce que vous voulez financer avec #VotreBudget<\/h2>\n\n<p>Le gouvernement vous invite aussi participer \u00e0 la conversation sur Twitter <a href=\"https:\/\/twitter.com\/hashtag\/VotreBudget?src=hashtag_click\">#VotreBudget<\/a>, pourquoi ne pas y faire un tour en ajoutant vos contributions? Vous pouvez utilisez l\u2019un des tweets ci-dessous ou bien cr\u00e9er les v\u00f4tres en utilisant le hashtag #VotreBudget pour dire au gouvernement Trudeau de tenir ses promesses pour une relance juste et verte ou bien de mettre en vigueur les recommandations que nous avons cit\u00e9es plus haut.<\/p>\n\n<style>\n  .tweet {\n    position: relative;\n    margin: 10px 0 10px 64px;\n    padding: 10px;\n    background: #ffffff;\n    font-size: 15px;\n    white-space: pre-wrap;\n    font-family: system-ui, -apple-system, BlinkMacSystemFont, \"Segoe UI\", Roboto, Ubuntu, \"Helvetica Neue\", sans-serif;\n    line-height: 1.3125;\n  }\n  .tweet::before {\n    position: absolute;\n    left: -59px;\n    background-image: url(\"https:\/\/www.thefutureoftransportconference.com\/images\/twitter.png\");\n    background-repeat: no-repeat;\n    background-size: 49px 49px;\n    width: 49px;\n    height: 49px;\n    content: \"\";\n    display: block;\n    float: left;\n    border-radius: 32px;\n  }\n\n  .twitter-mention, .twitter-link {\n    color: rgb(42, 163, 239);\n  }\n\n  .twitter-hashtag {\n    font-weight: bold;\n  }\n  .twitter-image {\n    max-width: 100%;\n    width: 300px;\n  }\n\n  .float-me-right {\n    float: right;\n  }\n  .click-to-tweet-btn {\n    text-align: right;\n  }\n  .click-to-tweet-btn a {\n    font-size: 15px;\n    font-weight: bold;\n    font-family: system-ui, -apple-system, BlinkMacSystemFont, \"Segoe UI\", Roboto, Ubuntu, \"Helvetica Neue\", sans-serif;\n    color: white;\n    background-color: rgb(29, 161, 242);\n    transition-property: background-color;\n    transition-duration: 0.2s;\n    user-select: none;\n    padding: 8px 15px;\n    border-radius: 9999px;\n  }\n  .click-to-tweet-btn a:hover {\n    background-color: rgb(26, 145, 218);\n  }\n<\/style>\n\n<div class=\"tweet\">\n  <span class=\"twitter-hashtag\">#VotreBudget<\/span>, notre avenir.\n<span class=\"twitter-mention\">@fincancescanada<\/span> <span class=\"twitter-mention\">@cafreeland<\/span> investissez maintenant pour prot\u00e9ger la nature et le climat, en commen\u00e7ant par:\n??Annuler Trans Mountain\n??Impl\u00e9menter UNDRIP\n?Transition juste\n<span class=\"twitter-hashtag\">#RelanceJuste<\/span> <span class=\"twitter-hashtag\">#polcan<\/span> <span class=\"twitter-hashtag\">#Budget2021<\/span> <span class=\"twitter-mention\">@greenpeaceQC<\/span> <span class=\"twitter-link\">https:\/\/act.gp\/3bdYiWw<\/span>\n<\/div>\n<div class=\"click-to-tweet-btn\">\n  <a href=\"https:\/\/twitter.com\/intent\/tweet?text=%23VotreBudget%2C%20notre%20avenir.%0A%40fincancescanada%20%40cafreeland%20investissez%20maintenant%20pour%20prot%C3%A9ger%20la%20nature%20et%20le%20climat%2C%20en%20commen%C3%A7ant%20par%3A%0A%F0%9F%91%89%F0%9F%8F%BFAnnuler%20Trans%20Mountain%0A%F0%9F%91%89%F0%9F%8F%BEImpl%C3%A9menter%20UNDRIP%0A%F0%9F%91%89Transition%20juste%0A%23RelanceJuste%20%23polcan%20%23Budget2021%20%40greenpeaceQC%20https%3A%2F%2Fact.gp%2F3bdYiWw\">Tweet<\/a>\n<\/div>\n\n<div class=\"tweet\">\n  <span class=\"twitter-hashtag\">#Budget2021<\/span>, l\u2019heure de v\u00e9rit\u00e9 pour le gouvernement Trudeau.\nAllez-vous tenir vos promesses pour une <span class=\"twitter-hashtag\">#RelanceJuste<\/span>?\n<span class=\"twitter-mention\">@financescanada<\/span> nous attendons des investissements pour les communaut\u00e9s, le climat et la nature.\n<span class=\"twitter-hashtag\">#VotreBudget<\/span> <span class=\"twitter-hashtag\">#polcan<\/span> <span class=\"twitter-mention\">@greenpeaceQC<\/span> <span class=\"twitter-link\">https:\/\/act.gp\/3prfQn4<\/span>\n<\/div>\n<div class=\"click-to-tweet-btn\">\n  <a href=\"https:\/\/twitter.com\/intent\/tweet?text=%23Budget2021%2C%20l%E2%80%99heure%20de%20v%C3%A9rit%C3%A9%20pour%20le%20gouvernement%20Trudeau.%0AAllez-vous%20tenir%20vos%20promesses%20pour%20une%20%23RelanceJuste%3F%0A%40financescanada%20nous%20attendons%20des%20investissements%20pour%20les%20communaut%C3%A9s%2C%20le%20climat%20et%20la%20nature.%0A%23VotreBudget%20%23polcan%20%40greenpeaceQC%20https%3A%2F%2Fact.gp%2F3prfQn4\">Tweet<\/a>\n<\/div>\n\n<p>Vous pouvez aussi engager une conversation directement avec <a href=\"https:\/\/twitter.com\/financesCanada\">@FinancesCanada<\/a> ou avec <a href=\"https:\/\/twitter.com\/cafreeland\">Mme Chrystia Freeland<\/a>, la vice-premi\u00e8re ministre et ministre des Finances.<\/p>\n\n<h2 class=\"wp-block-heading\">Une troisi\u00e8me option en bonus?&nbsp;<\/h2>\n\n<p><a href=\"https:\/\/act.greenpeace.org\/page\/60162\/action\/1?locale=fr-CA\">Envoyez un courriel \u00e0 votre d\u00e9put\u00e9\u00b7e pour lui dire que le budget 2021 est une opportunit\u00e9 unique de nous attaquer \u00e0 la crise climatique et aux in\u00e9galit\u00e9s expos\u00e9es par la pand\u00e9mie.<\/a><\/p>\n\n<div class=\"wp-block-buttons aligncenter is-layout-flex wp-block-buttons-is-layout-flex\">\n<div class=\"wp-block-button is-style-cta\"><a class=\"wp-block-button__link\" href=\"https:\/\/act.greenpeace.org\/page\/60162\/action\/1?locale=fr-CA\">AJOUTEZ VOTRE NOM<\/a><\/div>\n<\/div>\n<div class=\"EmptyMessage\">Block content is empty. Check the block&rsquo;s settings or remove it.<\/div>","protected":false},"excerpt":{"rendered":"<p>Le moment est venu pour le gouvernement Trudeau de prouver que ses grandes ambitions \u2018vertes\u2019 ne sont pas des paroles en l\u2019air. Le budget f\u00e9d\u00e9ral est attendu le mois prochain, nous saurons si les promesses all\u00e9chantes du Discours du Tr\u00f4ne se concr\u00e9tiseront en investissements sonnants et tr\u00e9buchants.<\/p>\n","protected":false},"author":50,"featured_media":46057,"comment_status":"open","ping_status":"open","sticky":false,"template":"","format":"standard","meta":{"ep_exclude_from_search":false,"p4_og_title":"","p4_og_description":"","p4_og_image":"","p4_og_image_id":"","p4_seo_canonical_url":"","p4_campaign_name":"not set","p4_local_project":"not set","p4_basket_name":"not set","p4_department":"","footnotes":""},"categories":[4],"tags":[41,47],"p4-page-type":[16],"class_list":["post-46050","post","type-post","status-publish","format-standard","has-post-thumbnail","hentry","category-climate","tag-climat","tag-petrole","p4-page-type-story"],"_links":{"self":[{"href":"https:\/\/www.greenpeace.org\/canada\/fr\/wp-json\/wp\/v2\/posts\/46050","targetHints":{"allow":["GET"]}}],"collection":[{"href":"https:\/\/www.greenpeace.org\/canada\/fr\/wp-json\/wp\/v2\/posts"}],"about":[{"href":"https:\/\/www.greenpeace.org\/canada\/fr\/wp-json\/wp\/v2\/types\/post"}],"author":[{"embeddable":true,"href":"https:\/\/www.greenpeace.org\/canada\/fr\/wp-json\/wp\/v2\/users\/50"}],"replies":[{"embeddable":true,"href":"https:\/\/www.greenpeace.org\/canada\/fr\/wp-json\/wp\/v2\/comments?post=46050"}],"version-history":[{"count":13,"href":"https:\/\/www.greenpeace.org\/canada\/fr\/wp-json\/wp\/v2\/posts\/46050\/revisions"}],"predecessor-version":[{"id":71644,"href":"https:\/\/www.greenpeace.org\/canada\/fr\/wp-json\/wp\/v2\/posts\/46050\/revisions\/71644"}],"wp:featuredmedia":[{"embeddable":true,"href":"https:\/\/www.greenpeace.org\/canada\/fr\/wp-json\/wp\/v2\/media\/46057"}],"wp:attachment":[{"href":"https:\/\/www.greenpeace.org\/canada\/fr\/wp-json\/wp\/v2\/media?parent=46050"}],"wp:term":[{"taxonomy":"category","embeddable":true,"href":"https:\/\/www.greenpeace.org\/canada\/fr\/wp-json\/wp\/v2\/categories?post=46050"},{"taxonomy":"post_tag","embeddable":true,"href":"https:\/\/www.greenpeace.org\/canada\/fr\/wp-json\/wp\/v2\/tags?post=46050"},{"taxonomy":"p4-page-type","embeddable":true,"href":"https:\/\/www.greenpeace.org\/canada\/fr\/wp-json\/wp\/v2\/p4-page-type?post=46050"}],"curies":[{"name":"wp","href":"https:\/\/api.w.org\/{rel}","templated":true}]}}