{"id":46141,"date":"2021-02-24T12:31:02","date_gmt":"2021-02-24T17:31:02","guid":{"rendered":"https:\/\/www.greenpeace.org\/canada\/?p=46141"},"modified":"2021-02-24T12:31:05","modified_gmt":"2021-02-24T17:31:05","slug":"greenpeace-inquiete-davoir-un-ministre-de-lenvironnement-a-mi-temps","status":"publish","type":"post","link":"https:\/\/www.greenpeace.org\/canada\/fr\/blog-des-volontaires\/46141\/greenpeace-inquiete-davoir-un-ministre-de-lenvironnement-a-mi-temps\/","title":{"rendered":"Greenpeace inqui\u00e8te d\u2019avoir un ministre de l\u2019Environnement \u00e0 \u2018mi-temps\u2019"},"content":{"rendered":"\n<p>En r\u00e9action \u00e0 la <a rel=\"noreferrer noopener\" href=\"https:\/\/www.lapresse.ca\/actualites\/politique\/2021-02-24\/charette-sera-nomme-ministre-responsable-de-la-lutte-contre-le-racisme.php\" target=\"_blank\">nomination<\/a> du ministre Charette comme ministre responsable de la lutte contre le racisme en plus de ses responsabilit\u00e9s \u00e0 l\u2019Environnement et \u00e0 la Lutte contre les changements climatiques, <strong>Patrick Bonin, Responsable de la campagne Climat-\u00c9nergie chez Greenpeace<\/strong>, a d\u00e9clar\u00e9:<\/p>\n\n<p>\u00ab \u00a0Il faut plut\u00f4t\u00a0 des ministres qui luttent \u00e0 plein temps contre ces deux crises. Nous sommes <a rel=\"noreferrer noopener\" href=\"http:\/\/xn--renvers-hya.es\/\" target=\"_blank\">renvers\u00e9.es<\/a> et <a rel=\"noreferrer noopener\" href=\"http:\/\/abasourdi.es\/\" target=\"_blank\">abasourdi.es<\/a> que le Qu\u00e9bec se retrouve avec un ministre de l&rsquo;Environnement \u00a0\u2018\u00e0 mi-temps\u2019. C\u2019est du jamais vu et \u00e7a d\u00e9montre que ce gouvernement n\u2019a toujours pas pris conscience de l\u2019ampleur et des liens entre les crises climatique, sociale et de la perte de la biodiversit\u00e9 auxquelles nous faisons face.\u00a0<\/p>\n\n<p>Au moment o\u00f9 le gouvernement dit vouloir faire une relance \u00e9conomique verte, il est aberrant de constater que le Qu\u00e9bec se retrouve avec un <em>demi-ministre<\/em> \u00e0 l\u2019Environnement, alors qu\u2019il aura un ministre de plus \u00e0 l\u2019\u00e9conomie comme en t\u00e9moigne le \u201ctrio \u00e9conomique\u201d (annonc\u00e9 par M.Legault aujourd\u2019hui).&nbsp; Avec un ministre coup\u00e9 en deux, Fran\u00e7ois Legault minimise \u00e0 la fois la n\u00e9cessit\u00e9 de lutter contre les changements climatiques et de lutter contre le racisme au Qu\u00e9bec.&nbsp;<\/p>\n\n<p>Cette d\u00e9cision est un autre pas en arri\u00e8re puisque le Plan vert du gouvernement Legault ne permet d\u2019atteindre <a href=\"https:\/\/www.journaldequebec.com\/2020\/11\/16\/en-direct-quebec-presente-son-plan-pour-une-economie-verte\" target=\"_blank\" rel=\"noreferrer noopener\">que 42% des objectifs<\/a> de r\u00e9duction des GES pour 2030 et que ces objectifs sont bien en de\u00e7\u00e0 de ce qu\u2019exige la science. Alors que le Qu\u00e9bec n\u2019en fait pas assez dans la lutte aux changements climatiques ni pour l\u2019am\u00e9lioration de la qualit\u00e9 de l\u2019air ou la protection de de la biodiversit\u00e9 et de l\u2019eau, le gouvernement Legault vient affaiblir davantage le minist\u00e8re de l\u2019Environnement.&nbsp;<\/p>\n\n<p>De toute \u00e9vidence, le gouvernement Legault n\u2019a pas saisi que nous faisons face \u00e0 une crise climatique. Elle va \u00e0 contre-courant des pays de l\u2019ONU qui<a href=\"https:\/\/www.un.org\/press\/fr\/2021\/sc14445.doc.htm\" target=\"_blank\" rel=\"noreferrer noopener\"> reconnaissent<\/a> que les changements climatiques sont une menace pour notre s\u00e9curit\u00e9 et que celle-ci n\u00e9cessite une r\u00e9ponse gouvernementale \u00e9quivalente \u00e0 celle d\u00e9ploy\u00e9e pour r\u00e9gler la crise de la COVID-19.<\/p>\n\n<p>Par ailleurs, au-del\u00e0 du fait que le ministre serait \u2018\u00e0 mi-temps\u2019 pour l\u2019environnement alors que cette t\u00e2che requiert toute son attention, il est r\u00e9voltant que le gouvernement ne reconnaisse toujours pas que le racisme syst\u00e9mique existe au Qu\u00e9bec, bien que plusieurs <a href=\"http:\/\/expert.es\/\" target=\"_blank\" rel=\"noreferrer noopener\">expert.es<\/a> se soient <a href=\"http:\/\/xn--prononc-hya.es\/\" target=\"_blank\" rel=\"noreferrer noopener\">prononc\u00e9.es<\/a> l\u00e0-dessus. Ne pas reconna\u00eetre le racisme syst\u00e9mique et le racisme environnemental va \u00e0 l\u2019encontre de la pr\u00e9tendue volont\u00e9 du gouvernement de contribuer \u00e0 une relance verte et juste.&nbsp;<\/p>\n\n<p>Quant aux comp\u00e9tences et \u00e0 la cr\u00e9dibilit\u00e9 de M. Charette dans son nouveau poste de ministre responsable de la lutte contre le racisme, nous pr\u00e9f\u00e9rons laisser la place aux organisations qui m\u00e8nent ce dossier pour qu\u2019elles commentent. \u00bb<\/p>\n\n<p class=\"has-text-align-center\">-30-<\/p>\n\n<p><strong>Pour plus d\u2019information, veuillez contacter:<\/strong><\/p>\n\n<p>Loujain Kurdi, Conseill\u00e8re aux communications, Greenpeace Canada,&nbsp;<\/p>\n\n<p>+1 514 577-6657, <a href=\"mailto:loujain.kurdi@greenpeace.org\" target=\"_blank\" rel=\"noreferrer noopener\">loujain.kurdi@greenpeace.org<\/a>&nbsp;<\/p>\n","protected":false},"excerpt":{"rendered":"<p>Il faut plut\u00f4t  des ministres qui luttent \u00e0 plein temps contre ces deux crises. Nous sommes renvers\u00e9.es et abasourdi.es que le Qu\u00e9bec se retrouve avec un ministre de l&rsquo;Environnement  \u2018\u00e0 mi-temps\u2019. C\u2019est du jamais vu et \u00e7a d\u00e9montre que ce gouvernement n\u2019a toujours pas pris conscience de l\u2019ampleur et des liens entre les crises climatique, sociale et de la perte de la biodiversit\u00e9 auxquelles nous faisons face. <\/p>\n","protected":false},"author":19,"featured_media":46142,"comment_status":"open","ping_status":"open","sticky":false,"template":"","format":"standard","meta":{"ep_exclude_from_search":false,"p4_og_title":"","p4_og_description":"","p4_og_image":"","p4_og_image_id":"","p4_seo_canonical_url":"","p4_campaign_name":"not set","p4_local_project":"not set","p4_basket_name":"not set","p4_department":"","footnotes":""},"categories":[21],"tags":[41,49],"p4-page-type":[],"class_list":["post-46141","post","type-post","status-publish","format-standard","has-post-thumbnail","hentry","category-vivre-de-facon-durable","tag-climat","tag-solutionsenergetiques"],"_links":{"self":[{"href":"https:\/\/www.greenpeace.org\/canada\/fr\/wp-json\/wp\/v2\/posts\/46141","targetHints":{"allow":["GET"]}}],"collection":[{"href":"https:\/\/www.greenpeace.org\/canada\/fr\/wp-json\/wp\/v2\/posts"}],"about":[{"href":"https:\/\/www.greenpeace.org\/canada\/fr\/wp-json\/wp\/v2\/types\/post"}],"author":[{"embeddable":true,"href":"https:\/\/www.greenpeace.org\/canada\/fr\/wp-json\/wp\/v2\/users\/19"}],"replies":[{"embeddable":true,"href":"https:\/\/www.greenpeace.org\/canada\/fr\/wp-json\/wp\/v2\/comments?post=46141"}],"version-history":[{"count":1,"href":"https:\/\/www.greenpeace.org\/canada\/fr\/wp-json\/wp\/v2\/posts\/46141\/revisions"}],"predecessor-version":[{"id":46144,"href":"https:\/\/www.greenpeace.org\/canada\/fr\/wp-json\/wp\/v2\/posts\/46141\/revisions\/46144"}],"wp:featuredmedia":[{"embeddable":true,"href":"https:\/\/www.greenpeace.org\/canada\/fr\/wp-json\/wp\/v2\/media\/46142"}],"wp:attachment":[{"href":"https:\/\/www.greenpeace.org\/canada\/fr\/wp-json\/wp\/v2\/media?parent=46141"}],"wp:term":[{"taxonomy":"category","embeddable":true,"href":"https:\/\/www.greenpeace.org\/canada\/fr\/wp-json\/wp\/v2\/categories?post=46141"},{"taxonomy":"post_tag","embeddable":true,"href":"https:\/\/www.greenpeace.org\/canada\/fr\/wp-json\/wp\/v2\/tags?post=46141"},{"taxonomy":"p4-page-type","embeddable":true,"href":"https:\/\/www.greenpeace.org\/canada\/fr\/wp-json\/wp\/v2\/p4-page-type?post=46141"}],"curies":[{"name":"wp","href":"https:\/\/api.w.org\/{rel}","templated":true}]}}